{"id":262006,"date":"2025-04-16T10:20:00","date_gmt":"2025-04-16T08:20:00","guid":{"rendered":"https:\/\/www.tucomarca.com\/wordpress\/segunda\/?p=262006"},"modified":"2025-04-16T10:25:55","modified_gmt":"2025-04-16T08:25:55","slug":"bunyol-dona-principi-a-la-setmana-santa-2025-una-setmana-de-tradicio-i-devocio","status":"publish","type":"post","link":"https:\/\/www.tucomarca.com\/wordpress\/segunda\/ca\/bunyol-dona-principi-a-la-setmana-santa-2025-una-setmana-de-tradicio-i-devocio\/","title":{"rendered":"Bunyol dona principi a la Setmana Santa 2025: una setmana de tradici\u00f3 i devoci\u00f3"},"content":{"rendered":"\n<p>Bunyol es prepara per a viure amb intensitat i recolliment una de les setmanes m\u00e9s significatives del calendari lit\u00fargic cristi\u00e0. Aquest diumenge 13 d&#8217;abril es di\u00f3 el tret d&#8217;eixida als actes de Setmana Santa 2025, un per\u00edode de reflexi\u00f3 i renovaci\u00f3 de la fe, organitzat per les parr\u00f2quies locals amb la participaci\u00f3 activa de clavaries, confrares i ve\u00efnatge del municipi.<\/p>\n\n\n\n<p><strong>Dimecres Sant \u2013 16 d&#8217;abril<\/strong><\/p>\n\n\n\n<ul class=\"wp-block-list\">\n<li>22.00 h: Process\u00f3 del Silenci, amb eixida des de l&#8217;Esgl\u00e9sia de Sant Rafael fins a la Parr\u00f2quia La nostra Senyora dels Dolores.<\/li>\n<\/ul>\n\n\n\n<p><strong>Dijous Sant \u2013 17 d&#8217;abril<\/strong><\/p>\n\n\n\n<ul class=\"wp-block-list\">\n<li>18.30 h: Celebraci\u00f3 del Sopar del Senyor.<\/li>\n\n\n\n<li>22.30 h: Hora Santa.<\/li>\n<\/ul>\n\n\n\n<p><strong>Divendres Sant \u2013 18 d&#8217;abril<\/strong><\/p>\n\n\n\n<ul class=\"wp-block-list\">\n<li>10.30 h: Viacrucis per l&#8217;itinerari tradicional.<\/li>\n\n\n\n<li>18.00 h: Celebraci\u00f3 de la Passi\u00f3 del Senyor.<\/li>\n\n\n\n<li>21.15 h: Process\u00f3 del Sant Enterrament, des de la Parr\u00f2quia de Sant Pere Ap\u00f3stol amb acompanyament de clavaries i confrares. Finalitza amb el cant dels Gojos a la Verge en la Parr\u00f2quia.<\/li>\n<\/ul>\n\n\n\n<p><strong>Dissabte de Gloria \u2013 19 d&#8217;abril<\/strong><\/p>\n\n\n\n<ul class=\"wp-block-list\">\n<li>20.00 h: Solemne Vig\u00edlia Pasqual i posterior celebraci\u00f3 del &#8220;Anyell Pasqual&#8221;.<\/li>\n<\/ul>\n\n\n\n<p><strong>Diumenge de Pasqua \u2013 20 d&#8217;abril<\/strong><\/p>\n\n\n\n<ul class=\"wp-block-list\">\n<li>9.00 h: Santa Trobada \u201cArrempuj\u00f3n\u201d en la Pla\u00e7a del Castell i posterior Solemne Eucaristia de Pasqua en la Parr\u00f2quia La nostra Senyora dels Dolores.<\/li>\n\n\n\n<li>12.00 h: Segona Eucaristia de Pasqua en la mateixa parr\u00f2quia.<\/li>\n<\/ul>\n\n\n\n<p>Enguany, el programa compta amb la col\u00b7laboraci\u00f3 activa dels clavar\u00edos i confrares d&#8217;honor, les figures del qual representen el comprom\u00eds i la continu\u00eftat d&#8217;aquesta tradici\u00f3 religiosa a Bunyol.<\/p>\n\n\n\n<p>Des de les parr\u00f2quies es convida a tota la ciutadania a participar en els actes lit\u00fargics, processons i celebracions, fomentant aix\u00ed una viv\u00e8ncia plena i comunit\u00e0ria de la fe cristiana en aquests dies sant<\/p>\n\n\n\n<p><strong>Clavaris:<\/strong><\/p>\n\n\n\n<ul class=\"wp-block-list\">\n<li>Carlos Avi\u00f1\u00f3 Hern\u00e1ndez<\/li>\n\n\n\n<li>Elvira Monz\u00f3ns L\u00f3pez<\/li>\n\n\n\n<li>Viorel Serban<\/li>\n\n\n\n<li>Elena Ortiz Miralles<\/li>\n\n\n\n<li>Fran Rubio Cercos<\/li>\n\n\n\n<li>M\u00aa \u00c1ngeles Masmano Ort\u00edz<\/li>\n\n\n\n<li>M\u00aa Carmen Cervera P\u00e9rez<\/li>\n\n\n\n<li>Vicente Hern\u00e1ndez Ort\u00edz<\/li>\n\n\n\n<li>Beltr\u00e1n Hern\u00e1ndez Cervera<\/li>\n\n\n\n<li>Vicente Hern\u00e1ndez Cervera<br><\/li>\n<\/ul>\n\n\n\n<p><strong>Cofrares d<\/strong>&#8216;<strong>Honor:<\/strong><\/p>\n\n\n\n<ul class=\"wp-block-list\">\n<li>Fernando Hern\u00e1ndez Carri\u00f3n<\/li>\n\n\n\n<li>Conchita Guijarro Faubell<\/li>\n\n\n\n<li>Francisco Ferrer Fuentes<\/li>\n<\/ul>\n","protected":false},"excerpt":{"rendered":"<div class=\"mh-excerpt\">Bunyol es prepara per a viure amb intensitat i recolliment una de les setmanes m\u00e9s significatives del calendari lit\u00fargic cristi\u00e0. Aquest diumenge 13 d&#8217;abril es di\u00f3 el tret d&#8217;eixida als actes de Setmana Santa 2025, <a class=\"mh-excerpt-more\" href=\"https:\/\/www.tucomarca.com\/wordpress\/segunda\/ca\/bunyol-dona-principi-a-la-setmana-santa-2025-una-setmana-de-tradicio-i-devocio\/\" title=\"Bunyol dona principi a la Setmana Santa 2025: una setmana de tradici\u00f3 i devoci\u00f3\">[+] <\/a><\/div>\n","protected":false},"author":12,"featured_media":216608,"comment_status":"open","ping_status":"open","sticky":false,"template":"","format":"standard","meta":{"footnotes":""},"categories":[11019,10911,10894,10912,11007,10896],"tags":[10913,10914,11991],"class_list":{"0":"post-262006","1":"post","2":"type-post","3":"status-publish","4":"format-standard","5":"has-post-thumbnail","7":"category-agenda-ca","8":"category-bunol-ca","9":"category-la-comarca-ca","10":"category-la-hoya-ca","11":"category-ocio-y-cultura-ca","12":"category-seccion-ca","13":"tag-bunol-ca","14":"tag-la-hoya-de-bunol-chiva-ca","15":"tag-semana-santa-ca"},"_links":{"self":[{"href":"https:\/\/www.tucomarca.com\/wordpress\/segunda\/ca\/wp-json\/wp\/v2\/posts\/262006","targetHints":{"allow":["GET"]}}],"collection":[{"href":"https:\/\/www.tucomarca.com\/wordpress\/segunda\/ca\/wp-json\/wp\/v2\/posts"}],"about":[{"href":"https:\/\/www.tucomarca.com\/wordpress\/segunda\/ca\/wp-json\/wp\/v2\/types\/post"}],"author":[{"embeddable":true,"href":"https:\/\/www.tucomarca.com\/wordpress\/segunda\/ca\/wp-json\/wp\/v2\/users\/12"}],"replies":[{"embeddable":true,"href":"https:\/\/www.tucomarca.com\/wordpress\/segunda\/ca\/wp-json\/wp\/v2\/comments?post=262006"}],"version-history":[{"count":0,"href":"https:\/\/www.tucomarca.com\/wordpress\/segunda\/ca\/wp-json\/wp\/v2\/posts\/262006\/revisions"}],"wp:featuredmedia":[{"embeddable":true,"href":"https:\/\/www.tucomarca.com\/wordpress\/segunda\/ca\/wp-json\/wp\/v2\/media\/216608"}],"wp:attachment":[{"href":"https:\/\/www.tucomarca.com\/wordpress\/segunda\/ca\/wp-json\/wp\/v2\/media?parent=262006"}],"wp:term":[{"taxonomy":"category","embeddable":true,"href":"https:\/\/www.tucomarca.com\/wordpress\/segunda\/ca\/wp-json\/wp\/v2\/categories?post=262006"},{"taxonomy":"post_tag","embeddable":true,"href":"https:\/\/www.tucomarca.com\/wordpress\/segunda\/ca\/wp-json\/wp\/v2\/tags?post=262006"}],"curies":[{"name":"wp","href":"https:\/\/api.w.org\/{rel}","templated":true}]}}