{"id":262034,"date":"2025-04-15T09:58:00","date_gmt":"2025-04-15T07:58:00","guid":{"rendered":"https:\/\/www.tucomarca.com\/wordpress\/segunda\/?p=262034"},"modified":"2025-04-15T19:56:59","modified_gmt":"2025-04-15T17:56:59","slug":"la-diputacio-dona-un-any-mes-als-municipis-de-la-foia-de-bunyol-xiva-per-a-acabar-19-obres-pendents-del-pla-dinversions-22-23","status":"publish","type":"post","link":"https:\/\/www.tucomarca.com\/wordpress\/segunda\/ca\/la-diputacio-dona-un-any-mes-als-municipis-de-la-foia-de-bunyol-xiva-per-a-acabar-19-obres-pendents-del-pla-dinversions-22-23\/","title":{"rendered":"La Diputaci\u00f3 dona un any m\u00e9s als municipis de la Foia de Bunyol-Xiva per a acabar 19 obres pendents del Pla d&#8217;Inversions 22-23"},"content":{"rendered":"\n<h3 class=\"wp-block-heading\"><strong>L&#8217;\u00e0rea de Cooperaci\u00f3 que coordina la vicepresidenta Nat\u00e0lia Enguix porta al ple d&#8217;abril una proposta per a canviar la data l\u00edmit d&#8217;execuci\u00f3 de les obres del pla: del 12 d&#8217;agost de 2025 al 30 de setembre de 2026<\/strong>.<\/h3>\n\n\n\n<h3 class=\"wp-block-heading\"><strong>A la comarca hi ha huit municipis amb obres sense finalitzar. En total, 2,5 milions pendents de pagament per projectes en fase d&#8217;adjudicaci\u00f3, m\u00e9s desenes d&#8217;obres a falta de certificaci\u00f3. Ayora, a la comarca ve\u00efna del Valle, acumula altres cinc projectes valorats en 235.000 euros<\/strong>.<\/h3>\n\n\n\n<h3 class=\"wp-block-heading\"><strong><strong>La intenci\u00f3 del president Momp\u00f3 i la vicepresidenta Enguix \u00e9s completar les actuacions, condicionades per la dana i la baixa execuci\u00f3 de l&#8217;anterior legislatura, i que es quede en els municipis \u201cfins a l&#8217;\u00faltim euro\u201d<\/strong><\/strong>.<\/h3>\n\n\n\n<p>Els huit municipis de l&#8217;Hoya de Bu\u00f1ol-Chiva amb projectes pendents del Pla d&#8217;Inversions 2022-23 de la Diputaci\u00f3 de Val\u00e8ncia disposaran d&#8217;un any m\u00e9s per a executar i justificar les actuacions, que suposen 2.562.679 euros nom\u00e9s en obres en proc\u00e9s de documentaci\u00f3 i adjudicaci\u00f3, a les quals caldria sumar altres sol\u00b7licituds aprovades en l&#8217;\u00faltim pla de l&#8217;anterior legislatura que encara no s&#8217;han acabat de justificar. \u201cL&#8217;objectiu de la pr\u00f2rroga \u00e9s facilitar als ajuntaments el proc\u00e9s perqu\u00e8 finalitzen les obres i es quede en els municipis fins a l&#8217;\u00faltim euro\u201d, coincidixen tant el president, Vicent Momp\u00f3, com la vicepresidenta primera, Nat\u00e0lia Enguix.<\/p>\n\n\n\n<p>L&#8217;Hoya t\u00e9 en proc\u00e9s d&#8217;adjudicaci\u00f3 19 projectes de l&#8217;\u00faltim programa inversor de la passada legislatura, heretat per l&#8217;actual equip de govern provincial amb \u201cun nivell d&#8217;execuci\u00f3 baix que s&#8217;ha complicat amb els problemes derivats de la dana\u201d, apunta Enguix, responsable de Cooperaci\u00f3 Municipal. Encara que la proposta de pr\u00f2rroga, aprovada en el ple d&#8217;abril, beneficiar\u00e0 a tots els municipis hagen resultat afectats o no per la dana, la mesura impulsada des de l&#8217;\u00e0rea de Cooperaci\u00f3 pret\u00e9n protegir les actuacions plantejades pels consistoris amb major afectaci\u00f3 despr\u00e9s de la cat\u00e0strofe del 29 d&#8217;Octubre. A la comarca destaca el cas de Chiva, amb una actuaci\u00f3 pendent valorada en 580.000 euros.<\/p>\n\n\n\n<p>Entre les obres encara sense executar comencem per la de Chiva, que \u00e9s el muntatge d&#8217;elements de joc, s\u00f2l de cautx\u00fa i mobiliari urb\u00e0 per als parcs infantils, valorada en m\u00e9s de mig mili\u00f3 d&#8217;euros. A m\u00e9s, destaquen la primera fase de la rehabilitaci\u00f3 integral de les piscines municipals de Cheste (733.000 euros); la demolici\u00f3 de quadres i la substituci\u00f3 de la coberta de l&#8217;antic &#8216;matadero&#8217; de Bu\u00f1ol (255.000 euros); la construcci\u00f3 de cinc parades de bus escolar en diferents carrers de Godelleta i l&#8217;acc\u00e9s a la urbanitzaci\u00f3 El Quemao (132.000 euros); i la millora de camins en el terme de Macastre (30.000 euros).<\/p>\n\n\n\n<p>En la ve\u00efna comarca del Valle de Ayora-Cofrentes, la localitat d&#8217;Ayora concentra els cinc projectes pendents, amb un import global de 234.608 euros. Entre les obres per executar trobem les instal\u00b7lacions d&#8217;aig\u00fces residuals en l&#8217;aldea de San Benito (98.000 euros); i la remodelaci\u00f3 del parc infantil del col\u00b7legi p\u00fablic Isidro Girant (48.000 euros).<\/p>\n\n\n\n<p><strong>Suspensi\u00f3 de terminis<\/strong><\/p>\n\n\n\n<p>La proposta de la vicepresidenta Enguix planteja una suspensi\u00f3 extraordin\u00e0ria del termini d&#8217;execuci\u00f3 de les obres incloses en el pla, que passar\u00e0 del 12 d&#8217;agost de 2025 al 30 de setembre de 2026. La intenci\u00f3 \u00e9s \u201cprorrogar l&#8217;\u00faltim pla de l&#8217;anterior legislatura, que encara t\u00e9 70 milions d&#8217;euros pendents d&#8217;adjudicar o certificar en municipis de totes les comarques, per a facilitar els processos als ajuntaments i que no hagen de renunciar a un sol euro de les ajudes\u201d.<\/p>\n\n\n\n<p>El pla 22-23, amb un total de 148,8 milions d&#8217;euros en projectes aprovats i una mica m\u00e9s de 123 milions d&#8217;euros com a import finalment adjudicat a la prov\u00edncia, registra en data de hui 55.350.545 euros abonats per part de la Diputaci\u00f3 per obres finalitzades, mentre que les actuacions en proc\u00e9s de documentaci\u00f3 i adjudicaci\u00f3 superen els 31 milions d&#8217;euros i les no certificades sumen 39 milions, amb 558 projectes incomplets que van des dels 148 euros que encara ha de certificar Alboraia per l&#8217;execuci\u00f3 de la segona fase de les piscines municipals, fins al 1.365.000 euros que ha de certificar Picassent per la reurbanitzaci\u00f3 dels carrers Jaume I i Calvari.<\/p>\n\n\n\n<p>\u201cEl nivell d&#8217;execuci\u00f3 era baix abans d&#8217;arribar la dana, amb m\u00e9s de la mitat del pla sense adjudicar o justificar\u201d, afirma Nat\u00e0lia Enguix, qui explica que \u201cel problema es va fer m\u00e9s gran amb els devastadors efectes de la riuada, tant en els municipis afectats amb danys en infraestructures, equipaments i servicis p\u00fablics, com en els no afectats, per falta d&#8217;empreses a les quals adjudicar les obres o per l&#8217;encariment de les mat\u00e8ries primeres i els costos d&#8217;execuci\u00f3\u201d.<\/p>\n\n\n\n<p><strong>Canvis amb el Pla Obert<\/strong><\/p>\n\n\n\n<p>Del miler de projectes pendents del Pla d&#8217;Inversions 22-23, un total de 450 es troben encara en fase de documentaci\u00f3 o adjudicaci\u00f3. \u201cAmb estes xifres, el m\u00e9s oport\u00fa \u00e9s suspendre el termini d&#8217;execuci\u00f3 i el de justificaci\u00f3 i donar un marge de m\u00e9s d&#8217;un any als ens locals perqu\u00e8 puguen completar els processos i reben els diners aprovats per la Diputaci\u00f3 per a eixos projectes\u201d, apunta Enguix, qui aposta per \u201coferir totes les facilitats als municipis perqu\u00e8 les ajudes es tradu\u00efsquen en millores per a les seues ve\u00efnes i ve\u00efns, i no en l&#8217;anunci d&#8217;una pluja de milions sense major preocupaci\u00f3\u201d.<\/p>\n\n\n\n<p>En la mateixa l\u00ednia, el president Momp\u00f3 destaca \u201cla proximitat amb els alcaldes i alcaldesses per la qual estem apostant des del primer minut de la legislatura, amb la intenci\u00f3 de con\u00e9ixer les seues necessitats i ajudar-los en tot el possible\u201d. Per a aix\u00f2, \u201cl&#8217;\u00e0rea de Cooperaci\u00f3 que coordina la vicepresidenta Enguix ha posat en marxa un Pla Obert que elimina terminis i pressi\u00f3 per als ajuntaments, en el qual portem prop de 400 projectes aprovats i 60 milions invertits, m\u00e9s altres 100 milions que estan pressupostats enguany per a atendre les sol\u00b7licituds dels municipis en qualsevol moment\u201d.<\/p>\n\n\n\n<p>La mateixa Nat\u00e0lia Enguix incidix en el car\u00e0cter quadriennal del Pla Obert com \u201cun dels grans encerts del nou programa inversor, que flexibilitza els processos i permet als municipis fer front a necessitats sobrevingudes, com va ser la pand\u00e8mia fa uns anys i ara ha sigut la dana\u201d. \u201cLa q\u00fcesti\u00f3 dels terminis era una de les coses que hem corregit d&#8217;anteriors plans, ja que generaven problemes als ajuntaments a l&#8217;hora d&#8217;adjudicar i executar les obres, havent de rec\u00f3rrer a pr\u00f2rrogues quan no a renunciar a les ajudes\u201d, afig Enguix.<\/p>\n\n\n\n<p>L&#8217;eliminaci\u00f3 de terminis en el principal programa inversor de la Diputaci\u00f3 no ha sigut l&#8217;\u00fanica mesura adoptada per l&#8217;equip de govern que encap\u00e7alen Momp\u00f3 i Enguix. El president destaca igualment els canvis en l&#8217;estructura interna impulsats recentment per a refor\u00e7ar l&#8217;assist\u00e8ncia t\u00e8cnica, especialment als municipis afectats per la dana, departament que passa a coordinar el diputat Ricardo Gabald\u00f3n, alcalde d&#8217;Utiel, qui al seu torn cedix l&#8217;\u00e0rea de Personal a la vicepresidenta segona, Reme Mazzolari.<\/p>\n\n\n\n<p><strong>Projectes i modificacions<\/strong><\/p>\n\n\n\n<p>Entre les obres i subministraments sense executar trobem actuacions urban\u00edstiques, adequaci\u00f3 d&#8217;instal\u00b7lacions p\u00fabliques per a diferents usos, renovaci\u00f3 i ampliaci\u00f3 de zones verdes i instal\u00b7lacions esportives, reparaci\u00f3 de camins, equipament, millores en l&#8217;efici\u00e8ncia energ\u00e8tica dels servicis, etc. Projectes de tot tipus que no han arribat a concretar-se per problemes amb els terminis, per l&#8217;encariment dels costos d&#8217;execuci\u00f3 o per la dificultat per a trobar prove\u00efdors i empreses qualificades disponibles, entre altres motius.<\/p>\n\n\n\n<p>En resposta a esta situaci\u00f3, l&#8217;\u00e0rea de Cooperaci\u00f3 Municipal que coordina Nat\u00e0lia Enguix est\u00e0 concedint totes les facilitats als ajuntaments perqu\u00e8 puguen executar les actuacions pendents i no perden les subvencions aprovades en el marc dels anteriors plans d&#8217;inversi\u00f3. \u201cLa pr\u00f2rroga del pla 22-23 \u00e9s l&#8217;\u00faltima mesura que hem pres perqu\u00e8 els municipis disposen de m\u00e9s temps per a acabar els processos i no haver de renunciar a les ajudes\u201d, apunta Enguix, \u201cper\u00f2 no \u00e9s l&#8217;\u00fanica, ja que en estos \u00faltims mesos, en paral\u00b7lel al desenvolupament del nou Pla Obert, hem donat llum verda al canvi de projectes que ja no eren prioritaris o amb sobrecostos per als ajuntaments per uns altres m\u00e9s necessaris i que es podran materialitzar\u201d.<\/p>\n\n\n\n<p>En la mateixa l\u00ednia de contribuir a la major execuci\u00f3 possible de l&#8217;\u00faltim pla de l&#8217;anterior equip de govern, Cooperaci\u00f3 est\u00e0 aprovant decrets com el de Sueca, que permet destinar a una nova obra, en este cas l&#8217;habilitaci\u00f3 de l&#8217;antic edifici de Correus per a Servicis Socials, els romanents del pla 22-23 que resulten dels projectes no executats i de les difer\u00e8ncies en el cost definitiu d&#8217;adjudicaci\u00f3 dels treballs.<\/p>\n","protected":false},"excerpt":{"rendered":"<div class=\"mh-excerpt\">L&#8217;\u00e0rea de Cooperaci\u00f3 que coordina la vicepresidenta Nat\u00e0lia Enguix porta al ple d&#8217;abril una proposta per a canviar la data l\u00edmit d&#8217;execuci\u00f3 de les obres del pla: del 12 d&#8217;agost de 2025 al 30 de <a class=\"mh-excerpt-more\" href=\"https:\/\/www.tucomarca.com\/wordpress\/segunda\/ca\/la-diputacio-dona-un-any-mes-als-municipis-de-la-foia-de-bunyol-xiva-per-a-acabar-19-obres-pendents-del-pla-dinversions-22-23\/\" title=\"La Diputaci\u00f3 dona un any m\u00e9s als municipis de la Foia de Bunyol-Xiva per a acabar 19 obres pendents del Pla d&#8217;Inversions 22-23\">[+] <\/a><\/div>\n","protected":false},"author":13,"featured_media":250332,"comment_status":"open","ping_status":"open","sticky":false,"template":"","format":"standard","meta":{"footnotes":""},"categories":[10954,10951,10911,20520,10977,10948,10894,10904,20456,10912,10978,10947,10896,10974,10975],"tags":[11163,11216,10913,11071,11195,11087,10914,11144],"class_list":{"0":"post-262034","1":"post","2":"type-post","3":"status-publish","4":"format-standard","5":"has-post-thumbnail","7":"category-ayora-ca","8":"category-ayora-cofrentes-ca","9":"category-bunol-ca","10":"category-cooperacio-municipal","11":"category-godelleta-ca","12":"category-infraestructuras-ca","13":"category-la-comarca-ca","14":"category-sin-categorizar-ca","15":"category-la-diputacio-de-valencia-informa-ca","16":"category-la-hoya-ca","17":"category-macastre-ca","18":"category-politica","19":"category-seccion-ca","20":"category-cheste-ca","21":"category-chiva-ca","22":"tag-ayora-ca","23":"tag-ayora-cofrentes-ca","24":"tag-bunol-ca","25":"tag-cheste","26":"tag-chiva-ca","27":"tag-godelleta-ca","28":"tag-la-hoya-de-bunol-chiva-ca","29":"tag-macastre-ca"},"_links":{"self":[{"href":"https:\/\/www.tucomarca.com\/wordpress\/segunda\/ca\/wp-json\/wp\/v2\/posts\/262034","targetHints":{"allow":["GET"]}}],"collection":[{"href":"https:\/\/www.tucomarca.com\/wordpress\/segunda\/ca\/wp-json\/wp\/v2\/posts"}],"about":[{"href":"https:\/\/www.tucomarca.com\/wordpress\/segunda\/ca\/wp-json\/wp\/v2\/types\/post"}],"author":[{"embeddable":true,"href":"https:\/\/www.tucomarca.com\/wordpress\/segunda\/ca\/wp-json\/wp\/v2\/users\/13"}],"replies":[{"embeddable":true,"href":"https:\/\/www.tucomarca.com\/wordpress\/segunda\/ca\/wp-json\/wp\/v2\/comments?post=262034"}],"version-history":[{"count":0,"href":"https:\/\/www.tucomarca.com\/wordpress\/segunda\/ca\/wp-json\/wp\/v2\/posts\/262034\/revisions"}],"wp:featuredmedia":[{"embeddable":true,"href":"https:\/\/www.tucomarca.com\/wordpress\/segunda\/ca\/wp-json\/wp\/v2\/media\/250332"}],"wp:attachment":[{"href":"https:\/\/www.tucomarca.com\/wordpress\/segunda\/ca\/wp-json\/wp\/v2\/media?parent=262034"}],"wp:term":[{"taxonomy":"category","embeddable":true,"href":"https:\/\/www.tucomarca.com\/wordpress\/segunda\/ca\/wp-json\/wp\/v2\/categories?post=262034"},{"taxonomy":"post_tag","embeddable":true,"href":"https:\/\/www.tucomarca.com\/wordpress\/segunda\/ca\/wp-json\/wp\/v2\/tags?post=262034"}],"curies":[{"name":"wp","href":"https:\/\/api.w.org\/{rel}","templated":true}]}}