{"id":262072,"date":"2025-04-15T11:30:00","date_gmt":"2025-04-15T09:30:00","guid":{"rendered":"https:\/\/www.tucomarca.com\/wordpress\/segunda\/?p=262072"},"modified":"2025-04-15T19:48:40","modified_gmt":"2025-04-15T17:48:40","slug":"el-consell-autoritza-un-increment-pressupostari-de-tres-milions-deuros-per-a-la-nova-seu-judicial-de-lliria","status":"publish","type":"post","link":"https:\/\/www.tucomarca.com\/wordpress\/segunda\/ca\/el-consell-autoritza-un-increment-pressupostari-de-tres-milions-deuros-per-a-la-nova-seu-judicial-de-lliria\/","title":{"rendered":"El Consell autoritza un increment pressupostari de tres milions d\u2019euros per a la nova seu judicial de Ll\u00edria"},"content":{"rendered":"\n<h3 class=\"wp-block-heading\">L\u2019objectiu \u00e9s adaptar el projecte inicial a les noves necessitats t\u00e8cniques i funcionals.<\/h3>\n\n\n\n<h3 class=\"wp-block-heading\">Amb esta modificaci\u00f3 pressupost\u00e0ria, les obres de construcci\u00f3 ascendixen a 18,5 milions d\u2019euros.<\/h3>\n\n\n\n<p>El Ple del Consell ha autoritzat una ampliaci\u00f3 pressupost\u00e0ria de 3.077.097 euros per a la nova seu judicial de Ll\u00edria, amb l\u2019objectiu d\u2019adaptar el projecte inicial a les noves necessitats t\u00e8cniques i funcionals.<\/p>\n\n\n\n<p>Esta modificaci\u00f3 permetr\u00e0 habilitar els espais de reserva per a la incorporaci\u00f3 de quatre jutjats m\u00e9s, que se sumen als 10 previstos en el projecte inicial, i les seues respectives sales de vista.<\/p>\n\n\n\n<p>Aix\u00ed mateix, es preveuen millores en l\u2019efici\u00e8ncia energ\u00e8tica i sostenibilitat de l\u2019edifici i s\u2019introdu\u00efxen mesures per a optimitzar el condicionament ac\u00fastic.<\/p>\n\n\n\n<p>El contracte inicial de les obres de construcci\u00f3 de la nova seu judicial de Ll\u00edria, subscrit el 20 de juny de 2022, va ser adjudicat per un import de 15.463.503 euros i amb la modificaci\u00f3 autoritzada, arriba a un cost total de 18.540.600 euros, la qual cosa suposa un augment del 19,90 % respecte al preu inicial.<\/p>\n\n\n\n<p>La finalitzaci\u00f3 de les obres est\u00e0 prevista per al tercer trimestre de l\u2019any.<\/p>\n","protected":false},"excerpt":{"rendered":"<div class=\"mh-excerpt\">L\u2019objectiu \u00e9s adaptar el projecte inicial a les noves necessitats t\u00e8cniques i funcionals. Amb esta modificaci\u00f3 pressupost\u00e0ria, les obres de construcci\u00f3 ascendixen a 18,5 milions d\u2019euros. El Ple del Consell ha autoritzat una ampliaci\u00f3 pressupost\u00e0ria <a class=\"mh-excerpt-more\" href=\"https:\/\/www.tucomarca.com\/wordpress\/segunda\/ca\/el-consell-autoritza-un-increment-pressupostari-de-tres-milions-deuros-per-a-la-nova-seu-judicial-de-lliria\/\" title=\"El Consell autoritza un increment pressupostari de tres milions d\u2019euros per a la nova seu judicial de Ll\u00edria\">[+] <\/a><\/div>\n","protected":false},"author":13,"featured_media":81446,"comment_status":"open","ping_status":"open","sticky":false,"template":"","format":"standard","meta":{"footnotes":""},"categories":[10892,10948,10894,10928,10947,10896],"tags":[10899,12903,11070],"class_list":{"0":"post-262072","1":"post","2":"type-post","3":"status-publish","4":"format-standard","5":"has-post-thumbnail","7":"category-camp-de-turia-ca","8":"category-infraestructuras-ca","9":"category-la-comarca-ca","10":"category-lliria-ca","11":"category-politica","12":"category-seccion-ca","13":"tag-camp-de-turia-ca","14":"tag-infraestructuras-ca","15":"tag-lliria-ca"},"_links":{"self":[{"href":"https:\/\/www.tucomarca.com\/wordpress\/segunda\/ca\/wp-json\/wp\/v2\/posts\/262072","targetHints":{"allow":["GET"]}}],"collection":[{"href":"https:\/\/www.tucomarca.com\/wordpress\/segunda\/ca\/wp-json\/wp\/v2\/posts"}],"about":[{"href":"https:\/\/www.tucomarca.com\/wordpress\/segunda\/ca\/wp-json\/wp\/v2\/types\/post"}],"author":[{"embeddable":true,"href":"https:\/\/www.tucomarca.com\/wordpress\/segunda\/ca\/wp-json\/wp\/v2\/users\/13"}],"replies":[{"embeddable":true,"href":"https:\/\/www.tucomarca.com\/wordpress\/segunda\/ca\/wp-json\/wp\/v2\/comments?post=262072"}],"version-history":[{"count":0,"href":"https:\/\/www.tucomarca.com\/wordpress\/segunda\/ca\/wp-json\/wp\/v2\/posts\/262072\/revisions"}],"wp:featuredmedia":[{"embeddable":true,"href":"https:\/\/www.tucomarca.com\/wordpress\/segunda\/ca\/wp-json\/wp\/v2\/media\/81446"}],"wp:attachment":[{"href":"https:\/\/www.tucomarca.com\/wordpress\/segunda\/ca\/wp-json\/wp\/v2\/media?parent=262072"}],"wp:term":[{"taxonomy":"category","embeddable":true,"href":"https:\/\/www.tucomarca.com\/wordpress\/segunda\/ca\/wp-json\/wp\/v2\/categories?post=262072"},{"taxonomy":"post_tag","embeddable":true,"href":"https:\/\/www.tucomarca.com\/wordpress\/segunda\/ca\/wp-json\/wp\/v2\/tags?post=262072"}],"curies":[{"name":"wp","href":"https:\/\/api.w.org\/{rel}","templated":true}]}}