{"id":262175,"date":"2025-04-15T05:05:00","date_gmt":"2025-04-15T03:05:00","guid":{"rendered":"https:\/\/www.tucomarca.com\/wordpress\/segunda\/?p=262175"},"modified":"2025-04-15T21:25:27","modified_gmt":"2025-04-15T19:25:27","slug":"la-bunyolense-ariadna-fuentes-valero-es-proclama-subcampiona-despanya-en-gimnastica-ritmica","status":"publish","type":"post","link":"https:\/\/www.tucomarca.com\/wordpress\/segunda\/ca\/la-bunyolense-ariadna-fuentes-valero-es-proclama-subcampiona-despanya-en-gimnastica-ritmica\/","title":{"rendered":"La bunyolense Ariadna Fuentes Valero es proclama subcampiona d&#8217;Espanya en gimn\u00e0stica r\u00edtmica"},"content":{"rendered":"\n<p>La jove gimnasta de Bunyol, Ariadna Fuentes Valero, ha aconseguit una fita destacada en proclamar-se subcampiona d&#8217;Espanya en el Campionat Nacional de Gimn\u00e0stica R\u00edtmica, celebrat a Guadalajara del 8 al 13 d&#8217;abril.<\/p>\n\n\n\n<p>Ariadna va competir amb un total de 192 gimnastes en la seua categoria, oferint una actuaci\u00f3 brillant en el tap\u00eds que li va permetre al\u00e7ar-se amb la segona posici\u00f3 a nivell nacional. El seu exercici va ser especialment valorat en la nota de dificultat, on va obtindre la puntuaci\u00f3 m\u00e9s alta del campionat, reflex de la seua t\u00e8cnica i preparaci\u00f3.<\/p>\n\n\n\n<p>Aquest assoliment no sols reconeix el talent i dedicaci\u00f3 d&#8217;Ariadna, sin\u00f3 que tamb\u00e9 suposa un motiu d&#8217;orgull per a tota la localitat de Bunyol. El seu esfor\u00e7, const\u00e0ncia i passi\u00f3 per aquest esport la converteixen en un exemple per a joves esportistes i en una ambaixadora de l&#8217;esport local a nivell nacional.<\/p>\n\n\n\n<figure class=\"wp-block-gallery has-nested-images columns-default is-cropped wp-block-gallery-1 is-layout-flex wp-block-gallery-is-layout-flex\">\n<figure class=\"wp-block-image size-large\"><img loading=\"lazy\" decoding=\"async\" width=\"1024\" height=\"691\" data-id=\"262168\" src=\"https:\/\/www.tucomarca.com\/wordpress\/segunda\/wp-content\/uploads\/2025\/04\/AriadnaFuentes1-1024x691.jpg\" alt=\"\" class=\"wp-image-262168\" srcset=\"https:\/\/www.tucomarca.com\/wordpress\/segunda\/wp-content\/uploads\/2025\/04\/AriadnaFuentes1-1024x691.jpg 1024w, https:\/\/www.tucomarca.com\/wordpress\/segunda\/wp-content\/uploads\/2025\/04\/AriadnaFuentes1-300x202.jpg 300w, https:\/\/www.tucomarca.com\/wordpress\/segunda\/wp-content\/uploads\/2025\/04\/AriadnaFuentes1-768x518.jpg 768w, https:\/\/www.tucomarca.com\/wordpress\/segunda\/wp-content\/uploads\/2025\/04\/AriadnaFuentes1.jpg 1181w\" sizes=\"auto, (max-width: 1024px) 100vw, 1024px\" \/><\/figure>\n\n\n\n<figure class=\"wp-block-image size-large\"><img loading=\"lazy\" decoding=\"async\" width=\"1024\" height=\"691\" data-id=\"262170\" src=\"https:\/\/www.tucomarca.com\/wordpress\/segunda\/wp-content\/uploads\/2025\/04\/AriadnaFuentes2-1024x691.jpg\" alt=\"\" class=\"wp-image-262170\" srcset=\"https:\/\/www.tucomarca.com\/wordpress\/segunda\/wp-content\/uploads\/2025\/04\/AriadnaFuentes2-1024x691.jpg 1024w, https:\/\/www.tucomarca.com\/wordpress\/segunda\/wp-content\/uploads\/2025\/04\/AriadnaFuentes2-300x202.jpg 300w, https:\/\/www.tucomarca.com\/wordpress\/segunda\/wp-content\/uploads\/2025\/04\/AriadnaFuentes2-768x518.jpg 768w, https:\/\/www.tucomarca.com\/wordpress\/segunda\/wp-content\/uploads\/2025\/04\/AriadnaFuentes2.jpg 1181w\" sizes=\"auto, (max-width: 1024px) 100vw, 1024px\" \/><\/figure>\n<\/figure>\n","protected":false},"excerpt":{"rendered":"<div class=\"mh-excerpt\">La jove gimnasta de Bunyol, Ariadna Fuentes Valero, ha aconseguit una fita destacada en proclamar-se subcampiona d&#8217;Espanya en el Campionat Nacional de Gimn\u00e0stica R\u00edtmica, celebrat a Guadalajara del 8 al 13 d&#8217;abril. Ariadna va competir <a class=\"mh-excerpt-more\" href=\"https:\/\/www.tucomarca.com\/wordpress\/segunda\/ca\/la-bunyolense-ariadna-fuentes-valero-es-proclama-subcampiona-despanya-en-gimnastica-ritmica\/\" title=\"La bunyolense Ariadna Fuentes Valero es proclama subcampiona d&#8217;Espanya en gimn\u00e0stica r\u00edtmica\">[+] <\/a><\/div>\n","protected":false},"author":12,"featured_media":262173,"comment_status":"open","ping_status":"open","sticky":false,"template":"","format":"gallery","meta":{"footnotes":""},"categories":[10911,11003,10894,10912,11009,10896],"tags":[18968,10913,10914],"class_list":{"0":"post-262175","1":"post","2":"type-post","3":"status-publish","4":"format-gallery","5":"has-post-thumbnail","7":"category-bunol-ca","8":"category-sports","9":"category-la-comarca-ca","10":"category-la-hoya-ca","11":"category-polideportivo-ca","12":"category-seccion-ca","13":"tag-ariadna-fuentes-ca","14":"tag-bunol-ca","15":"tag-la-hoya-de-bunol-chiva-ca","16":"post_format-post-format-gallery"},"_links":{"self":[{"href":"https:\/\/www.tucomarca.com\/wordpress\/segunda\/ca\/wp-json\/wp\/v2\/posts\/262175","targetHints":{"allow":["GET"]}}],"collection":[{"href":"https:\/\/www.tucomarca.com\/wordpress\/segunda\/ca\/wp-json\/wp\/v2\/posts"}],"about":[{"href":"https:\/\/www.tucomarca.com\/wordpress\/segunda\/ca\/wp-json\/wp\/v2\/types\/post"}],"author":[{"embeddable":true,"href":"https:\/\/www.tucomarca.com\/wordpress\/segunda\/ca\/wp-json\/wp\/v2\/users\/12"}],"replies":[{"embeddable":true,"href":"https:\/\/www.tucomarca.com\/wordpress\/segunda\/ca\/wp-json\/wp\/v2\/comments?post=262175"}],"version-history":[{"count":0,"href":"https:\/\/www.tucomarca.com\/wordpress\/segunda\/ca\/wp-json\/wp\/v2\/posts\/262175\/revisions"}],"wp:featuredmedia":[{"embeddable":true,"href":"https:\/\/www.tucomarca.com\/wordpress\/segunda\/ca\/wp-json\/wp\/v2\/media\/262173"}],"wp:attachment":[{"href":"https:\/\/www.tucomarca.com\/wordpress\/segunda\/ca\/wp-json\/wp\/v2\/media?parent=262175"}],"wp:term":[{"taxonomy":"category","embeddable":true,"href":"https:\/\/www.tucomarca.com\/wordpress\/segunda\/ca\/wp-json\/wp\/v2\/categories?post=262175"},{"taxonomy":"post_tag","embeddable":true,"href":"https:\/\/www.tucomarca.com\/wordpress\/segunda\/ca\/wp-json\/wp\/v2\/tags?post=262175"}],"curies":[{"name":"wp","href":"https:\/\/api.w.org\/{rel}","templated":true}]}}