{"id":262186,"date":"2025-04-16T10:12:00","date_gmt":"2025-04-16T08:12:00","guid":{"rendered":"https:\/\/www.tucomarca.com\/wordpress\/segunda\/?p=262186"},"modified":"2025-04-16T20:44:22","modified_gmt":"2025-04-16T18:44:22","slug":"setaigues-celebra-la-setmana-santa-2025-amb-processons-el-divendres-sant-i-diumenge-de-pasqua","status":"publish","type":"post","link":"https:\/\/www.tucomarca.com\/wordpress\/segunda\/ca\/setaigues-celebra-la-setmana-santa-2025-amb-processons-el-divendres-sant-i-diumenge-de-pasqua\/","title":{"rendered":"Setaig\u00fces celebra la Setmana Santa 2025 amb processons el Divendres Sant i Diumenge de Pasqua"},"content":{"rendered":"<div class=\"wp-block-image\">\n<figure class=\"alignleft size-large is-resized\"><img loading=\"lazy\" decoding=\"async\" width=\"721\" height=\"1024\" src=\"http:\/\/www.tucomarca.com\/wordpress\/segunda\/wp-content\/uploads\/2025\/04\/7AguasSemanaSanta-721x1024.jpg\" alt=\"\" class=\"wp-image-262182\" style=\"width:291px;height:auto\" srcset=\"https:\/\/www.tucomarca.com\/wordpress\/segunda\/wp-content\/uploads\/2025\/04\/7AguasSemanaSanta-721x1024.jpg 721w, https:\/\/www.tucomarca.com\/wordpress\/segunda\/wp-content\/uploads\/2025\/04\/7AguasSemanaSanta-211x300.jpg 211w, https:\/\/www.tucomarca.com\/wordpress\/segunda\/wp-content\/uploads\/2025\/04\/7AguasSemanaSanta-768x1091.jpg 768w, https:\/\/www.tucomarca.com\/wordpress\/segunda\/wp-content\/uploads\/2025\/04\/7AguasSemanaSanta.jpg 971w\" sizes=\"auto, (max-width: 721px) 100vw, 721px\" \/><\/figure>\n<\/div>\n\n\n<p>La localitat de Setaig\u00fces ja prepara la seua Setmana Santa 2025 amb diversos actes destacats oberts al p\u00fablic. Els esdeveniments religiosos es desenvoluparan principalment a l&#8217;Esgl\u00e9sia Parroquial Sant Joan Baptista, on es podr\u00e0 consultar el programa d&#8217;actes eclesi\u00e0stics.<\/p>\n\n\n\n<p>Entre les celebracions p\u00fabliques m\u00e9s assenyalades, el Divendres Sant, 18 d&#8217;abril, tindr\u00e0 lloc la tradicional Process\u00f3 del Sant Enterrament, que comen\u00e7ar\u00e0 a les 19.30 hores.<\/p>\n\n\n\n<p>Per part seua, el Diumenge de Pasqua, 20 d&#8217;abril, se celebrar\u00e0 l&#8217;emotiva Trobada a partir de les 11.45 hores, un acte molt esperat pels ve\u00efns i ve\u00efnes del municipi.<\/p>\n\n\n\n<p>Setaig\u00fces es prepara aix\u00ed per a viure uns dies de recolliment, tradici\u00f3 i fe, emmarcats en una de les festivitats religioses m\u00e9s importants del calendari.<\/p>\n","protected":false},"excerpt":{"rendered":"<div class=\"mh-excerpt\">La localitat de Setaig\u00fces ja prepara la seua Setmana Santa 2025 amb diversos actes destacats oberts al p\u00fablic. Els esdeveniments religiosos es desenvoluparan principalment a l&#8217;Esgl\u00e9sia Parroquial Sant Joan Baptista, on es podr\u00e0 consultar el <a class=\"mh-excerpt-more\" href=\"https:\/\/www.tucomarca.com\/wordpress\/segunda\/ca\/setaigues-celebra-la-setmana-santa-2025-amb-processons-el-divendres-sant-i-diumenge-de-pasqua\/\" title=\"Setaig\u00fces celebra la Setmana Santa 2025 amb processons el Divendres Sant i Diumenge de Pasqua\">[+] <\/a><\/div>\n","protected":false},"author":12,"featured_media":262183,"comment_status":"open","ping_status":"open","sticky":false,"template":"","format":"standard","meta":{"footnotes":""},"categories":[11019,10894,10912,11007,10896,10979],"tags":[10914,11989,11157],"class_list":{"0":"post-262186","1":"post","2":"type-post","3":"status-publish","4":"format-standard","5":"has-post-thumbnail","7":"category-agenda-ca","8":"category-la-comarca-ca","9":"category-la-hoya-ca","10":"category-ocio-y-cultura-ca","11":"category-seccion-ca","12":"category-siete-aguas-ca","13":"tag-la-hoya-de-bunol-chiva-ca","14":"tag-semana-santa-y-pascua-ca","15":"tag-siete-aguas-ca"},"_links":{"self":[{"href":"https:\/\/www.tucomarca.com\/wordpress\/segunda\/ca\/wp-json\/wp\/v2\/posts\/262186","targetHints":{"allow":["GET"]}}],"collection":[{"href":"https:\/\/www.tucomarca.com\/wordpress\/segunda\/ca\/wp-json\/wp\/v2\/posts"}],"about":[{"href":"https:\/\/www.tucomarca.com\/wordpress\/segunda\/ca\/wp-json\/wp\/v2\/types\/post"}],"author":[{"embeddable":true,"href":"https:\/\/www.tucomarca.com\/wordpress\/segunda\/ca\/wp-json\/wp\/v2\/users\/12"}],"replies":[{"embeddable":true,"href":"https:\/\/www.tucomarca.com\/wordpress\/segunda\/ca\/wp-json\/wp\/v2\/comments?post=262186"}],"version-history":[{"count":0,"href":"https:\/\/www.tucomarca.com\/wordpress\/segunda\/ca\/wp-json\/wp\/v2\/posts\/262186\/revisions"}],"wp:featuredmedia":[{"embeddable":true,"href":"https:\/\/www.tucomarca.com\/wordpress\/segunda\/ca\/wp-json\/wp\/v2\/media\/262183"}],"wp:attachment":[{"href":"https:\/\/www.tucomarca.com\/wordpress\/segunda\/ca\/wp-json\/wp\/v2\/media?parent=262186"}],"wp:term":[{"taxonomy":"category","embeddable":true,"href":"https:\/\/www.tucomarca.com\/wordpress\/segunda\/ca\/wp-json\/wp\/v2\/categories?post=262186"},{"taxonomy":"post_tag","embeddable":true,"href":"https:\/\/www.tucomarca.com\/wordpress\/segunda\/ca\/wp-json\/wp\/v2\/tags?post=262186"}],"curies":[{"name":"wp","href":"https:\/\/api.w.org\/{rel}","templated":true}]}}