{"id":262198,"date":"2025-04-16T14:00:00","date_gmt":"2025-04-16T12:00:00","guid":{"rendered":"https:\/\/www.tucomarca.com\/wordpress\/segunda\/?p=262198"},"modified":"2025-04-16T20:52:55","modified_gmt":"2025-04-16T18:52:55","slug":"carlos-mazon-posem-en-marxa-ajudes-al-pasturatge-per-a-afavorir-la-prevencio-dincendis-forestals-i-impulsar-la-ramaderia-extensiva","status":"publish","type":"post","link":"https:\/\/www.tucomarca.com\/wordpress\/segunda\/ca\/carlos-mazon-posem-en-marxa-ajudes-al-pasturatge-per-a-afavorir-la-prevencio-dincendis-forestals-i-impulsar-la-ramaderia-extensiva\/","title":{"rendered":"Carlos Maz\u00f3n: \u201cPosem en marxa ajudes al pasturatge per a afavorir la prevenci\u00f3 d&#8217;incendis forestals i impulsar la ramaderia extensiva\u201d"},"content":{"rendered":"\n<h3 class=\"wp-block-heading\">Subratlla que aquesta ordre dotada amb 300.000 euros est\u00e0 destinada a explotacions ramaderes amb una superf\u00edcie m\u00ednima de 5 hect\u00e0rees que es podran sol\u00b7licitar fins al 29 d&#8217;abril i destaca que des de 2022 \u201chem triplicat la quantitat\u201d.<\/h3>\n\n\n\n<h3 class=\"wp-block-heading\">Defensa la ramaderia com un element \u201cvital per a la protecci\u00f3 del territori, la gesti\u00f3 sostenible de la muntanya i preservaci\u00f3 del paisatge\u201d i remarca la seua contribuci\u00f3 al \u201ccontrol ecol\u00f2gic del creixement de la vegetaci\u00f3\u201d.<\/h3>\n\n\n\n<h3 class=\"wp-block-heading\">Assenyala que aquesta l\u00ednia \u201c\u00e9s una acci\u00f3 m\u00e9s en la lluita contra el foc que s&#8217;afig a la campanya \u2018Stop al Foc\u2019, la qual es refor\u00e7a per Setmana Santa i Pasqua amb un dispositiu format per 1.357 efectius\u201d.<\/h3>\n\n\n\n<h3 class=\"wp-block-heading\">Ressalta el comprom\u00eds del Consell amb els Bombers Forestals amb l&#8217;activaci\u00f3 del tercer torn que \u201cgaranteix la seua operativitat 24 hores els 365 dies de l&#8217;any\u201d.<\/h3>\n\n\n\n<figure class=\"wp-block-gallery has-nested-images columns-default is-cropped wp-block-gallery-1 is-layout-flex wp-block-gallery-is-layout-flex\">\n<figure class=\"wp-block-image size-large\"><img loading=\"lazy\" decoding=\"async\" width=\"1024\" height=\"691\" data-id=\"262193\" src=\"https:\/\/www.tucomarca.com\/wordpress\/segunda\/wp-content\/uploads\/2025\/04\/MazonGanaderia02-1024x691.jpg\" alt=\"\" class=\"wp-image-262193\" srcset=\"https:\/\/www.tucomarca.com\/wordpress\/segunda\/wp-content\/uploads\/2025\/04\/MazonGanaderia02-1024x691.jpg 1024w, https:\/\/www.tucomarca.com\/wordpress\/segunda\/wp-content\/uploads\/2025\/04\/MazonGanaderia02-300x202.jpg 300w, https:\/\/www.tucomarca.com\/wordpress\/segunda\/wp-content\/uploads\/2025\/04\/MazonGanaderia02-768x518.jpg 768w, https:\/\/www.tucomarca.com\/wordpress\/segunda\/wp-content\/uploads\/2025\/04\/MazonGanaderia02.jpg 1181w\" sizes=\"auto, (max-width: 1024px) 100vw, 1024px\" \/><\/figure>\n\n\n\n<figure class=\"wp-block-image size-large\"><img loading=\"lazy\" decoding=\"async\" width=\"1024\" height=\"691\" data-id=\"262195\" src=\"https:\/\/www.tucomarca.com\/wordpress\/segunda\/wp-content\/uploads\/2025\/04\/MazonGanaderia03-1024x691.jpg\" alt=\"\" class=\"wp-image-262195\" srcset=\"https:\/\/www.tucomarca.com\/wordpress\/segunda\/wp-content\/uploads\/2025\/04\/MazonGanaderia03-1024x691.jpg 1024w, https:\/\/www.tucomarca.com\/wordpress\/segunda\/wp-content\/uploads\/2025\/04\/MazonGanaderia03-300x202.jpg 300w, https:\/\/www.tucomarca.com\/wordpress\/segunda\/wp-content\/uploads\/2025\/04\/MazonGanaderia03-768x518.jpg 768w, https:\/\/www.tucomarca.com\/wordpress\/segunda\/wp-content\/uploads\/2025\/04\/MazonGanaderia03.jpg 1181w\" sizes=\"auto, (max-width: 1024px) 100vw, 1024px\" \/><\/figure>\n<\/figure>\n\n\n\n<p>El president de la Generalitat, Carlos Maz\u00f3n, ha destacat la posada en marxa d&#8217;una l\u00ednia d&#8217;ajuda \u201ca projectes de pasturatge per a afavorir la prevenci\u00f3 d&#8217;incendis, impulsar la ramaderia extensiva i fer costat a l&#8217;economia rural\u201d.<\/p>\n\n\n\n<p>Aix\u00ed s&#8217;ha pronunciat durant la visita que ha realitzat al costat del conseller de Medi Ambient, Infraestructures i Territori, Vicente Mart\u00ednez Mus, a la zona rural de T\u00e0rbena, on ha animat als titulars d&#8217;explotacions ramaderes a sol\u00b7licitar aquesta ajuda que \u201cconstitueix una pr\u00e0ctica agroforestal sostenible i fomenta el desbrossament a c\u00e0rrec dels animals que interactuen en les nostres muntanyes\u201d.<\/p>\n\n\n\n<p>El cap del Consell ha afirmat que \u201cdes de 2022 hem triplicat la quantitat destinada a aquesta l\u00ednia que en 2025 est\u00e0 dotada amb 300.000 euros\u201d. Aquesta ajuda, que pot sol\u00b7licitar-se fins al 29 d&#8217;abril, va dirigida a ramaderies d&#8217;ov\u00ed, capr\u00ed, equ\u00ed i\/o bov\u00ed extensiu de la Comunitat Valenciana amb una superf\u00edcie m\u00ednima de 5 hect\u00e0rees. Els beneficiar-vos podran aconseguir una subvenci\u00f3 de fins a 8.000 euros i amb un m\u00e0xim de 120 euros per hect\u00e0rea<\/p>\n\n\n\n<p>Sobre aquest tema, ha assenyalat que \u201cles nostres muntanyes estaran millor preparats per a reduir el risc d&#8217;incendis forestals mitjan\u00e7ant la gesti\u00f3 sostenible de la vegetaci\u00f3\u201d, al mateix temps que ha posat en valor la ramaderia com \u201cun element vital per a la protecci\u00f3 del nostre territori que contribueix a la gesti\u00f3 sostenible de la muntanya, i a preservar el paisatge\u201d.<\/p>\n\n\n\n<p><strong>\u2018Stop al Foc\u2019<\/strong><\/p>\n\n\n\n<p>El cap del Consell ha asseverat que aquesta ajuda al pasturatge \u201c\u00e9s un instrument m\u00e9s en la lluita contra el foc que se suma a altres iniciatives com la campanya \u2018Stop al Foc\u2019 que compta amb un extraordinari dispositiu de prevenci\u00f3 i extinci\u00f3 d&#8217;incendis forestals per a Setmana Santa i Pasqua\u201d.<\/p>\n\n\n\n<p>D&#8217;aquesta manera, ha detallat que el dispositiu especial, que es desenvolupar\u00e0 entre el 17 i el 28 d&#8217;abril, estar\u00e0 format per \u201c1.357 efectius que inclouen bombers forestals, unitats terrestres, autobombes i helitransportadas, al costat de les unitats dels consorcis de bombers de les tres prov\u00edncies\u201d.<\/p>\n\n\n\n<p>En concret, 467 professionals corresponen a la prov\u00edncia de Val\u00e8ncia, 338 a la prov\u00edncia d&#8217;Alacant i 552 a la prov\u00edncia de Castell\u00f3 que realitzaran, entre altres accions, vigil\u00e0ncies preventives dins de les zones recreatives, supervisar l&#8217;\u00fas del foc i evitar la seua utilitzaci\u00f3 als parcs naturals.<\/p>\n\n\n\n<p>Aix\u00ed mateix, durant la Setmana Santa i la Pasqua s&#8217;adoptaran les mesures preventives previstes en el nivell de risc m\u00e0xim d&#8217;incendis forestals (nivell 3 de preemerg\u00e8ncia). Igualment, es realitzaran vols de reconeixement de mitjans aeris de la Generalitat per a realitzar rutes de vigil\u00e0ncia preventiva carregats amb aigua i retardant. Per a aix\u00f2, s&#8217;han establit diferents rutes per les tres prov\u00edncies, especialment en els territoris amb major massa forestal.<\/p>\n\n\n\n<p><strong>Comprom\u00eds amb els Bombers Forestals<\/strong><\/p>\n\n\n\n<p>El president ha recordat l&#8217;aposta del Consell amb la prevenci\u00f3 i protecci\u00f3 del territori de la Comunitat Valenciana \u201camb la posada en marxa del tercer torn dels Bombers Forestals de la Generalitat que garanteix la seua operativitat 24 hores els 365 dies de l&#8217;any\u201d.<\/p>\n\n\n\n<p>En aquest sentit, Maz\u00f3n ha reiterat el comprom\u00eds amb aquests professionals \u201cper a dotar als Bombers Forestals de m\u00e9s personal, donar-los seguretat i estabilitat laboral, i augmentar els recursos t\u00e8cnics per a millorar els sistemes de prevenci\u00f3 i resposta\u201d.<\/p>\n","protected":false},"excerpt":{"rendered":"<div class=\"mh-excerpt\">Subratlla que aquesta ordre dotada amb 300.000 euros est\u00e0 destinada a explotacions ramaderes amb una superf\u00edcie m\u00ednima de 5 hect\u00e0rees que es podran sol\u00b7licitar fins al 29 d&#8217;abril i destaca que des de 2022 \u201chem <a class=\"mh-excerpt-more\" href=\"https:\/\/www.tucomarca.com\/wordpress\/segunda\/ca\/carlos-mazon-posem-en-marxa-ajudes-al-pasturatge-per-a-afavorir-la-prevencio-dincendis-forestals-i-impulsar-la-ramaderia-extensiva\/\" title=\"Carlos Maz\u00f3n: \u201cPosem en marxa ajudes al pasturatge per a afavorir la prevenci\u00f3 d&#8217;incendis forestals i impulsar la ramaderia extensiva\u201d\">[+] <\/a><\/div>\n","protected":false},"author":12,"featured_media":262192,"comment_status":"open","ping_status":"open","sticky":false,"template":"","format":"gallery","meta":{"footnotes":""},"categories":[10905,10898,10948,10894,10904,10903,10947,10896,10897],"tags":[18807,18577,11498],"class_list":{"0":"post-262198","1":"post","2":"type-post","3":"status-publish","4":"format-gallery","5":"has-post-thumbnail","7":"category-agricultura-la-comarca-ca","8":"category-ventana-ca","9":"category-infraestructuras-ca","10":"category-la-comarca-ca","11":"category-sin-categorizar-ca","12":"category-medio-ambiente-la-comarca-ca","13":"category-politica","14":"category-seccion-ca","15":"category-sucesos-la-comarca-ca","16":"tag-carlos-mazon-ca","17":"tag-ganaderia-extensiva-ca","18":"tag-generalitat-valenciana-ca","19":"post_format-post-format-gallery"},"_links":{"self":[{"href":"https:\/\/www.tucomarca.com\/wordpress\/segunda\/ca\/wp-json\/wp\/v2\/posts\/262198","targetHints":{"allow":["GET"]}}],"collection":[{"href":"https:\/\/www.tucomarca.com\/wordpress\/segunda\/ca\/wp-json\/wp\/v2\/posts"}],"about":[{"href":"https:\/\/www.tucomarca.com\/wordpress\/segunda\/ca\/wp-json\/wp\/v2\/types\/post"}],"author":[{"embeddable":true,"href":"https:\/\/www.tucomarca.com\/wordpress\/segunda\/ca\/wp-json\/wp\/v2\/users\/12"}],"replies":[{"embeddable":true,"href":"https:\/\/www.tucomarca.com\/wordpress\/segunda\/ca\/wp-json\/wp\/v2\/comments?post=262198"}],"version-history":[{"count":0,"href":"https:\/\/www.tucomarca.com\/wordpress\/segunda\/ca\/wp-json\/wp\/v2\/posts\/262198\/revisions"}],"wp:featuredmedia":[{"embeddable":true,"href":"https:\/\/www.tucomarca.com\/wordpress\/segunda\/ca\/wp-json\/wp\/v2\/media\/262192"}],"wp:attachment":[{"href":"https:\/\/www.tucomarca.com\/wordpress\/segunda\/ca\/wp-json\/wp\/v2\/media?parent=262198"}],"wp:term":[{"taxonomy":"category","embeddable":true,"href":"https:\/\/www.tucomarca.com\/wordpress\/segunda\/ca\/wp-json\/wp\/v2\/categories?post=262198"},{"taxonomy":"post_tag","embeddable":true,"href":"https:\/\/www.tucomarca.com\/wordpress\/segunda\/ca\/wp-json\/wp\/v2\/tags?post=262198"}],"curies":[{"name":"wp","href":"https:\/\/api.w.org\/{rel}","templated":true}]}}