{"id":262227,"date":"2025-04-16T12:00:00","date_gmt":"2025-04-16T10:00:00","guid":{"rendered":"https:\/\/www.tucomarca.com\/wordpress\/segunda\/?p=262227"},"modified":"2025-04-16T20:37:17","modified_gmt":"2025-04-16T18:37:17","slug":"enrique-santafosta-liderara-el-partit-popular-de-sant-antoni-de-benaixeve","status":"publish","type":"post","link":"https:\/\/www.tucomarca.com\/wordpress\/segunda\/ca\/enrique-santafosta-liderara-el-partit-popular-de-sant-antoni-de-benaixeve\/","title":{"rendered":"Enrique Santafosta liderar\u00e0 el Partit Popular de Sant Antoni de Benaixeve"},"content":{"rendered":"\n<h3 class=\"wp-block-heading\">Momp\u00f3: \u201cConfiem plenament en l&#8217;experi\u00e8ncia d&#8217;Enrique Santafosta i el seu equip per a arribar a l&#8217;alcaldia en 2027\u201d.<\/h3>\n\n\n\n<h3 class=\"wp-block-heading\">Santafosta: \u201cL&#8217;objectiu \u00e9s tornar a il\u00b7lusionar en un projecte seri\u00f3s, s\u00f2lid i sobretot conciliador, que situe a Sant Antoni de Benaixeve com a referent de bon fer\u201d.<\/h3>\n\n\n\n<p>El exalcalde de Sant Antoni de Benaixeve (2015-2023) liderar\u00e0 el Partit Popular de Sant Antoni de Benaixeve per a \u201crenovar el PP local i tornar a situar-ho com a primera for\u00e7a del municipi\u201d. \u201cDes de la direcci\u00f3 provincial del partit confiem plenament en l&#8217;experi\u00e8ncia d&#8217;Enrique Santafosta i el seu equip per a arribar a l&#8217;alcaldia en 2027\u201d, ha destacat Vicent Momp\u00f3, president del PP a la prov\u00edncia de Val\u00e8ncia.<\/p>\n\n\n\n<p>En la mateixa l\u00ednia, ha explicat, \u201ca partir de hui t\u00e9 a la seua disposici\u00f3 totes les eines de les quals disposa el PP per a consolidar un projecte que repercutisca en el benestar de tots els ve\u00efns i ve\u00efnes\u201d. \u201cSant Antoni de Benaixeve \u00e9s un municipi amb molt\u00edssim potencial, que un gran nombre de fam\u00edlies ha triat per a veure cr\u00e9ixer als seus fills i filles, i que necessita d&#8217;un govern municipal, com el que estic segur Santafosa podr\u00e0 conformar, que responga a les seues necessitats\u201d, ha ressaltat.<\/p>\n\n\n\n<figure class=\"wp-block-image size-large\"><img loading=\"lazy\" decoding=\"async\" width=\"1024\" height=\"768\" src=\"http:\/\/www.tucomarca.com\/wordpress\/segunda\/wp-content\/uploads\/2025\/04\/PPSanAntonio01-1024x768.jpg\" alt=\"\" class=\"wp-image-262222\" srcset=\"https:\/\/www.tucomarca.com\/wordpress\/segunda\/wp-content\/uploads\/2025\/04\/PPSanAntonio01-1024x768.jpg 1024w, https:\/\/www.tucomarca.com\/wordpress\/segunda\/wp-content\/uploads\/2025\/04\/PPSanAntonio01-300x225.jpg 300w, https:\/\/www.tucomarca.com\/wordpress\/segunda\/wp-content\/uploads\/2025\/04\/PPSanAntonio01-768x576.jpg 768w, https:\/\/www.tucomarca.com\/wordpress\/segunda\/wp-content\/uploads\/2025\/04\/PPSanAntonio01-1536x1152.jpg 1536w, https:\/\/www.tucomarca.com\/wordpress\/segunda\/wp-content\/uploads\/2025\/04\/PPSanAntonio01-678x509.jpg 678w, https:\/\/www.tucomarca.com\/wordpress\/segunda\/wp-content\/uploads\/2025\/04\/PPSanAntonio01-326x245.jpg 326w, https:\/\/www.tucomarca.com\/wordpress\/segunda\/wp-content\/uploads\/2025\/04\/PPSanAntonio01-80x60.jpg 80w, https:\/\/www.tucomarca.com\/wordpress\/segunda\/wp-content\/uploads\/2025\/04\/PPSanAntonio01.jpg 2048w\" sizes=\"auto, (max-width: 1024px) 100vw, 1024px\" \/><\/figure>\n\n\n\n<p>Per part seua, Santafosa ha subratllat que \u201cl&#8217;objectiu \u00e9s no deixar a ning\u00fa arrere i tornar a il\u00b7lusionar a votants, simpatitzants i afiliats, que se senten identificats en un projecte seri\u00f3s, s\u00f2lid i sobretot conciliador, que situe a Sant Antoni de Benaixeve com a referent de bon fer, seguint en el nostre municipi la senda marcada pel PP provincial, auton\u00f2mic i nacional\u201d.<\/p>\n\n\n\n<p>\u201cDes d&#8217;aquest moment em pose amb orgull al servei del PP un partit d&#8217;\u00e0mbit nacional que estic conven\u00e7ut \u00e9s l&#8217;\u00fanic partit capa\u00e7 de garantir estabilitat, progr\u00e9s i unitat per a tots els nostres pobles i al conjunt del nostre pa\u00eds\u201d, ha afegit.<\/p>\n\n\n\n<p>A m\u00e9s, ha detallat, \u201cdeixe AISAB despr\u00e9s d&#8217;una reflexi\u00f3 meditada, \u00e9s sens dubte un pas avant en el personal, per\u00f2 tamb\u00e9 per al nostre poble; soc conscient dels nous reptes que assumisc, que, com sempre, des del treball i amb humilitat, secundat per un gran equip i de la m\u00e0 de tota la fam\u00edlia popular, estic segur que aconseguirem aconseguir\u201d.<\/p>\n","protected":false},"excerpt":{"rendered":"<div class=\"mh-excerpt\">Momp\u00f3: \u201cConfiem plenament en l&#8217;experi\u00e8ncia d&#8217;Enrique Santafosta i el seu equip per a arribar a l&#8217;alcaldia en 2027\u201d. Santafosta: \u201cL&#8217;objectiu \u00e9s tornar a il\u00b7lusionar en un projecte seri\u00f3s, s\u00f2lid i sobretot conciliador, que situe a <a class=\"mh-excerpt-more\" href=\"https:\/\/www.tucomarca.com\/wordpress\/segunda\/ca\/enrique-santafosta-liderara-el-partit-popular-de-sant-antoni-de-benaixeve\/\" title=\"Enrique Santafosta liderar\u00e0 el Partit Popular de Sant Antoni de Benaixeve\">[+] <\/a><\/div>\n","protected":false},"author":12,"featured_media":262225,"comment_status":"open","ping_status":"open","sticky":false,"template":"","format":"standard","meta":{"footnotes":""},"categories":[10892,10948,10894,10947,10934,10896],"tags":[10899,19135,11147],"class_list":{"0":"post-262227","1":"post","2":"type-post","3":"status-publish","4":"format-standard","5":"has-post-thumbnail","7":"category-camp-de-turia-ca","8":"category-infraestructuras-ca","9":"category-la-comarca-ca","10":"category-politica","11":"category-san-antonio-de-benageber-ca","12":"category-seccion-ca","13":"tag-camp-de-turia-ca","14":"tag-pp-de-san-antonio-de-benageber-ca","15":"tag-san-antoni-de-benageber"},"_links":{"self":[{"href":"https:\/\/www.tucomarca.com\/wordpress\/segunda\/ca\/wp-json\/wp\/v2\/posts\/262227","targetHints":{"allow":["GET"]}}],"collection":[{"href":"https:\/\/www.tucomarca.com\/wordpress\/segunda\/ca\/wp-json\/wp\/v2\/posts"}],"about":[{"href":"https:\/\/www.tucomarca.com\/wordpress\/segunda\/ca\/wp-json\/wp\/v2\/types\/post"}],"author":[{"embeddable":true,"href":"https:\/\/www.tucomarca.com\/wordpress\/segunda\/ca\/wp-json\/wp\/v2\/users\/12"}],"replies":[{"embeddable":true,"href":"https:\/\/www.tucomarca.com\/wordpress\/segunda\/ca\/wp-json\/wp\/v2\/comments?post=262227"}],"version-history":[{"count":0,"href":"https:\/\/www.tucomarca.com\/wordpress\/segunda\/ca\/wp-json\/wp\/v2\/posts\/262227\/revisions"}],"wp:featuredmedia":[{"embeddable":true,"href":"https:\/\/www.tucomarca.com\/wordpress\/segunda\/ca\/wp-json\/wp\/v2\/media\/262225"}],"wp:attachment":[{"href":"https:\/\/www.tucomarca.com\/wordpress\/segunda\/ca\/wp-json\/wp\/v2\/media?parent=262227"}],"wp:term":[{"taxonomy":"category","embeddable":true,"href":"https:\/\/www.tucomarca.com\/wordpress\/segunda\/ca\/wp-json\/wp\/v2\/categories?post=262227"},{"taxonomy":"post_tag","embeddable":true,"href":"https:\/\/www.tucomarca.com\/wordpress\/segunda\/ca\/wp-json\/wp\/v2\/tags?post=262227"}],"curies":[{"name":"wp","href":"https:\/\/api.w.org\/{rel}","templated":true}]}}