{"id":262259,"date":"2025-04-16T08:00:00","date_gmt":"2025-04-16T06:00:00","guid":{"rendered":"https:\/\/www.tucomarca.com\/wordpress\/segunda\/?p=262259"},"modified":"2025-04-16T20:19:37","modified_gmt":"2025-04-16T18:19:37","slug":"linstitut-valencia-de-cultura-revela-els-noms-dels-huit-autors-que-competiran-en-el-torneig-de-dramaturgia","status":"publish","type":"post","link":"https:\/\/www.tucomarca.com\/wordpress\/segunda\/ca\/linstitut-valencia-de-cultura-revela-els-noms-dels-huit-autors-que-competiran-en-el-torneig-de-dramaturgia\/","title":{"rendered":"L\u2019Institut Valenci\u00e0 de Cultura revela els noms dels huit autors que competiran en el Torneig de Dramat\u00fargia"},"content":{"rendered":"\n<h3 class=\"wp-block-heading\">Vicent Domingo ser\u00e0 el mestre de cerim\u00f2nies d\u2019este \u2018combat\u2019 en el qual els protagonistes s\u00f3n els textos.<\/h3>\n\n\n\n<h3 class=\"wp-block-heading\">Se celebrar\u00e0 del 29 d\u2019abril al 5 de juny a Castell\u00f3 de la Plana, Val\u00e8ncia i Alacant.<\/h3>\n\n\n\n<p>L\u2019Institut Valenci\u00e0 de Cultura ha presentat el seu ja tradicional Torneig de Dramat\u00fargia valenciana, que arriba a la seua novena edici\u00f3 amb huit nous autors i amb la mateixa emoci\u00f3 i el mateix protagonista: el text.<\/p>\n\n\n\n<p>El director general de Cultura, Miquel Nadal, i la directora adjunta d\u2019Arts Esc\u00e8niques de l\u2019IVC, Mar\u00eda Jos\u00e9 Mora, han revelat el funcionament del torneig, aix\u00ed com els noms de les dramaturgues i dramaturgs de Castell\u00f3 de la Plana, Val\u00e8ncia i Alacant que participen esta edici\u00f3.<\/p>\n\n\n\n<p>Els autors tenen, com \u00e9s habitual i com succe\u00efx tamb\u00e9 en els combats de boxa, un sobrenom que tamb\u00e9 ha donat a con\u00e9ixer el mestre de cerim\u00f2nies del combat, Vicent Domingo.<\/p>\n\n\n\n<p>Ells s\u00f3n: Iria M\u00e1rquez, \u2018La Rapaci\u00f1a valenciana\u2019; Tom\u00e1s Verd\u00fa, \u2018L\u2019antiheroi de Monteolivet\u2019; Laia Lloret, \u2018La Maliciosa\u2019; Daniel Tormo, \u2018El martell de Vallada\u2019; Javier Vicedo, \u2018Boquer\u00f3n de Castell\u00f3\u2019; Ferran Garrigues, \u2018El Migouet de la Magdalena\u2019; Olga M\u00ednguez, \u2018L\u2019espardenya de Carr\u00fas\u2019 i Cristina Maci\u00e1, \u2018La loca del tercero\u2019.<\/p>\n\n\n\n<p>Tots han d\u2019incloure en els seus textos esta frase del text guanyador de la passada edici\u00f3,&nbsp;<em>Sapiens&nbsp;<\/em>de Mertxe Aguilar: \u201cEls d\u00e9us decidiran per nosaltres. Els d\u00e9us o els que facen m\u00e9s por\u201d. S\u2019enfrontaran per parelles, en els quarts de final, mitjan\u00e7ant dos textos de trenta minuts llegits per dos actors o actrius professionals en un ring de boxa. Els autors no coneixeran els actors que representaran el seu text fins dos hores abans de la representaci\u00f3.<\/p>\n\n\n\n<p>El p\u00fablic \u00e9s el que votar\u00e0 l\u2019obra guanyadora en cada una de les fases, quarts, semifinals i final, que se celebraran en les tres capitals de prov\u00edncia. El torneig reunix d\u2019esta manera huit autors i vint-i-huit int\u00e8rprets sobre els escenaris convertits en ring de boxa.<\/p>\n\n\n\n<p>La directora adjunta d\u2019Arts Esc\u00e8niques de l\u2019Institut Valenci\u00e0 de Cultura ha destacat la import\u00e0ncia d\u2019impulsar este tipus de projectes: \u201cUn dels nostres grans prop\u00f2sits \u00e9s donar suport i refor\u00e7ar al sector professional de les arts esc\u00e8niques i amb el Torneig de Dramat\u00fargia enfortim diversos punts clau de l\u2019escena\u201d.<\/p>\n\n\n\n<p>\u201cD\u2019una banda, l\u2019autoria valenciana en la qual tenim en compte la paritat i la descentralitzaci\u00f3, i d\u2019altra banda el suport als actors i actrius, ja que durant el torneig disposem cada any de vint-i-huit professionals sobre l\u2019escenari\u201d, ha afegit.<\/p>\n\n\n\n<p>Aix\u00ed mateix, Maria Jos\u00e9 Mora ha recordat que des de la direcci\u00f3 adjunta d\u2019Arts Esc\u00e8niques s\u2019han posat en marxa dos nous projectes que enfortixen el sector professional de les arts esc\u00e8niques: \u2018In\u00e8dits\u2019, que proposa fomentar l\u2019autoria valenciana i els nous talents esc\u00e8nics a trav\u00e9s de les lectures dramatitzades; i \u2018Gira escena premiada\u2019, que promou l\u2019exhibici\u00f3 dels espectacles guardonats en els Premis IVC a les Arts Esc\u00e8niques.<\/p>\n\n\n\n<p>Este projecte va n\u00e0ixer dins del prestigi\u00f3s festival Temporada Alta de Girona de la m\u00e0 del dramaturg Jordi Casanovas. Des de 2016 s\u2019organitza tamb\u00e9 en la Comunitat Valenciana i ja tenen el \u2018cintur\u00f3\u2019 de la vict\u00f2ria Juli Disla, Mafalda Bellido, Adri\u00e1n Novella, Borja L\u00f3pez Collado, Sergio Serrano, Amparo Vay\u00e1, Marcos Lu\u00eds Hernando i Merxe Aguilar.<\/p>\n\n\n\n<p><strong>Calendari<\/strong><\/p>\n\n\n\n<p>El torneig se celebrar\u00e0 del 29 d\u2019abril al 5 de juny a Castell\u00f3 de la Plana, Val\u00e8ncia i Alacant amb un total de sis \u2018combats\u2019 i una emocionant final per a decidir qui s\u2019emportar\u00e0 el cintur\u00f3 de campi\u00f3.<\/p>\n\n\n\n<p>Aix\u00ed, els combats de quarts de final seran el 29 i 30 d\u2019abril en el Teatre Rialto de Val\u00e8ncia, el 6 de maig en el Teatre Principal de Castell\u00f3 de la Plana i el 14 de maig en el Teatre Arniches d\u2019Alacant.<\/p>\n\n\n\n<p>Les semifinals se celebraran en el Teatre Rialto de Val\u00e8ncia els dies 29 i 30 de maig i la gran final en el mateix teatre el 5 de juny.<\/p>\n\n\n\n<p>L\u2019entrada \u00e9s gratu\u00efta i es podr\u00e0 arreplegar en la taquilla i en la web de l\u2019<a href=\"https:\/\/taquilla.ivc.gva.es\/va\/recintos\">IVC<\/a>.<\/p>\n\n\n\n<figure class=\"wp-block-image size-large\"><img loading=\"lazy\" decoding=\"async\" width=\"1024\" height=\"683\" src=\"http:\/\/www.tucomarca.com\/wordpress\/segunda\/wp-content\/uploads\/2025\/04\/EDUC_FOTO_IVC_Torneig_02-1024x683.jpg\" alt=\"\" class=\"wp-image-262257\" srcset=\"https:\/\/www.tucomarca.com\/wordpress\/segunda\/wp-content\/uploads\/2025\/04\/EDUC_FOTO_IVC_Torneig_02-1024x683.jpg 1024w, https:\/\/www.tucomarca.com\/wordpress\/segunda\/wp-content\/uploads\/2025\/04\/EDUC_FOTO_IVC_Torneig_02-300x200.jpg 300w, https:\/\/www.tucomarca.com\/wordpress\/segunda\/wp-content\/uploads\/2025\/04\/EDUC_FOTO_IVC_Torneig_02-768x512.jpg 768w, https:\/\/www.tucomarca.com\/wordpress\/segunda\/wp-content\/uploads\/2025\/04\/EDUC_FOTO_IVC_Torneig_02-1536x1024.jpg 1536w, https:\/\/www.tucomarca.com\/wordpress\/segunda\/wp-content\/uploads\/2025\/04\/EDUC_FOTO_IVC_Torneig_02-2048x1365.jpg 2048w\" sizes=\"auto, (max-width: 1024px) 100vw, 1024px\" \/><\/figure>\n","protected":false},"excerpt":{"rendered":"<div class=\"mh-excerpt\">Vicent Domingo ser\u00e0 el mestre de cerim\u00f2nies d\u2019este \u2018combat\u2019 en el qual els protagonistes s\u00f3n els textos. Se celebrar\u00e0 del 29 d\u2019abril al 5 de juny a Castell\u00f3 de la Plana, Val\u00e8ncia i Alacant. L\u2019Institut <a class=\"mh-excerpt-more\" href=\"https:\/\/www.tucomarca.com\/wordpress\/segunda\/ca\/linstitut-valencia-de-cultura-revela-els-noms-dels-huit-autors-que-competiran-en-el-torneig-de-dramaturgia\/\" title=\"L\u2019Institut Valenci\u00e0 de Cultura revela els noms dels huit autors que competiran en el Torneig de Dramat\u00fargia\">[+] <\/a><\/div>\n","protected":false},"author":12,"featured_media":262255,"comment_status":"open","ping_status":"open","sticky":false,"template":"","format":"standard","meta":{"footnotes":""},"categories":[10898,10904,11007,10896],"tags":[13274,17761,15856],"class_list":{"0":"post-262259","1":"post","2":"type-post","3":"status-publish","4":"format-standard","5":"has-post-thumbnail","7":"category-ventana-ca","8":"category-sin-categorizar-ca","9":"category-ocio-y-cultura-ca","10":"category-seccion-ca","11":"tag-institut-valencia-de-cultura-ca","12":"tag-ivc-ca","13":"tag-ocio-y-cultura-ca"},"_links":{"self":[{"href":"https:\/\/www.tucomarca.com\/wordpress\/segunda\/ca\/wp-json\/wp\/v2\/posts\/262259","targetHints":{"allow":["GET"]}}],"collection":[{"href":"https:\/\/www.tucomarca.com\/wordpress\/segunda\/ca\/wp-json\/wp\/v2\/posts"}],"about":[{"href":"https:\/\/www.tucomarca.com\/wordpress\/segunda\/ca\/wp-json\/wp\/v2\/types\/post"}],"author":[{"embeddable":true,"href":"https:\/\/www.tucomarca.com\/wordpress\/segunda\/ca\/wp-json\/wp\/v2\/users\/12"}],"replies":[{"embeddable":true,"href":"https:\/\/www.tucomarca.com\/wordpress\/segunda\/ca\/wp-json\/wp\/v2\/comments?post=262259"}],"version-history":[{"count":0,"href":"https:\/\/www.tucomarca.com\/wordpress\/segunda\/ca\/wp-json\/wp\/v2\/posts\/262259\/revisions"}],"wp:featuredmedia":[{"embeddable":true,"href":"https:\/\/www.tucomarca.com\/wordpress\/segunda\/ca\/wp-json\/wp\/v2\/media\/262255"}],"wp:attachment":[{"href":"https:\/\/www.tucomarca.com\/wordpress\/segunda\/ca\/wp-json\/wp\/v2\/media?parent=262259"}],"wp:term":[{"taxonomy":"category","embeddable":true,"href":"https:\/\/www.tucomarca.com\/wordpress\/segunda\/ca\/wp-json\/wp\/v2\/categories?post=262259"},{"taxonomy":"post_tag","embeddable":true,"href":"https:\/\/www.tucomarca.com\/wordpress\/segunda\/ca\/wp-json\/wp\/v2\/tags?post=262259"}],"curies":[{"name":"wp","href":"https:\/\/api.w.org\/{rel}","templated":true}]}}