{"id":262335,"date":"2025-04-16T13:45:00","date_gmt":"2025-04-16T11:45:00","guid":{"rendered":"https:\/\/www.tucomarca.com\/wordpress\/segunda\/?p=262335"},"modified":"2025-04-16T21:22:02","modified_gmt":"2025-04-16T19:22:02","slug":"la-diputacio-de-valencia-protegix-en-utiel-lentorn-de-les-urbanitzacions-de-casas-de-medina-i-el-hontanar","status":"publish","type":"post","link":"https:\/\/www.tucomarca.com\/wordpress\/segunda\/ca\/la-diputacio-de-valencia-protegix-en-utiel-lentorn-de-les-urbanitzacions-de-casas-de-medina-i-el-hontanar\/","title":{"rendered":"La Diputaci\u00f3 de Val\u00e8ncia protegix en Utiel l\u2019entorn de les urbanitzacions de Casas de Medina i el Hontanar"},"content":{"rendered":"\n<h3 class=\"wp-block-heading\">Efectius de les Brigades Forestals del Consorci Provincial de Bombers de Val\u00e8ncia (CPBV) creen una faixa de protecci\u00f3 de 30 metres d&#8217;amplitud que separa el terreny urbanitzat de la massa forestal.<\/h3>\n\n\n\n<h3 class=\"wp-block-heading\">El president del CPBV i diputat de Medi Ambient, Avelino Mascarell indica que \u201ces tracta d&#8217;una de les actuacions preventives de major extensi\u00f3 en tota la prov\u00edncia\u201d i senyala que \u201cl&#8217;estrat\u00e8gia de lluita contra el foc ha de partir sempre d&#8217;un treball preventiu\u201d.<\/h3>\n\n\n\n<h3 class=\"wp-block-heading\">L&#8217;alcalde d&#8217;Utiel, Ricardo Gabald\u00f3n, destaca que \u201cl&#8217;objectiu d&#8217;esta intervenci\u00f3 \u00e9s garantir la seguretat en els dos nuclis poblacions, on viuen persones durant tot l&#8217;any, no sols en per\u00edodes vacacionals\u201d.<\/h3>\n\n\n\n<p>Les brigades forestals BRIFO del Consorci Provincial de Bombers de Val\u00e8ncia (CPBV) avancen en els treballs de prevenci\u00f3 d&#8217;incendis en la interf\u00edcie urbana forestal que envolta les urbanitzacions de Casas de Medina i el Hontanar, en el terme municipal d&#8217;Utiel.<\/p>\n\n\n\n<p>Per a aix\u00f2, es treballa en l&#8217;obertura i manteniment de faixes perimetrals d&#8217;almenys 30 metres d&#8217;ampl\u00e0ria, tal com establix la normativa vigent. D&#8217;esta manera, es redu\u00efx la continu\u00eftat i la c\u00e0rrega de combustible de biomassa en la franja en la qual confronten l&#8217;entorn forestal i els nuclis habitats, protegint aix\u00ed la seguretat de les persones que habiten en les vivendes, ja que es disminu\u00efx la capacitat de propagaci\u00f3 dels incendis. A m\u00e9s, esta zona de seguretat facilita la intervenci\u00f3 del dispositiu d&#8217;emerg\u00e8ncies en una eventual mobilitzaci\u00f3.<\/p>\n\n\n\n<p>Amb una superf\u00edcie de treball de m\u00e9s de 40 hect\u00e0rees, esta interf\u00edcie \u201c\u00e9s una de les m\u00e9s rellevants en les quals estan treballant les brigades de cara als mesos de major risc d&#8217;incendis, no sols a la comarca d&#8217;Utiel Requena, sin\u00f3 en tota la prov\u00edncia de Val\u00e8ncia\u201d, explica el president del Consorci i diputat de Medi Ambient, Avelino Mascarell, i incidix en qu\u00e8 \u201cl&#8217;estrat\u00e8gia de lluita contra el foc ha de partir sempre d&#8217;un treball preventiu, que duen a terme les brigades desplegades en totes les comarques durant tot l\u2019any\u201d. \u201cEstem empenyats en previndre, i tamb\u00e9 en generar una ind\u00fastria a trav\u00e9s de l&#8217;aprofitament de la biomassa forestal que estimule la inversi\u00f3 i l&#8217;empreneniment privats en el nostre interior i coopere amb la gesti\u00f3 p\u00fablica dels nostres boscos\u201d.<\/p>\n\n\n\n<p>En la mateixa l\u00ednia es manifesta l&#8217;alcalde d&#8217;Utiel, Ricardo Gabald\u00f3n, que incidix en qu\u00e8 \u201cla seguretat d&#8217;estos nuclis poblacionals \u00e9s una prioritat per a l&#8217;ajuntament d&#8217;Utiel; i el Consorci ha demostrat que tamb\u00e9 ho \u00e9s per a esta entitat dependent de la Diputaci\u00f3\u201d i ha recordat que \u201ctant en Casas de Medina com en el Hontanar habiten persones durant tot l&#8217;any, no sols en caps de setmana o per\u00edodes vacacionals\u201d.<\/p>\n\n\n\n<p>La intervenci\u00f3 dirigida pel Consorci Provincial de Bombers de Val\u00e8ncia va comptar en una primera fase amb la col\u00b7laboraci\u00f3 de l&#8217;empresa p\u00fablica Tragsa, que va aportar tractors forestals per a millorar l&#8217;efectivitat dels treballs; per a continuar ara les brigades BRIFO amb la seua ferramenta habitual.<\/p>\n\n\n\n<p>Aix\u00ed mateix, per a la planificaci\u00f3 i el seguiment de la intervenci\u00f3, l&#8217;equip de coordinaci\u00f3 i el gabinet t\u00e8cnic del Consorci estan en permanent contacte amb el propi ajuntament d&#8217;Utiel i altres entitats com la Conselleria de Medi Ambient, Aigua, Infraestructures i Territori; l&#8217;\u00e0rea de Carreteres de la Diputaci\u00f3, agents mediambientals que estan en contacte amb fusters i l&#8217;empresa concession\u00e0ria de la xarxa el\u00e8ctrica.<\/p>\n\n\n\n<p><strong>Estrat\u00e8gia de prevenci\u00f3 en el Consorci<\/strong><\/p>\n\n\n\n<p>La interf\u00edcie urbana forestal de les urbanitzacions Casas de Medina i el Hontanar a Utiel s&#8217;emmarca en l&#8217;estrat\u00e8gia general de prevenci\u00f3 d&#8217;incendis forestals impulsada des del Consorci Provincial de Bombers de Val\u00e8ncia.<\/p>\n\n\n\n<p>Concretament, s\u00f3n els efectius de les brigades de Requena, Villargordo del Cabriel i Sinarcas, juntament amb els coordinadors de la zona, els qui treballen di\u00e0riament per a l&#8217;obertura i manteniment d&#8217;unes faixes perimetrals d&#8217;entre 30 i 50 metres d&#8217;ampl\u00e0ria, segons la zona, mitjan\u00e7ant el desbrossament, poda, tala selectiva, acordonat de restes, trituraci\u00f3 mitjan\u00e7ant maquin\u00e0ria especialitzada i transport de la fusta fins a zones d&#8217;apilament.<\/p>\n\n\n\n<p>Este tipus d&#8217;actuacions \u00e9s d&#8217;especial rellev\u00e0ncia ja que disminu\u00efx el risc en dos sentits: un eventual foc que comprometa la seguretat de les persones que habiten en la zona, i un possible accident en una vivenda que desencadene un incendi forestal de grans dimensions.<\/p>\n\n\n\n<figure class=\"wp-block-image size-large\"><img loading=\"lazy\" decoding=\"async\" width=\"1024\" height=\"681\" src=\"http:\/\/www.tucomarca.com\/wordpress\/segunda\/wp-content\/uploads\/2025\/04\/Biotrituradora-1024x681.jpg\" alt=\"\" class=\"wp-image-262329\" srcset=\"https:\/\/www.tucomarca.com\/wordpress\/segunda\/wp-content\/uploads\/2025\/04\/Biotrituradora-1024x681.jpg 1024w, https:\/\/www.tucomarca.com\/wordpress\/segunda\/wp-content\/uploads\/2025\/04\/Biotrituradora-300x200.jpg 300w, https:\/\/www.tucomarca.com\/wordpress\/segunda\/wp-content\/uploads\/2025\/04\/Biotrituradora-768x511.jpg 768w, https:\/\/www.tucomarca.com\/wordpress\/segunda\/wp-content\/uploads\/2025\/04\/Biotrituradora-1536x1022.jpg 1536w, https:\/\/www.tucomarca.com\/wordpress\/segunda\/wp-content\/uploads\/2025\/04\/Biotrituradora-2048x1363.jpg 2048w\" sizes=\"auto, (max-width: 1024px) 100vw, 1024px\" \/><\/figure>\n","protected":false},"excerpt":{"rendered":"<div class=\"mh-excerpt\">Efectius de les Brigades Forestals del Consorci Provincial de Bombers de Val\u00e8ncia (CPBV) creen una faixa de protecci\u00f3 de 30 metres d&#8217;amplitud que separa el terreny urbanitzat de la massa forestal. El president del CPBV <a class=\"mh-excerpt-more\" href=\"https:\/\/www.tucomarca.com\/wordpress\/segunda\/ca\/la-diputacio-de-valencia-protegix-en-utiel-lentorn-de-les-urbanitzacions-de-casas-de-medina-i-el-hontanar\/\" title=\"La Diputaci\u00f3 de Val\u00e8ncia protegix en Utiel l\u2019entorn de les urbanitzacions de Casas de Medina i el Hontanar\">[+] <\/a><\/div>\n","protected":false},"author":13,"featured_media":262333,"comment_status":"open","ping_status":"open","sticky":false,"template":"","format":"standard","meta":{"footnotes":""},"categories":[10898,10948,10894,10904,10903,10947,10909,10896,10897,11059],"tags":[15409,12903,21009,12166,10910,11174],"class_list":{"0":"post-262335","1":"post","2":"type-post","3":"status-publish","4":"format-standard","5":"has-post-thumbnail","7":"category-ventana-ca","8":"category-infraestructuras-ca","9":"category-la-comarca-ca","10":"category-sin-categorizar-ca","11":"category-medio-ambiente-la-comarca-ca","12":"category-politica","13":"category-requena-utiel-ca","14":"category-seccion-ca","15":"category-sucesos-la-comarca-ca","16":"category-utiel-ca","17":"tag-dana-2-ca","18":"tag-infraestructuras-ca","19":"tag-la-diputacio-de-valencia-ca","20":"tag-medio-ambiente-ca","21":"tag-requena-utiel-ca","22":"tag-utiel-ca"},"_links":{"self":[{"href":"https:\/\/www.tucomarca.com\/wordpress\/segunda\/ca\/wp-json\/wp\/v2\/posts\/262335","targetHints":{"allow":["GET"]}}],"collection":[{"href":"https:\/\/www.tucomarca.com\/wordpress\/segunda\/ca\/wp-json\/wp\/v2\/posts"}],"about":[{"href":"https:\/\/www.tucomarca.com\/wordpress\/segunda\/ca\/wp-json\/wp\/v2\/types\/post"}],"author":[{"embeddable":true,"href":"https:\/\/www.tucomarca.com\/wordpress\/segunda\/ca\/wp-json\/wp\/v2\/users\/13"}],"replies":[{"embeddable":true,"href":"https:\/\/www.tucomarca.com\/wordpress\/segunda\/ca\/wp-json\/wp\/v2\/comments?post=262335"}],"version-history":[{"count":0,"href":"https:\/\/www.tucomarca.com\/wordpress\/segunda\/ca\/wp-json\/wp\/v2\/posts\/262335\/revisions"}],"wp:featuredmedia":[{"embeddable":true,"href":"https:\/\/www.tucomarca.com\/wordpress\/segunda\/ca\/wp-json\/wp\/v2\/media\/262333"}],"wp:attachment":[{"href":"https:\/\/www.tucomarca.com\/wordpress\/segunda\/ca\/wp-json\/wp\/v2\/media?parent=262335"}],"wp:term":[{"taxonomy":"category","embeddable":true,"href":"https:\/\/www.tucomarca.com\/wordpress\/segunda\/ca\/wp-json\/wp\/v2\/categories?post=262335"},{"taxonomy":"post_tag","embeddable":true,"href":"https:\/\/www.tucomarca.com\/wordpress\/segunda\/ca\/wp-json\/wp\/v2\/tags?post=262335"}],"curies":[{"name":"wp","href":"https:\/\/api.w.org\/{rel}","templated":true}]}}