{"id":262355,"date":"2025-04-17T09:00:00","date_gmt":"2025-04-17T07:00:00","guid":{"rendered":"https:\/\/www.tucomarca.com\/wordpress\/segunda\/?p=262355"},"modified":"2025-04-17T12:59:31","modified_gmt":"2025-04-17T10:59:31","slug":"lajuntament-de-xest-renova-les-pistes-de-padel-del-poliesportiu","status":"publish","type":"post","link":"https:\/\/www.tucomarca.com\/wordpress\/segunda\/ca\/lajuntament-de-xest-renova-les-pistes-de-padel-del-poliesportiu\/","title":{"rendered":"L&#8217;Ajuntament de Xest renova les pistes de p\u00e0del del poliesportiu"},"content":{"rendered":"\n<p>L&#8217;Ajuntament ja ha finalitzat la renovaci\u00f3 de les pistes de p\u00e0del del poliesportiu, amb desperfectes i en mal estat des de la Dana del passat 29 d&#8217;octubre. Aquesta \u00e9s una de les primeres actuacions que s&#8217;ha dut a terme amb c\u00e0rrec a la donaci\u00f3 realitzada per MotoGP a les poblacions afectades confrontants al Circuit Ricardo Tormo, Xest i Xiva, de la qual Xest ha rebut prop de mig mili\u00f3 d&#8217;euros per a invertir en instal\u00b7lacions esportives municipals.<\/p>\n\n\n\n<p>\u201cLes pistes de p\u00e0del es van quedar inundades i les moquetes tenien forats, estaven desgastades en la part posterior i era necessari canviar-les, tamb\u00e9 s&#8217;han renovat els vinils, i les xarxes es canviaran en els pr\u00f2xims dies, ja que estaven desgastades pel sol i la pluja. En total hem invertit uns 23.000 euros\u201d, ha explicat el regidor d&#8217;Esports, Adri\u00e1n Tar\u00edn. \u201cA m\u00e9s, amb els diners donats per MotoGP es va reparar la teulada del pavell\u00f3, les pistes de tenis noves, que no drenaven b\u00e9 l&#8217;aigua i necessitaven xarxes noves; aix\u00ed com la depuradora de les piscines, i pr\u00f2ximament es renovar\u00e0 el front\u00f3 i els vestuaris del poliesportiu, entre altres\u201d.<\/p>\n\n\n\n<p>L&#8217;alcalde, Jos\u00e9 Morell, per part seua, ha agra\u00eft una vegada m\u00e9s la solidaritat de Moto GP. \u201cDes de l&#8217;Ajuntament valorem molt el comprom\u00eds mostrat pel m\u00f3n del motor davant la trag\u00e8dia que hem patit\u201d, ha apuntat.<\/p>\n","protected":false},"excerpt":{"rendered":"<div class=\"mh-excerpt\">L&#8217;Ajuntament ja ha finalitzat la renovaci\u00f3 de les pistes de p\u00e0del del poliesportiu, amb desperfectes i en mal estat des de la Dana del passat 29 d&#8217;octubre. Aquesta \u00e9s una de les primeres actuacions que <a class=\"mh-excerpt-more\" href=\"https:\/\/www.tucomarca.com\/wordpress\/segunda\/ca\/lajuntament-de-xest-renova-les-pistes-de-padel-del-poliesportiu\/\" title=\"L&#8217;Ajuntament de Xest renova les pistes de p\u00e0del del poliesportiu\">[+] <\/a><\/div>\n","protected":false},"author":13,"featured_media":262353,"comment_status":"open","ping_status":"open","sticky":false,"template":"","format":"standard","meta":{"footnotes":""},"categories":[11003,10948,10894,10912,11009,10896,10974],"tags":[11071,11074,12903,10914],"class_list":{"0":"post-262355","1":"post","2":"type-post","3":"status-publish","4":"format-standard","5":"has-post-thumbnail","7":"category-sports","8":"category-infraestructuras-ca","9":"category-la-comarca-ca","10":"category-la-hoya-ca","11":"category-polideportivo-ca","12":"category-seccion-ca","13":"category-cheste-ca","14":"tag-cheste","15":"tag-deportes-ca","16":"tag-infraestructuras-ca","17":"tag-la-hoya-de-bunol-chiva-ca"},"_links":{"self":[{"href":"https:\/\/www.tucomarca.com\/wordpress\/segunda\/ca\/wp-json\/wp\/v2\/posts\/262355","targetHints":{"allow":["GET"]}}],"collection":[{"href":"https:\/\/www.tucomarca.com\/wordpress\/segunda\/ca\/wp-json\/wp\/v2\/posts"}],"about":[{"href":"https:\/\/www.tucomarca.com\/wordpress\/segunda\/ca\/wp-json\/wp\/v2\/types\/post"}],"author":[{"embeddable":true,"href":"https:\/\/www.tucomarca.com\/wordpress\/segunda\/ca\/wp-json\/wp\/v2\/users\/13"}],"replies":[{"embeddable":true,"href":"https:\/\/www.tucomarca.com\/wordpress\/segunda\/ca\/wp-json\/wp\/v2\/comments?post=262355"}],"version-history":[{"count":0,"href":"https:\/\/www.tucomarca.com\/wordpress\/segunda\/ca\/wp-json\/wp\/v2\/posts\/262355\/revisions"}],"wp:featuredmedia":[{"embeddable":true,"href":"https:\/\/www.tucomarca.com\/wordpress\/segunda\/ca\/wp-json\/wp\/v2\/media\/262353"}],"wp:attachment":[{"href":"https:\/\/www.tucomarca.com\/wordpress\/segunda\/ca\/wp-json\/wp\/v2\/media?parent=262355"}],"wp:term":[{"taxonomy":"category","embeddable":true,"href":"https:\/\/www.tucomarca.com\/wordpress\/segunda\/ca\/wp-json\/wp\/v2\/categories?post=262355"},{"taxonomy":"post_tag","embeddable":true,"href":"https:\/\/www.tucomarca.com\/wordpress\/segunda\/ca\/wp-json\/wp\/v2\/tags?post=262355"}],"curies":[{"name":"wp","href":"https:\/\/api.w.org\/{rel}","templated":true}]}}