{"id":262493,"date":"2025-04-17T14:30:00","date_gmt":"2025-04-17T12:30:00","guid":{"rendered":"https:\/\/www.tucomarca.com\/wordpress\/segunda\/?p=262493"},"modified":"2025-04-17T19:46:55","modified_gmt":"2025-04-17T17:46:55","slug":"emergencies-posa-en-marxa-les-mesures-especials-del-dispositiu-extraordinari-de-prevencio-i-extincio-dincendis-per-a-setmana-santa-i-pasqua","status":"publish","type":"post","link":"https:\/\/www.tucomarca.com\/wordpress\/segunda\/ca\/emergencies-posa-en-marxa-les-mesures-especials-del-dispositiu-extraordinari-de-prevencio-i-extincio-dincendis-per-a-setmana-santa-i-pasqua\/","title":{"rendered":"Emerg\u00e8ncies posa en marxa les mesures especials del dispositiu extraordinari de prevenci\u00f3 i extinci\u00f3 d&#8217;incendis per a Setmana Santa i Pasqua"},"content":{"rendered":"\n<h3 class=\"wp-block-heading\">El conseller d&#8217;Emerg\u00e8ncies i Interior, que ha visitat la base a\u00e8ria d&#8217;\u00c9nguera, convida a la ciutadania a \u201cgaudir de la riquesa de l&#8217;entorn natural amb responsabilitat i sentit com\u00fa\u201d.<\/h3>\n\n\n\n<h3 class=\"wp-block-heading\">S&#8217;activen les actuacions preventives previstes en el nivell de risc m\u00e0xim d&#8217;incendis forestals i s&#8217;intensificaran els vols de vigil\u00e0ncia.<\/h3>\n\n\n\n<p>La Conselleria d&#8217;Emerg\u00e8ncies i Interior ha posat en marxa aquest dijous les mesures especials del dispositiu extraordinari de prevenci\u00f3 i extinci\u00f3 d&#8217;incendis forestals per a Setmana Santa i Pasqua, que est\u00e0 previst que es desenvolupen fins el pr\u00f2xim dia 28.<\/p>\n\n\n\n<p>D&#8217;aquesta manera, a partir d&#8217;aquest dijous, i amb independ\u00e8ncia del nivell de preemerg\u00e8ncia que es declare, s&#8217;activen les mesures de vigil\u00e0ncia previstes en el nivell 3, de risc m\u00e0xim d&#8217;incendis forestals.<\/p>\n\n\n\n<p>El conseller d&#8217;Emerg\u00e8ncies i Interior, Juan Carlos Valderrama, que ha visitat la base a\u00e8ria de prevenci\u00f3 i extinci\u00f3 d&#8217;incendis d&#8217;\u00c9nguera, ha realitzat una crida a la ciutadania per a \u201cgaudir de la riquesa de l&#8217;entorn natural amb responsabilitat i sentit com\u00fa\u201d.<\/p>\n\n\n\n<p>El responsable d&#8217;Emerg\u00e8ncies ha remarcat que \u201cs&#8217;ha dissenyat un dispositiu extraordinari de prevenci\u00f3 i extinci\u00f3 adaptat a les necessitats del territori que permet posar tots els mitjans humans i t\u00e8cnics al servei de la protecci\u00f3 de l&#8217;entorn natural\u201d. I en aquest sentit -ha subratllat- \u201cla col\u00b7laboraci\u00f3 ciutadana \u00e9s una pe\u00e7a clau per a la preservaci\u00f3 de les nostres muntanyes\u201d.<\/p>\n\n\n\n<p>El titular d&#8217;Emerg\u00e8ncies ha ressaltat a m\u00e9s la import\u00e0ncia estrat\u00e8gica de la base a\u00e8ria d&#8217;\u00c9nguera, en funcionament des de 1973 i una de les m\u00e9s antigues d&#8217;Espanya, aix\u00ed com la seua ubicaci\u00f3 privilegiada, que la fan \u201cfonamental per a les labors de vigil\u00e0ncia i l&#8217;operativitat dels serveis de prevenci\u00f3 i extinci\u00f3\u201d.<\/p>\n\n\n\n<figure class=\"wp-block-gallery has-nested-images columns-default is-cropped wp-block-gallery-1 is-layout-flex wp-block-gallery-is-layout-flex\">\n<figure class=\"wp-block-image size-large\"><img loading=\"lazy\" decoding=\"async\" width=\"1024\" height=\"576\" data-id=\"262486\" src=\"https:\/\/www.tucomarca.com\/wordpress\/segunda\/wp-content\/uploads\/2025\/04\/EmergenciasIncendios1-1024x576.jpeg\" alt=\"\" class=\"wp-image-262486\" srcset=\"https:\/\/www.tucomarca.com\/wordpress\/segunda\/wp-content\/uploads\/2025\/04\/EmergenciasIncendios1-1024x576.jpeg 1024w, https:\/\/www.tucomarca.com\/wordpress\/segunda\/wp-content\/uploads\/2025\/04\/EmergenciasIncendios1-300x169.jpeg 300w, https:\/\/www.tucomarca.com\/wordpress\/segunda\/wp-content\/uploads\/2025\/04\/EmergenciasIncendios1-768x432.jpeg 768w, https:\/\/www.tucomarca.com\/wordpress\/segunda\/wp-content\/uploads\/2025\/04\/EmergenciasIncendios1-1536x864.jpeg 1536w, https:\/\/www.tucomarca.com\/wordpress\/segunda\/wp-content\/uploads\/2025\/04\/EmergenciasIncendios1-2048x1152.jpeg 2048w, https:\/\/www.tucomarca.com\/wordpress\/segunda\/wp-content\/uploads\/2025\/04\/EmergenciasIncendios1-678x381.jpeg 678w\" sizes=\"auto, (max-width: 1024px) 100vw, 1024px\" \/><\/figure>\n<\/figure>\n\n\n\n<p><\/p>\n\n\n\n<p><strong>Intensificaci\u00f3 de la vigil\u00e0ncia a\u00e8ria<\/strong><\/p>\n\n\n\n<p>El conseller ha recordat que el dispositiu extraordinari dissenyat per a Setmana Santa i Pasqua inclou la intensificaci\u00f3 dels vols de vigil\u00e0ncia en els territoris de major massa forestal del 18 al 21 d&#8217;abril i del 26 al 28 d&#8217;abril, els dies considerats de major risc.<\/p>\n\n\n\n<p>A m\u00e9s, els avions de vigil\u00e0ncia preventiva enlairaran carregats amb aigua i espum\u00f3geno, la qual cosa permetr\u00e0, en cas necessari, efectuar un primer atac immediat sobre qualsevol focus detectat.<\/p>\n\n\n\n<p>La base d&#8217;\u00c9nguera comptar\u00e0 amb un avi\u00f3 de c\u00e0rrega en terra i un helic\u00f2pter de llan\u00e7ament d&#8217;aigua i transport de personal, per\u00f2 el dispositiu localitzat a la prov\u00edncia de Val\u00e8ncia inclour\u00e0 tamb\u00e9 un avi\u00f3 de c\u00e0rrega en terra i un helic\u00f2pter de llan\u00e7ament d&#8217;aigua i transport de personal en la base de Setaig\u00fces, i amb dos helic\u00f2pters de coordinaci\u00f3 i rescat en l&#8217;aeroport de Manises, entre altres recursos.<\/p>\n\n\n\n<p>A m\u00e9s, a la prov\u00edncia de Castell\u00f3 hi haur\u00e0 un helic\u00f2pter de llan\u00e7ament d&#8217;aigua i transport de personal en l&#8217;heliport de T\u00edrig; un avi\u00f3 amfibi en l&#8217;aeroport; un avi\u00f3 de c\u00e0rrega en terra, un helic\u00f2pter de llan\u00e7ament d&#8217;aigua i transport i un helic\u00f2pter d&#8217;urg\u00e8ncies sanit\u00e0ries en l&#8217;aer\u00f2drom.<\/p>\n\n\n\n<p>Aix\u00ed mateix, a la prov\u00edncia d&#8217;Alacant se situar\u00e0 un helic\u00f2pter de llan\u00e7ament d&#8217;aigua i transport de personal en l&#8217;heliport de Cocoll, situat en el terme de Castell de Castells, i un avi\u00f3 amfibi, un helic\u00f2pter de transport i extinci\u00f3 i un helic\u00f2pter d&#8217;urg\u00e8ncies sanit\u00e0ries en l&#8217;aer\u00f2drom de Mutxamel.<\/p>\n\n\n\n<figure class=\"wp-block-gallery has-nested-images columns-default is-cropped wp-block-gallery-2 is-layout-flex wp-block-gallery-is-layout-flex\">\n<figure class=\"wp-block-image size-large\"><img loading=\"lazy\" decoding=\"async\" width=\"1024\" height=\"576\" data-id=\"262490\" src=\"https:\/\/www.tucomarca.com\/wordpress\/segunda\/wp-content\/uploads\/2025\/04\/EmergenciasIncendios3-1024x576.jpeg\" alt=\"\" class=\"wp-image-262490\" srcset=\"https:\/\/www.tucomarca.com\/wordpress\/segunda\/wp-content\/uploads\/2025\/04\/EmergenciasIncendios3-1024x576.jpeg 1024w, https:\/\/www.tucomarca.com\/wordpress\/segunda\/wp-content\/uploads\/2025\/04\/EmergenciasIncendios3-300x169.jpeg 300w, https:\/\/www.tucomarca.com\/wordpress\/segunda\/wp-content\/uploads\/2025\/04\/EmergenciasIncendios3-768x432.jpeg 768w, https:\/\/www.tucomarca.com\/wordpress\/segunda\/wp-content\/uploads\/2025\/04\/EmergenciasIncendios3-1536x864.jpeg 1536w, https:\/\/www.tucomarca.com\/wordpress\/segunda\/wp-content\/uploads\/2025\/04\/EmergenciasIncendios3-2048x1152.jpeg 2048w, https:\/\/www.tucomarca.com\/wordpress\/segunda\/wp-content\/uploads\/2025\/04\/EmergenciasIncendios3-678x381.jpeg 678w\" sizes=\"auto, (max-width: 1024px) 100vw, 1024px\" \/><\/figure>\n<\/figure>\n\n\n\n<p><\/p>\n\n\n\n<p><strong>Coordinaci\u00f3 de m\u00e9s de 1.300 efectius<\/strong><\/p>\n\n\n\n<p>En el seu conjunt, la Generalitat, a trav\u00e9s els departaments Emerg\u00e8ncies i Interior i de Medi Ambient, Infraestructures i Territori, coordinar\u00e0 a 1.357 efectius dels cossos de prevenci\u00f3 i extinci\u00f3 d&#8217;incendis, dels quals 467 corresponen a la prov\u00edncia de Val\u00e8ncia, 338 a la prov\u00edncia d&#8217;Alacant i 552 a la prov\u00edncia de Castell\u00f3.<\/p>\n\n\n\n<p>Durant aquests dies, la Generalitat comptar\u00e0 amb 56 unitats terrestres, 45 de les quals estan dotades amb autobombes, i sis unitats helitransportadas desplegades per tot el territori forestal valenci\u00e0.<\/p>\n\n\n\n<p>Paral\u00b7lelament, s&#8217;ha refor\u00e7at en un 3% el personal en atenci\u00f3 de crides del 1\u00b71\u00b72, en el Centre de Coordinaci\u00f3 d&#8217;Emerg\u00e8ncies de la Generalitat. Aix\u00ed mateix, la Policia de la Generalitat desplegar\u00e0 unitats dedicades a vigil\u00e0ncies preventives en zones recreatives.<\/p>\n","protected":false},"excerpt":{"rendered":"<div class=\"mh-excerpt\">El conseller d&#8217;Emerg\u00e8ncies i Interior, que ha visitat la base a\u00e8ria d&#8217;\u00c9nguera, convida a la ciutadania a \u201cgaudir de la riquesa de l&#8217;entorn natural amb responsabilitat i sentit com\u00fa\u201d. S&#8217;activen les actuacions preventives previstes en <a class=\"mh-excerpt-more\" href=\"https:\/\/www.tucomarca.com\/wordpress\/segunda\/ca\/emergencies-posa-en-marxa-les-mesures-especials-del-dispositiu-extraordinari-de-prevencio-i-extincio-dincendis-per-a-setmana-santa-i-pasqua\/\" title=\"Emerg\u00e8ncies posa en marxa les mesures especials del dispositiu extraordinari de prevenci\u00f3 i extinci\u00f3 d&#8217;incendis per a Setmana Santa i Pasqua\">[+] <\/a><\/div>\n","protected":false},"author":1,"featured_media":262489,"comment_status":"open","ping_status":"open","sticky":false,"template":"","format":"gallery","meta":{"footnotes":""},"categories":[10969,10898,10948,10963,10894,10904,10903,11007,10947,10896,10897],"tags":[22187,22188,22189,19792,11247,22190,22191,17660,11199,12166,16787],"class_list":{"0":"post-262493","1":"post","2":"type-post","3":"status-publish","4":"format-gallery","5":"has-post-thumbnail","7":"category-enguera-ca","8":"category-ventana-ca","9":"category-infraestructuras-ca","10":"category-la-canal-de-navarres-ca","11":"category-la-comarca-ca","12":"category-sin-categorizar-ca","13":"category-medio-ambiente-la-comarca-ca","14":"category-ocio-y-cultura-ca","15":"category-politica","16":"category-seccion-ca","17":"category-sucesos-la-comarca-ca","18":"tag-al-ca","19":"tag-campana-ca","20":"tag-conselleria-de-emergencias-ca","21":"tag-conselleria-de-medio-ambiente-ca","22":"tag-emergencias-ca","23":"tag-foc-ca","24":"tag-forestales-ca","25":"tag-incendios-ca","26":"tag-la-comunitat-ca","27":"tag-medio-ambiente-ca","28":"tag-prevencion-ca","29":"post_format-post-format-gallery"},"_links":{"self":[{"href":"https:\/\/www.tucomarca.com\/wordpress\/segunda\/ca\/wp-json\/wp\/v2\/posts\/262493","targetHints":{"allow":["GET"]}}],"collection":[{"href":"https:\/\/www.tucomarca.com\/wordpress\/segunda\/ca\/wp-json\/wp\/v2\/posts"}],"about":[{"href":"https:\/\/www.tucomarca.com\/wordpress\/segunda\/ca\/wp-json\/wp\/v2\/types\/post"}],"author":[{"embeddable":true,"href":"https:\/\/www.tucomarca.com\/wordpress\/segunda\/ca\/wp-json\/wp\/v2\/users\/1"}],"replies":[{"embeddable":true,"href":"https:\/\/www.tucomarca.com\/wordpress\/segunda\/ca\/wp-json\/wp\/v2\/comments?post=262493"}],"version-history":[{"count":0,"href":"https:\/\/www.tucomarca.com\/wordpress\/segunda\/ca\/wp-json\/wp\/v2\/posts\/262493\/revisions"}],"wp:featuredmedia":[{"embeddable":true,"href":"https:\/\/www.tucomarca.com\/wordpress\/segunda\/ca\/wp-json\/wp\/v2\/media\/262489"}],"wp:attachment":[{"href":"https:\/\/www.tucomarca.com\/wordpress\/segunda\/ca\/wp-json\/wp\/v2\/media?parent=262493"}],"wp:term":[{"taxonomy":"category","embeddable":true,"href":"https:\/\/www.tucomarca.com\/wordpress\/segunda\/ca\/wp-json\/wp\/v2\/categories?post=262493"},{"taxonomy":"post_tag","embeddable":true,"href":"https:\/\/www.tucomarca.com\/wordpress\/segunda\/ca\/wp-json\/wp\/v2\/tags?post=262493"}],"curies":[{"name":"wp","href":"https:\/\/api.w.org\/{rel}","templated":true}]}}