{"id":262905,"date":"2025-04-20T09:00:00","date_gmt":"2025-04-20T07:00:00","guid":{"rendered":"https:\/\/www.tucomarca.com\/wordpress\/segunda\/?p=262905"},"modified":"2025-04-22T10:33:46","modified_gmt":"2025-04-22T08:33:46","slug":"incendi-en-un-garatge-de-la-pobla-de-vallbona","status":"publish","type":"post","link":"https:\/\/www.tucomarca.com\/wordpress\/segunda\/ca\/incendi-en-un-garatge-de-la-pobla-de-vallbona\/","title":{"rendered":"Incendi en un garatge de La Pobla de Vallbona"},"content":{"rendered":"\n<p>Efectius de l Consorci Provincial de Bombers han actuat en l&#8217;incendi d&#8217;un garatge situat en una finca de la localitat de Camp de T\u00faria de La Pobla de Vallbona, concretament situat al carrer Poeta Llorente, amb tres dotacions de Torrent, Burjassot i l&#8217;Eliana, a m\u00e9s del sergent de Paterna i un oficial. La finca va ser evacuada per prevenci\u00f3.<\/p>\n\n\n\n<p>El garatge allotjava uns cinc vehicles, que van resultar danyats, havent-hi tamb\u00e9 suficient afectaci\u00f3 en les pr\u00f2pies instal\u00b7lacions del garatge.<\/p>\n\n\n\n<figure class=\"wp-block-gallery has-nested-images columns-1 is-cropped wp-block-gallery-1 is-layout-flex wp-block-gallery-is-layout-flex\">\n<figure class=\"wp-block-image size-large\"><img loading=\"lazy\" decoding=\"async\" width=\"768\" height=\"1024\" data-id=\"262878\" src=\"https:\/\/www.tucomarca.com\/wordpress\/segunda\/wp-content\/uploads\/2025\/04\/Caudeteincendio3-768x1024.jpg\" alt=\"\" class=\"wp-image-262878\" srcset=\"https:\/\/www.tucomarca.com\/wordpress\/segunda\/wp-content\/uploads\/2025\/04\/Caudeteincendio3-768x1024.jpg 768w, https:\/\/www.tucomarca.com\/wordpress\/segunda\/wp-content\/uploads\/2025\/04\/Caudeteincendio3-225x300.jpg 225w, https:\/\/www.tucomarca.com\/wordpress\/segunda\/wp-content\/uploads\/2025\/04\/Caudeteincendio3-1152x1536.jpg 1152w, https:\/\/www.tucomarca.com\/wordpress\/segunda\/wp-content\/uploads\/2025\/04\/Caudeteincendio3.jpg 1440w\" sizes=\"auto, (max-width: 768px) 100vw, 768px\" \/><\/figure>\n<\/figure>\n","protected":false},"excerpt":{"rendered":"<div class=\"mh-excerpt\">Efectius de l Consorci Provincial de Bombers han actuat en l&#8217;incendi d&#8217;un garatge situat en una finca de la localitat de Camp de T\u00faria de La Pobla de Vallbona, concretament situat al carrer Poeta Llorente, <a class=\"mh-excerpt-more\" href=\"https:\/\/www.tucomarca.com\/wordpress\/segunda\/ca\/incendi-en-un-garatge-de-la-pobla-de-vallbona\/\" title=\"Incendi en un garatge de La Pobla de Vallbona\">[+] <\/a><\/div>\n","protected":false},"author":1,"featured_media":262875,"comment_status":"open","ping_status":"open","sticky":false,"template":"","format":"standard","meta":{"footnotes":""},"categories":[10892,10894,10915,10896,10897],"tags":[10899,12834,10916],"class_list":{"0":"post-262905","1":"post","2":"type-post","3":"status-publish","4":"format-standard","5":"has-post-thumbnail","7":"category-camp-de-turia-ca","8":"category-la-comarca-ca","9":"category-la-pobla-ca","10":"category-seccion-ca","11":"category-sucesos-la-comarca-ca","12":"tag-camp-de-turia-ca","13":"tag-consorcio-provincial-de-bomberos-de-valencia-ca","14":"tag-la-pobla-de-vallbona-ca"},"_links":{"self":[{"href":"https:\/\/www.tucomarca.com\/wordpress\/segunda\/ca\/wp-json\/wp\/v2\/posts\/262905","targetHints":{"allow":["GET"]}}],"collection":[{"href":"https:\/\/www.tucomarca.com\/wordpress\/segunda\/ca\/wp-json\/wp\/v2\/posts"}],"about":[{"href":"https:\/\/www.tucomarca.com\/wordpress\/segunda\/ca\/wp-json\/wp\/v2\/types\/post"}],"author":[{"embeddable":true,"href":"https:\/\/www.tucomarca.com\/wordpress\/segunda\/ca\/wp-json\/wp\/v2\/users\/1"}],"replies":[{"embeddable":true,"href":"https:\/\/www.tucomarca.com\/wordpress\/segunda\/ca\/wp-json\/wp\/v2\/comments?post=262905"}],"version-history":[{"count":0,"href":"https:\/\/www.tucomarca.com\/wordpress\/segunda\/ca\/wp-json\/wp\/v2\/posts\/262905\/revisions"}],"wp:featuredmedia":[{"embeddable":true,"href":"https:\/\/www.tucomarca.com\/wordpress\/segunda\/ca\/wp-json\/wp\/v2\/media\/262875"}],"wp:attachment":[{"href":"https:\/\/www.tucomarca.com\/wordpress\/segunda\/ca\/wp-json\/wp\/v2\/media?parent=262905"}],"wp:term":[{"taxonomy":"category","embeddable":true,"href":"https:\/\/www.tucomarca.com\/wordpress\/segunda\/ca\/wp-json\/wp\/v2\/categories?post=262905"},{"taxonomy":"post_tag","embeddable":true,"href":"https:\/\/www.tucomarca.com\/wordpress\/segunda\/ca\/wp-json\/wp\/v2\/tags?post=262905"}],"curies":[{"name":"wp","href":"https:\/\/api.w.org\/{rel}","templated":true}]}}