{"id":262915,"date":"2025-04-21T10:00:00","date_gmt":"2025-04-21T08:00:00","guid":{"rendered":"https:\/\/www.tucomarca.com\/wordpress\/segunda\/?p=262915"},"modified":"2025-04-22T11:18:04","modified_gmt":"2025-04-22T09:18:04","slug":"lincendi-en-un-habitatge-de-carlet-obliga-a-desallotjar-diversos-edificis-per-precaucio","status":"publish","type":"post","link":"https:\/\/www.tucomarca.com\/wordpress\/segunda\/ca\/lincendi-en-un-habitatge-de-carlet-obliga-a-desallotjar-diversos-edificis-per-precaucio\/","title":{"rendered":"L&#8217;incendi en un habitatge de Carlet obliga a desallotjar diversos edificis per precauci\u00f3"},"content":{"rendered":"\n<p>Els bombers han intervingut aquest divendres en un incendi declarat en un habitatge del carrer Villanueva de Carlet, que s&#8217;havia iniciat en una terrassa i generava una intensa columna de fum, visible des de diversos punts de la localitat.<\/p>\n\n\n\n<p>Per precauci\u00f3, s&#8217;ha procedit al desallotjament de diversos edificis pr\u00f2xims, mentre els efectius del Consorci Provincial de Bombers de Val\u00e8ncia treballaven en l&#8217;extinci\u00f3 del foc.<\/p>\n\n\n\n<p>En l&#8217;operatiu han participat tres dotacions d&#8217;Alzira i Silla, a m\u00e9s del sergent del parc d&#8217;Alzira. Gr\u00e0cies a la r\u00e0pida actuaci\u00f3, l&#8217;incendi ha quedat extingit sense que s&#8217;hagen registrat ferits.<\/p>\n\n\n\n<p>Les causes del foc estan sent investigades.<\/p>\n","protected":false},"excerpt":{"rendered":"<div class=\"mh-excerpt\">Els bombers han intervingut aquest divendres en un incendi declarat en un habitatge del carrer Villanueva de Carlet, que s&#8217;havia iniciat en una terrassa i generava una intensa columna de fum, visible des de diversos <a class=\"mh-excerpt-more\" href=\"https:\/\/www.tucomarca.com\/wordpress\/segunda\/ca\/lincendi-en-un-habitatge-de-carlet-obliga-a-desallotjar-diversos-edificis-per-precaucio\/\" title=\"L&#8217;incendi en un habitatge de Carlet obliga a desallotjar diversos edificis per precauci\u00f3\">[+] <\/a><\/div>\n","protected":false},"author":1,"featured_media":252473,"comment_status":"open","ping_status":"open","sticky":false,"template":"","format":"standard","meta":{"footnotes":""},"categories":[10990,10948,10894,10902,10903,10896,10897],"tags":[11082,13120,11356],"class_list":{"0":"post-262915","1":"post","2":"type-post","3":"status-publish","4":"format-standard","5":"has-post-thumbnail","7":"category-carlet-ca","8":"category-infraestructuras-ca","9":"category-la-comarca-ca","10":"category-la-ribera-ca","11":"category-medio-ambiente-la-comarca-ca","12":"category-seccion-ca","13":"category-sucesos-la-comarca-ca","14":"tag-carlet-ca","15":"tag-consorci-provincial-de-bombers","16":"tag-ribera-alta-ca"},"_links":{"self":[{"href":"https:\/\/www.tucomarca.com\/wordpress\/segunda\/ca\/wp-json\/wp\/v2\/posts\/262915","targetHints":{"allow":["GET"]}}],"collection":[{"href":"https:\/\/www.tucomarca.com\/wordpress\/segunda\/ca\/wp-json\/wp\/v2\/posts"}],"about":[{"href":"https:\/\/www.tucomarca.com\/wordpress\/segunda\/ca\/wp-json\/wp\/v2\/types\/post"}],"author":[{"embeddable":true,"href":"https:\/\/www.tucomarca.com\/wordpress\/segunda\/ca\/wp-json\/wp\/v2\/users\/1"}],"replies":[{"embeddable":true,"href":"https:\/\/www.tucomarca.com\/wordpress\/segunda\/ca\/wp-json\/wp\/v2\/comments?post=262915"}],"version-history":[{"count":0,"href":"https:\/\/www.tucomarca.com\/wordpress\/segunda\/ca\/wp-json\/wp\/v2\/posts\/262915\/revisions"}],"wp:featuredmedia":[{"embeddable":true,"href":"https:\/\/www.tucomarca.com\/wordpress\/segunda\/ca\/wp-json\/wp\/v2\/media\/252473"}],"wp:attachment":[{"href":"https:\/\/www.tucomarca.com\/wordpress\/segunda\/ca\/wp-json\/wp\/v2\/media?parent=262915"}],"wp:term":[{"taxonomy":"category","embeddable":true,"href":"https:\/\/www.tucomarca.com\/wordpress\/segunda\/ca\/wp-json\/wp\/v2\/categories?post=262915"},{"taxonomy":"post_tag","embeddable":true,"href":"https:\/\/www.tucomarca.com\/wordpress\/segunda\/ca\/wp-json\/wp\/v2\/tags?post=262915"}],"curies":[{"name":"wp","href":"https:\/\/api.w.org\/{rel}","templated":true}]}}