{"id":262956,"date":"2025-04-22T08:10:00","date_gmt":"2025-04-22T06:10:00","guid":{"rendered":"https:\/\/www.tucomarca.com\/wordpress\/segunda\/?p=262956"},"modified":"2025-04-22T14:19:42","modified_gmt":"2025-04-22T12:19:42","slug":"el-consell-ratifica-la-contractacio-de-lassistencia-tecnica-per-a-la-gestio-de-les-targetes-de-transport-recuperem-valencia","status":"publish","type":"post","link":"https:\/\/www.tucomarca.com\/wordpress\/segunda\/ca\/el-consell-ratifica-la-contractacio-de-lassistencia-tecnica-per-a-la-gestio-de-les-targetes-de-transport-recuperem-valencia\/","title":{"rendered":"El Consell ratifica la contractaci\u00f3 de l&#8217;assist\u00e8ncia t\u00e8cnica per a la gesti\u00f3 de les targetes de transport \u2018Recuperem Val\u00e8ncia\u2019"},"content":{"rendered":"\n<h3 class=\"wp-block-heading\">El servei tenia com a fi el suport t\u00e8cnic i administratiu als ajuntaments en el lliurament de les targetes de transport gratu\u00eft.<\/h3>\n\n\n\n<h3 class=\"wp-block-heading\">El contracte, adjudicat a Vaersa, ascendeix a 382.580 euros.<\/h3>\n\n\n\n<p>El Consell ha ratificat la contractaci\u00f3, per via d&#8217;emerg\u00e8ncia, de l&#8217;assist\u00e8ncia t\u00e8cnica de la gesti\u00f3 de les targetes de transport \u2018Recuperem Val\u00e8ncia\u2019 per als afectats per les inundacions. El contracte ascendeix a 382.580 euros corresponent a la contractaci\u00f3 de 50 administratius.<\/p>\n\n\n\n<p>L&#8217;assist\u00e8ncia, que s&#8217;ha desenvolupat entre el 21 de febrer i el 15 d&#8217;abril, ha tingut com a fi el suport t\u00e8cnic i administratiu als ajuntaments en el lliurament de les targetes de transport gratu\u00eft del pla \u2018Recuperem Val\u00e8ncia\u2019, posat en marxa despr\u00e9s de les inundacions d&#8217;octubre. Aquest pla es dirigeix als habitants dels 31 municipis m\u00e9s afectats per la riuada, aix\u00ed com als residents d&#8217;altres localitats que han perdut el seu vehicle.&nbsp;<\/p>\n\n\n\n<p>Amb el lliurament de la targeta de transport gratu\u00eft, es permet als beneficiaris viatjar gratu\u00eftament en Metrovalencia, Rodalia, EMT, Metrob\u00fas i autobusos auton\u00f2mics fins al 31 de desembre de 2025.<\/p>\n\n\n\n<p>Els residents dels 31 municipis m\u00e9s afectats per les riuades han sol\u00b7licitat als seus ajuntaments la targeta que la Generalitat subministra als consistoris. Aquest proc\u00e9s s&#8217;ha realitzat a trav\u00e9s de les corporacions municipals a fi d&#8217;agilitzar la tramitaci\u00f3 i posar-la en marxa en el menor temps possible.<\/p>\n\n\n\n<p>Per tant, el consistori ha designat a una o diverses persones autoritzades per a la distribuci\u00f3, que completaven una base de dades en l\u00ednia, i que en cap cas implicava la participaci\u00f3 directa o indirecta en l&#8217;exercici de les activitats administratives pr\u00f2pies de la potestat p\u00fablica.<\/p>\n\n\n\n<p>El lloc de treball dels 50 administratius que han prestat assist\u00e8ncia a trav\u00e9s de l&#8217;empresa p\u00fablica Vaersa eren les depend\u00e8ncies de les corporacions locals dels 31 municipis m\u00e9s afectats per la dana, en horari d&#8217;atenci\u00f3 al p\u00fablic.<\/p>\n","protected":false},"excerpt":{"rendered":"<div class=\"mh-excerpt\">El servei tenia com a fi el suport t\u00e8cnic i administratiu als ajuntaments en el lliurament de les targetes de transport gratu\u00eft. El contracte, adjudicat a Vaersa, ascendeix a 382.580 euros. El Consell ha ratificat <a class=\"mh-excerpt-more\" href=\"https:\/\/www.tucomarca.com\/wordpress\/segunda\/ca\/el-consell-ratifica-la-contractacio-de-lassistencia-tecnica-per-a-la-gestio-de-les-targetes-de-transport-recuperem-valencia\/\" title=\"El Consell ratifica la contractaci\u00f3 de l&#8217;assist\u00e8ncia t\u00e8cnica per a la gesti\u00f3 de les targetes de transport \u2018Recuperem Val\u00e8ncia\u2019\">[+] <\/a><\/div>\n","protected":false},"author":13,"featured_media":254487,"comment_status":"open","ping_status":"open","sticky":false,"template":"","format":"standard","meta":{"footnotes":""},"categories":[21466,10898,10948,10894,10904,10903,10947,10896,10897],"tags":[15409,12903,11199,11140,13820],"class_list":{"0":"post-262956","1":"post","2":"type-post","3":"status-publish","4":"format-standard","5":"has-post-thumbnail","7":"category-dana-ca","8":"category-ventana-ca","9":"category-infraestructuras-ca","10":"category-la-comarca-ca","11":"category-sin-categorizar-ca","12":"category-medio-ambiente-la-comarca-ca","13":"category-politica","14":"category-seccion-ca","15":"category-sucesos-la-comarca-ca","16":"tag-dana-2-ca","17":"tag-infraestructuras-ca","18":"tag-la-comunitat-ca","19":"tag-politica-ca","20":"tag-transporte-ca"},"_links":{"self":[{"href":"https:\/\/www.tucomarca.com\/wordpress\/segunda\/ca\/wp-json\/wp\/v2\/posts\/262956","targetHints":{"allow":["GET"]}}],"collection":[{"href":"https:\/\/www.tucomarca.com\/wordpress\/segunda\/ca\/wp-json\/wp\/v2\/posts"}],"about":[{"href":"https:\/\/www.tucomarca.com\/wordpress\/segunda\/ca\/wp-json\/wp\/v2\/types\/post"}],"author":[{"embeddable":true,"href":"https:\/\/www.tucomarca.com\/wordpress\/segunda\/ca\/wp-json\/wp\/v2\/users\/13"}],"replies":[{"embeddable":true,"href":"https:\/\/www.tucomarca.com\/wordpress\/segunda\/ca\/wp-json\/wp\/v2\/comments?post=262956"}],"version-history":[{"count":0,"href":"https:\/\/www.tucomarca.com\/wordpress\/segunda\/ca\/wp-json\/wp\/v2\/posts\/262956\/revisions"}],"wp:featuredmedia":[{"embeddable":true,"href":"https:\/\/www.tucomarca.com\/wordpress\/segunda\/ca\/wp-json\/wp\/v2\/media\/254487"}],"wp:attachment":[{"href":"https:\/\/www.tucomarca.com\/wordpress\/segunda\/ca\/wp-json\/wp\/v2\/media?parent=262956"}],"wp:term":[{"taxonomy":"category","embeddable":true,"href":"https:\/\/www.tucomarca.com\/wordpress\/segunda\/ca\/wp-json\/wp\/v2\/categories?post=262956"},{"taxonomy":"post_tag","embeddable":true,"href":"https:\/\/www.tucomarca.com\/wordpress\/segunda\/ca\/wp-json\/wp\/v2\/tags?post=262956"}],"curies":[{"name":"wp","href":"https:\/\/api.w.org\/{rel}","templated":true}]}}