{"id":263044,"date":"2025-04-22T10:00:00","date_gmt":"2025-04-22T08:00:00","guid":{"rendered":"https:\/\/www.tucomarca.com\/wordpress\/segunda\/?p=263044"},"modified":"2025-04-22T14:49:23","modified_gmt":"2025-04-22T12:49:23","slug":"vicent-mompo-reivindica-el-comerc-de-proximitat-en-la-ii-setmana-de-la-taronja-dalgemesivicent","status":"publish","type":"post","link":"https:\/\/www.tucomarca.com\/wordpress\/segunda\/ca\/vicent-mompo-reivindica-el-comerc-de-proximitat-en-la-ii-setmana-de-la-taronja-dalgemesivicent\/","title":{"rendered":"Vicent Momp\u00f3 reivindica el comer\u00e7 de proximitat en la II Setmana de la Taronja d&#8217;Algemes\u00ed"},"content":{"rendered":"\n<h3 class=\"wp-block-heading\">El president de la Diputaci\u00f3 de Val\u00e8ncia, Vicent Momp\u00f3, posa en valor els productes valencians de qualitat i el seu impacte en l&#8217;economia local, especialment en els municipis afectats per la DANA.<\/h3>\n\n\n\n<h3 class=\"wp-block-heading\">Momp\u00f3: \u201cEsta edici\u00f3 \u00e9s un homenatge als qui, despr\u00e9s de la pitjor cat\u00e0strofe, han tornat a al\u00e7ar la persiana del seu negoci\u201d.<\/h3>\n\n\n\n<p>El president de la Diputaci\u00f3 de Val\u00e8ncia, Vicent Momp\u00f3, ha reivindicat el comer\u00e7 de proximitat en la II Setmana de la Taronja d&#8217;Algemes\u00ed, que se celebra des de hui fins al 29 d&#8217;abril. Uns dies en qu\u00e8 set forns d&#8217;Algemes\u00ed oferiran als seus clients dol\u00e7os elaborats amb l&#8217;emblem\u00e0tica taronja d&#8217;este municipi de la Ribera Alta.\u00a0<\/p>\n\n\n\n<p>Per a Momp\u00f3, \u201c\u00e9s una iniciativa transversal ja que fa costat als agricultors i als pastissers, impulsa el comer\u00e7 i l&#8217;economia, i promociona el producte de proximitat i la qualitat dels productes valencians\u201d. \u201cMai m\u00e9s ben dit, es tracta de traure el m\u00e0xim suc al que tenim, que \u00e9s molt\u201d, ha destacat.&nbsp;<\/p>\n\n\n\n<p>A m\u00e9s, el president de la corporaci\u00f3 provincial ha esgrimit que \u201cara, m\u00e9s que mai, \u00e9s fonamental comprar en els comer\u00e7os d&#8217;eixos aut\u00f2noms valents que, despr\u00e9s de la pitjor cat\u00e0strofe de la nostra hist\u00f2ria, han tornat a al\u00e7ar la persiana del seu negoci\u201d. Per aix\u00f2, ha subratllat Momp\u00f3, \u201cesta segona edici\u00f3 \u00e9s especial, no sols \u00e9s una festa, sin\u00f3 un homenatge als qui, no s&#8217;han rendit, als qui, amb les mans plenes de farina i l&#8217;\u00e0nima plena de coratge, s&#8217;han posat en peus\u201d.&nbsp;<\/p>\n\n\n\n<p>En la mateixa l\u00ednia, ha explicat, \u201cestos dol\u00e7os oferixen el sabor de sempre, per\u00f2 tamb\u00e9 una cosa m\u00e9s profunda: el valor d&#8217;un poble que ha sabut convertir les dificultats en impuls; forns i pastisseries no sols oferixen dol\u00e7os, oferixen hist\u00f2ries de valentia fetes recepta\u201d. Unes receptes que Momp\u00f3 ha animat a degustar.<\/p>\n\n\n\n<p>Per la seua part l&#8217;alcalde d&#8217;Algemes\u00ed, Jos\u00e9 Javier Sanchis, ha agra\u00eft el suport de la Diputaci\u00f3 a esta iniciativa: \u201carriba en un moment molt oport\u00fa per a la nostra ciutat pels efectes de la dana en el sector comercial i en els forns tradicionals; \u00e9s una iniciativa que pot\u00e8ncia i reivindica el comer\u00e7 de proximitat i al final eixa \u00e9s l&#8217;ess\u00e8ncia de la Diputaci\u00f3, la proximitat, acostar-se als pobles i fomentar eixe patriotisme local; en este cas, el nostre producte estrela, la taronja d&#8217;Algemes\u00ed\u201d.<\/p>\n\n\n\n<p>\u201cEsperem que la iniciativa es consolide al llarg de la setmana i afavorisca les compres en el comer\u00e7 local i, sobretot, que la ciutadania valore el que t\u00e9 i aposte pels nostres comerciants\u201d, ha concl\u00f2s.<\/p>\n\n\n\n<figure class=\"wp-block-gallery has-nested-images columns-default is-cropped wp-block-gallery-1 is-layout-flex wp-block-gallery-is-layout-flex\">\n<figure class=\"wp-block-image size-large\"><img loading=\"lazy\" decoding=\"async\" width=\"1024\" height=\"683\" data-id=\"263037\" src=\"http:\/\/www.tucomarca.com\/wordpress\/segunda\/wp-content\/uploads\/2025\/04\/MompoAlgemesi2-1024x683.jpg\" alt=\"\" class=\"wp-image-263037\" srcset=\"https:\/\/www.tucomarca.com\/wordpress\/segunda\/wp-content\/uploads\/2025\/04\/MompoAlgemesi2-1024x683.jpg 1024w, https:\/\/www.tucomarca.com\/wordpress\/segunda\/wp-content\/uploads\/2025\/04\/MompoAlgemesi2-300x200.jpg 300w, https:\/\/www.tucomarca.com\/wordpress\/segunda\/wp-content\/uploads\/2025\/04\/MompoAlgemesi2-768x512.jpg 768w, https:\/\/www.tucomarca.com\/wordpress\/segunda\/wp-content\/uploads\/2025\/04\/MompoAlgemesi2-1536x1024.jpg 1536w, https:\/\/www.tucomarca.com\/wordpress\/segunda\/wp-content\/uploads\/2025\/04\/MompoAlgemesi2-2048x1365.jpg 2048w\" sizes=\"auto, (max-width: 1024px) 100vw, 1024px\" \/><\/figure>\n\n\n\n<figure class=\"wp-block-image size-large\"><img loading=\"lazy\" decoding=\"async\" width=\"1024\" height=\"683\" data-id=\"263039\" src=\"https:\/\/www.tucomarca.com\/wordpress\/segunda\/wp-content\/uploads\/2025\/04\/MompoAlgemesi3-1024x683.jpg\" alt=\"\" class=\"wp-image-263039\" srcset=\"https:\/\/www.tucomarca.com\/wordpress\/segunda\/wp-content\/uploads\/2025\/04\/MompoAlgemesi3-1024x683.jpg 1024w, https:\/\/www.tucomarca.com\/wordpress\/segunda\/wp-content\/uploads\/2025\/04\/MompoAlgemesi3-300x200.jpg 300w, https:\/\/www.tucomarca.com\/wordpress\/segunda\/wp-content\/uploads\/2025\/04\/MompoAlgemesi3-768x512.jpg 768w, https:\/\/www.tucomarca.com\/wordpress\/segunda\/wp-content\/uploads\/2025\/04\/MompoAlgemesi3-1536x1024.jpg 1536w, https:\/\/www.tucomarca.com\/wordpress\/segunda\/wp-content\/uploads\/2025\/04\/MompoAlgemesi3-2048x1365.jpg 2048w\" sizes=\"auto, (max-width: 1024px) 100vw, 1024px\" \/><\/figure>\n<\/figure>\n","protected":false},"excerpt":{"rendered":"<div class=\"mh-excerpt\">El president de la Diputaci\u00f3 de Val\u00e8ncia, Vicent Momp\u00f3, posa en valor els productes valencians de qualitat i el seu impacte en l&#8217;economia local, especialment en els municipis afectats per la DANA. Momp\u00f3: \u201cEsta edici\u00f3 <a class=\"mh-excerpt-more\" href=\"https:\/\/www.tucomarca.com\/wordpress\/segunda\/ca\/vicent-mompo-reivindica-el-comerc-de-proximitat-en-la-ii-setmana-de-la-taronja-dalgemesivicent\/\" title=\"Vicent Momp\u00f3 reivindica el comer\u00e7 de proximitat en la II Setmana de la Taronja d&#8217;Algemes\u00ed\">[+] <\/a><\/div>\n","protected":false},"author":1,"featured_media":263036,"comment_status":"open","ping_status":"open","sticky":false,"template":"","format":"standard","meta":{"footnotes":""},"categories":[10983,10898,10948,10894,10904,10902,11007,10896],"tags":[11081,11246,11077,18825],"class_list":{"0":"post-263044","1":"post","2":"type-post","3":"status-publish","4":"format-standard","5":"has-post-thumbnail","7":"category-algemesi-ca","8":"category-ventana-ca","9":"category-infraestructuras-ca","10":"category-la-comarca-ca","11":"category-sin-categorizar-ca","12":"category-la-ribera-ca","13":"category-ocio-y-cultura-ca","14":"category-seccion-ca","15":"tag-algemesi-ca","16":"tag-diputacio-de-valencia-ca","17":"tag-la-ribera-alta-ca","18":"tag-vicent-mompo-ca"},"_links":{"self":[{"href":"https:\/\/www.tucomarca.com\/wordpress\/segunda\/ca\/wp-json\/wp\/v2\/posts\/263044","targetHints":{"allow":["GET"]}}],"collection":[{"href":"https:\/\/www.tucomarca.com\/wordpress\/segunda\/ca\/wp-json\/wp\/v2\/posts"}],"about":[{"href":"https:\/\/www.tucomarca.com\/wordpress\/segunda\/ca\/wp-json\/wp\/v2\/types\/post"}],"author":[{"embeddable":true,"href":"https:\/\/www.tucomarca.com\/wordpress\/segunda\/ca\/wp-json\/wp\/v2\/users\/1"}],"replies":[{"embeddable":true,"href":"https:\/\/www.tucomarca.com\/wordpress\/segunda\/ca\/wp-json\/wp\/v2\/comments?post=263044"}],"version-history":[{"count":0,"href":"https:\/\/www.tucomarca.com\/wordpress\/segunda\/ca\/wp-json\/wp\/v2\/posts\/263044\/revisions"}],"wp:featuredmedia":[{"embeddable":true,"href":"https:\/\/www.tucomarca.com\/wordpress\/segunda\/ca\/wp-json\/wp\/v2\/media\/263036"}],"wp:attachment":[{"href":"https:\/\/www.tucomarca.com\/wordpress\/segunda\/ca\/wp-json\/wp\/v2\/media?parent=263044"}],"wp:term":[{"taxonomy":"category","embeddable":true,"href":"https:\/\/www.tucomarca.com\/wordpress\/segunda\/ca\/wp-json\/wp\/v2\/categories?post=263044"},{"taxonomy":"post_tag","embeddable":true,"href":"https:\/\/www.tucomarca.com\/wordpress\/segunda\/ca\/wp-json\/wp\/v2\/tags?post=263044"}],"curies":[{"name":"wp","href":"https:\/\/api.w.org\/{rel}","templated":true}]}}