{"id":263096,"date":"2025-04-23T10:00:00","date_gmt":"2025-04-23T08:00:00","guid":{"rendered":"https:\/\/www.tucomarca.com\/wordpress\/segunda\/?p=263096"},"modified":"2025-04-23T12:41:20","modified_gmt":"2025-04-23T10:41:20","slug":"problemes-de-salut-impedeixen-al-cardenal-utielano-antonio-canizares-participar-en-el-conclave-per-a-triar-al-nou-papa","status":"publish","type":"post","link":"https:\/\/www.tucomarca.com\/wordpress\/segunda\/ca\/problemes-de-salut-impedeixen-al-cardenal-utielano-antonio-canizares-participar-en-el-conclave-per-a-triar-al-nou-papa\/","title":{"rendered":"Problemes de salut impedeixen al cardenal utielano Antonio Ca\u00f1izares participar en el conclave per a triar al nou Papa"},"content":{"rendered":"\n<p>El cardenal arquebisbe em\u00e8rit de Val\u00e8ncia, <strong>Antonio Ca\u00f1izares Llovera<\/strong>, ha confirmat que no participar\u00e0 en el pr\u00f2xim conclave per a triar al successor del papa Francesc, mort dilluns passat 21 d&#8217;abril, a causa de problemes de salut. Aix\u00ed ho han comunicat fonts de l&#8217;Arquebisbat de Val\u00e8ncia, que han assenyalat tamb\u00e9 que el cardenal, <strong>nascut a Utiel<\/strong> el 15 d&#8217;octubre de 1945, no viatjar\u00e0 a Roma ni per a les congregacions generals preparat\u00f2ries ni per a la votaci\u00f3 en la Capella Sixtina.<\/p>\n\n\n\n<p>Amb la seua abs\u00e8ncia, es redueix de set a sis el nombre de cardenals electors espanyols que formaran part del conclave previst per a la primera quinzena de maig.<\/p>\n\n\n\n<p>Dels cardenals espanyols electors, tres pertanyen a la Confer\u00e8ncia Episcopal Espanyola (CEE): Jos\u00e9 Cobo (arquebisbe de Madrid), Carlos Osoro (arquebisbe em\u00e8rit de Madrid i exarzobispo de Val\u00e8ncia) i Juan Jos\u00e9 Omella (arquebisbe de Barcelona).<\/p>\n\n\n\n<p>En total, s\u00f3n deu els cardenals nascuts a Espanya que integren actualment el col\u00b7legi cardenalici, encara que nom\u00e9s sis d&#8217;ells participaran en l&#8217;elecci\u00f3 del nou Pont\u00edfex en trobar-se per davall dels 80 anys. Els altres quatre \u2014Rouco Varela, Ricardo Bl\u00e1zquez, Aquil\u00ed Bocos i Llu\u00eds Mart\u00ednez Sistach\u2014 ja han superat eixa edat i, per tant, no tenen dret a vot.<\/p>\n\n\n\n<p>L&#8217;abs\u00e8ncia de Ca\u00f1izares marca un moment simb\u00f2lic dins del col\u00b7legi cardenalici espanyol, especialment per la seua rellev\u00e0ncia en la hist\u00f2ria recent de l&#8217;Esgl\u00e9sia a Espanya.<a><\/a><\/p>\n\n\n\n<p><\/p>\n","protected":false},"excerpt":{"rendered":"<div class=\"mh-excerpt\">El cardenal arquebisbe em\u00e8rit de Val\u00e8ncia, Antonio Ca\u00f1izares Llovera, ha confirmat que no participar\u00e0 en el pr\u00f2xim conclave per a triar al successor del papa Francesc, mort dilluns passat 21 d&#8217;abril, a causa de problemes <a class=\"mh-excerpt-more\" href=\"https:\/\/www.tucomarca.com\/wordpress\/segunda\/ca\/problemes-de-salut-impedeixen-al-cardenal-utielano-antonio-canizares-participar-en-el-conclave-per-a-triar-al-nou-papa\/\" title=\"Problemes de salut impedeixen al cardenal utielano Antonio Ca\u00f1izares participar en el conclave per a triar al nou Papa\">[+] <\/a><\/div>\n","protected":false},"author":12,"featured_media":263083,"comment_status":"open","ping_status":"open","sticky":false,"template":"","format":"standard","meta":{"footnotes":""},"categories":[10898,10894,10904,10909,10896,11059],"tags":[22216,22217,10910,11174],"class_list":{"0":"post-263096","1":"post","2":"type-post","3":"status-publish","4":"format-standard","5":"has-post-thumbnail","7":"category-ventana-ca","8":"category-la-comarca-ca","9":"category-sin-categorizar-ca","10":"category-requena-utiel-ca","11":"category-seccion-ca","12":"category-utiel-ca","13":"tag-cardenal-arzobispo-emerito-de-valencia-ca","14":"tag-conclave-ca","15":"tag-requena-utiel-ca","16":"tag-utiel-ca"},"_links":{"self":[{"href":"https:\/\/www.tucomarca.com\/wordpress\/segunda\/ca\/wp-json\/wp\/v2\/posts\/263096","targetHints":{"allow":["GET"]}}],"collection":[{"href":"https:\/\/www.tucomarca.com\/wordpress\/segunda\/ca\/wp-json\/wp\/v2\/posts"}],"about":[{"href":"https:\/\/www.tucomarca.com\/wordpress\/segunda\/ca\/wp-json\/wp\/v2\/types\/post"}],"author":[{"embeddable":true,"href":"https:\/\/www.tucomarca.com\/wordpress\/segunda\/ca\/wp-json\/wp\/v2\/users\/12"}],"replies":[{"embeddable":true,"href":"https:\/\/www.tucomarca.com\/wordpress\/segunda\/ca\/wp-json\/wp\/v2\/comments?post=263096"}],"version-history":[{"count":0,"href":"https:\/\/www.tucomarca.com\/wordpress\/segunda\/ca\/wp-json\/wp\/v2\/posts\/263096\/revisions"}],"wp:featuredmedia":[{"embeddable":true,"href":"https:\/\/www.tucomarca.com\/wordpress\/segunda\/ca\/wp-json\/wp\/v2\/media\/263083"}],"wp:attachment":[{"href":"https:\/\/www.tucomarca.com\/wordpress\/segunda\/ca\/wp-json\/wp\/v2\/media?parent=263096"}],"wp:term":[{"taxonomy":"category","embeddable":true,"href":"https:\/\/www.tucomarca.com\/wordpress\/segunda\/ca\/wp-json\/wp\/v2\/categories?post=263096"},{"taxonomy":"post_tag","embeddable":true,"href":"https:\/\/www.tucomarca.com\/wordpress\/segunda\/ca\/wp-json\/wp\/v2\/tags?post=263096"}],"curies":[{"name":"wp","href":"https:\/\/api.w.org\/{rel}","templated":true}]}}