{"id":263257,"date":"2025-04-24T12:10:00","date_gmt":"2025-04-24T10:10:00","guid":{"rendered":"https:\/\/www.tucomarca.com\/wordpress\/segunda\/?p=263257"},"modified":"2025-04-24T13:19:56","modified_gmt":"2025-04-24T11:19:56","slug":"vicente-martinez-mus-amb-el-nou-contracte-dautobus-poblacions-com-xulilla-o-sot-de-xera-disposaran-de-servei-de-transport-public-diari","status":"publish","type":"post","link":"https:\/\/www.tucomarca.com\/wordpress\/segunda\/ca\/vicente-martinez-mus-amb-el-nou-contracte-dautobus-poblacions-com-xulilla-o-sot-de-xera-disposaran-de-servei-de-transport-public-diari\/","title":{"rendered":"Vicente Mart\u00ednez Mus: \u201cAmb el nou contracte d&#8217;autob\u00fas poblacions com Xulilla o Sot de Xera disposaran de servei de transport p\u00fablic diari\u201d"},"content":{"rendered":"\n<h3 class=\"wp-block-heading\">El titular d&#8217;Infraestructures presenta a Xulilla la nova concessi\u00f3 CV-101 que dona servei a les comarques dels Serrans, Rinc\u00f3n d&#8217;Adem\u00fas i Camp del T\u00faria.<\/h3>\n\n\n\n<h3 class=\"wp-block-heading\">La flota passar\u00e0 a estar formada per una desena d&#8217;autobusos\u00a0 en municipis afectats per les inundacions com Sot de Xera i s&#8217;amplia als caps de setmana i festius a Marines, Olocau i G\u00e0tova.<\/h3>\n\n\n\n<p>El conseller de Medi Ambient, Infraestructures i Territori, Vicente Mart\u00ednez Mus, ha anunciat que Xulilla o Sot de Xera comptaran a partir d&#8217;ara amb servei de transport p\u00fablic tots els dies de la setmana, despr\u00e9s de la posada en marxa de la concessi\u00f3 CV-101 La Regi\u00f3 muntanyenca-Val\u00e8ncia que dona servei a les comarques dels Serrans, Rinc\u00f3n d&#8217;Adem\u00fas i Camp del T\u00faria.<\/p>\n\n\n\n<p>Segons ha explicat Mart\u00ednez Mus, que ha visitat Xulilla per a presentar el nou servei, amb aquesta concessi\u00f3 \u201cla Generalitat renova el contracte que l&#8217;anterior executiu va deixar caducar, fent un refor\u00e7 especial en els municipis afectats per les inundacions, que necessiten m\u00e9s que mai del transport p\u00fablic\u201d. En total, el nou servei p\u00fablic d&#8217;autobusos per al transport de viatgers per carretera ja en funcionament connecta 29 municipis.<\/p>\n\n\n\n<p>Respecte a les novetats, el titular d&#8217;Infraestructures ha destacat que es milloren les freq\u00fc\u00e8ncies fins a quasi una trentena di\u00e0ries entre setmana i entre sis i deu els caps de setmana. Beneficiaran de manera especial a Xulilla i Sot de Xera, \u201con s&#8217;amplia a tots els dies de la setmana, i en els municipis de Marines, Olocau i G\u00e0tova tamb\u00e9 hi haur\u00e0 servei els dissabtes, diumenges i festius\u201d. A m\u00e9s, la flota passar\u00e0 a estar formada per una desena de vehicles.<\/p>\n\n\n\n<p>Per part seua, el servei entre Toixa, Xelva, Calles, la Llosa del Bisbe i Val\u00e8ncia augmenta en dies laborables de dues expedicions per sentit a tres. Aix\u00ed mateix, el servei entre el Villar i Val\u00e8ncia, que en dies laborables compta amb tres expedicions d&#8217;anada i dues de tornada, passa a tindre quatre expedicions per sentit.<\/p>\n\n\n\n<p>La l\u00ednia que connecta Cases Altes, Cases Baixes, Torrebaixa i Val\u00e8ncia en dies laborables passa de tindre una expedici\u00f3 els divendres a demanda per sentit, a una expedici\u00f3 di\u00e0ria a demanda per sentit.<\/p>\n\n\n\n<p>Respecte al servei entre Torrebaixa, Castielfabib i Adem\u00fas tamb\u00e9 en laborables canvia d&#8217;una expedici\u00f3 per sentit els divendres a demanda, a una expedici\u00f3 per sentit a demanda els dimecres, dijous i divendres. A m\u00e9s, els diumenges compta amb una expedici\u00f3 per sentit a demanda. Aquests serveis estan coordinats amb la l\u00ednia 400a, que t\u00e9 destinaci\u00f3 i\/o origen a Ll\u00edria i Val\u00e8ncia.<\/p>\n\n\n\n<p>Finalment, entre Aras de los Olmos i Val\u00e8ncia, en dies laborables, es passa de tindre una sola expedici\u00f3 a demanda entre setmana a dues expedicions per sentit de dilluns a divendres. A l&#8217;estiu, passar\u00e0 de tindre dues expedicions per sentit a demanda a tindre un servei regular de dues expedicions per sentit. Tamb\u00e9, durant els mesos d&#8217;estiu, passa a oferir un servei regular els dissabtes, diumenges i festius, amb una expedici\u00f3 per sentit.<\/p>\n\n\n\n<p>Totes les expedicions de les l\u00ednies amb origen o destinaci\u00f3 Val\u00e8ncia compten amb parada a l&#8217;Hospital de Ll\u00edria i connectar\u00e0 amb nodes de transport i centres de refer\u00e8ncia com el campus universitari de Burjassot, parades de Metrovalencia de Ll\u00edria, Beniferri o Campanar i l&#8217;estaci\u00f3 d&#8217;autobusos de Val\u00e8ncia, entre altres.<\/p>\n\n\n\n<p>La concessi\u00f3 CV-101 La Regi\u00f3 muntanyenca-Val\u00e8ncia suposar\u00e0 per a la Generalitat un cost de 3,8 milions d&#8217;euros durant deu anys. Aquesta aportaci\u00f3 se suma als ingressos ordinaris que rep la concession\u00e0ria per part dels usuaris i que contribueix al manteniment del servei.<\/p>\n\n\n\n<p><strong>Reordenaci\u00f3 de la xarxa auton\u00f2mica<\/strong><\/p>\n\n\n\n<p>Mart\u00ednez Mus ha assenyalat que l&#8217;adjudicaci\u00f3 de serveis de transport \u201c\u00e9s part de la reordenaci\u00f3 de la xarxa auton\u00f2mica de transport p\u00fablic interurb\u00e0 amb la qual es persegueix millorar la qualitat en la prestaci\u00f3, incrementar l&#8217;accessibilitat al sistema i potenciar la complementarietat entre els diferents modes de transport existents en el territori per a donar una resposta m\u00e9s efica\u00e7 a les necessitats de mobilitat de la poblaci\u00f3\u201d.<\/p>\n\n\n\n<p>Des de la Generalitat, ha concl\u00f2s Mart\u00ednez Mus, \u201cmillorem el servei de transport p\u00fablic i apostem per una mobilitat sostenible i respectuosa amb el medi ambient, per\u00f2 tamb\u00e9 per la gesti\u00f3 amb l&#8217;objectiu de renovar la totalitat del mapa concessional en el qual s&#8217;invertiran 400 milions d&#8217;euros\u201d.<\/p>\n\n\n\n<p><strong>Servei per a prop de 60.000 habitants<\/strong><\/p>\n\n\n\n<p>El nou corredor d&#8217;autobusos atendr\u00e0 58.982 habitants residents dels municipis d&#8217;Adem\u00fas, Cases Altes, Cases Baixes, Castielfabib, la Pobla de Sant Miquel, Torrebaixa, Vallanca, les Alcubles, Alpont, Andilla, Aras de los Olmos, Calles, Xelva, Xulilla, Domenyo, Figueroles de Domenyo, la Llosa del Bisbe, Sot de Xera, Titaig\u00fces, Toixa, el Villar, la Yesa, Casinos, G\u00e0tova, Marines, Olocau, Ll\u00edria, Sant Antoni de Benaixeve, Santa Cruz de Moya, Abejuela i Arcos de las Salinas.<\/p>\n\n\n\n<p>Respecte a les l\u00ednies, la nova connexi\u00f3 s&#8217;estructura de la manera seg\u00fcent:<\/p>\n\n\n\n<p>400a: Adem\u00fas &#8211; Val\u00e8ncia<\/p>\n\n\n\n<p>400b: el Villar &#8211; Val\u00e8ncia<\/p>\n\n\n\n<p>400c: Toixa &#8211; Val\u00e8ncia<\/p>\n\n\n\n<p>400d: Aras de los Olmos &#8211; Val\u00e8ncia<\/p>\n\n\n\n<p>401d: la Pobla de Sant Miquel &#8211; Adem\u00fas<\/p>\n\n\n\n<p>401f: Costa de l&#8217;Estona \u2013 Adem\u00fas<\/p>\n\n\n\n<p>401g: Vallanca \u2013 Torrebaixa<\/p>\n\n\n\n<p>402: Arcos de las Salinas \u2013 Titaig\u00fces<\/p>\n\n\n\n<p>403a: Figueroles de Domenyo \u2013 el Villar<\/p>\n\n\n\n<p>403b: La Pobleta \u2013 el Villar<\/p>\n\n\n\n<p>403c: Sot de Xera \u2013 el Villar<\/p>\n\n\n\n<p>405a: G\u00e0tova \u2013 Ll\u00edria<\/p>\n\n\n\n<p>405b: Marines \u2013 Ll\u00edria<\/p>\n\n\n\n<p>406: les Alcubles\u2013 Ll\u00edria<\/p>\n\n\n\n<p>D&#8217;altra banda, la concessi\u00f3 compta amb una dotaci\u00f3 m\u00ednima de deu autobusos que realitzaran m\u00e9s de 333.000 quil\u00f2metres anuals i 7.260 expedicions a l&#8217;any, la qual cosa equival a una mitjana de 19 di\u00e0ries.<\/p>\n","protected":false},"excerpt":{"rendered":"<div class=\"mh-excerpt\">El titular d&#8217;Infraestructures presenta a Xulilla la nova concessi\u00f3 CV-101 que dona servei a les comarques dels Serrans, Rinc\u00f3n d&#8217;Adem\u00fas i Camp del T\u00faria. La flota passar\u00e0 a estar formada per una desena d&#8217;autobusos\u00a0 en <a class=\"mh-excerpt-more\" href=\"https:\/\/www.tucomarca.com\/wordpress\/segunda\/ca\/vicente-martinez-mus-amb-el-nou-contracte-dautobus-poblacions-com-xulilla-o-sot-de-xera-disposaran-de-servei-de-transport-public-diari\/\" title=\"Vicente Mart\u00ednez Mus: \u201cAmb el nou contracte d&#8217;autob\u00fas poblacions com Xulilla o Sot de Xera disposaran de servei de transport p\u00fablic diari\u201d\">[+] <\/a><\/div>\n","protected":false},"author":12,"featured_media":263255,"comment_status":"open","ping_status":"open","sticky":false,"template":"","format":"standard","meta":{"footnotes":""},"categories":[10890,10926,11042,11038,10892,10923,10924,10925,11039,11036,11046,10898,10948,10894,10904,10928,11024,10903,10947,10896,11026,10961,11028,11029],"tags":[11201,11923,10899,11870,11871,17521,11083,11084,12903,11199,11070,11080,13042,12166,17643,13926,11173,11119],"class_list":{"0":"post-263257","1":"post","2":"type-post","3":"status-publish","4":"format-standard","5":"has-post-thumbnail","7":"category-ademus","8":"category-ademus-ca","9":"category-aras-de-olmos-ca","10":"category-calles-ca","11":"category-camp-de-turia-ca","12":"category-cases-altes","13":"category-cases-baixes","14":"category-castielfabib-ca","15":"category-chelva-ca","16":"category-chulilla-ca","17":"category-los-serranos-ca","18":"category-ventana-ca","19":"category-infraestructuras-ca","20":"category-la-comarca-ca","21":"category-sin-categorizar-ca","22":"category-lliria-ca","23":"category-losa-del-obispo-ca","24":"category-medio-ambiente-la-comarca-ca","25":"category-politica","26":"category-seccion-ca","27":"category-sot-de-chera-ca","28":"category-torrebaja-ca","29":"category-tuejar-ca","30":"category-villar-del-arzobispo-ca","31":"tag-aras-de-olmos-ca","32":"tag-calles-2-ca","33":"tag-camp-de-turia-ca","34":"tag-casas-altas-ca","35":"tag-casas-bajas-ca","36":"tag-castielfabib-ca","37":"tag-chelva-ca","38":"tag-chulilla-ca","39":"tag-infraestructuras-ca","40":"tag-la-comunitat-ca","41":"tag-lliria-ca","42":"tag-los-serranos-ca","43":"tag-losa-del-obispo-ca","44":"tag-medio-ambiente-ca","45":"tag-sot-de-chera-ca","46":"tag-torrebaja-ca","47":"tag-tuejar-ca","48":"tag-villar-del-arzobispo-ca"},"_links":{"self":[{"href":"https:\/\/www.tucomarca.com\/wordpress\/segunda\/ca\/wp-json\/wp\/v2\/posts\/263257","targetHints":{"allow":["GET"]}}],"collection":[{"href":"https:\/\/www.tucomarca.com\/wordpress\/segunda\/ca\/wp-json\/wp\/v2\/posts"}],"about":[{"href":"https:\/\/www.tucomarca.com\/wordpress\/segunda\/ca\/wp-json\/wp\/v2\/types\/post"}],"author":[{"embeddable":true,"href":"https:\/\/www.tucomarca.com\/wordpress\/segunda\/ca\/wp-json\/wp\/v2\/users\/12"}],"replies":[{"embeddable":true,"href":"https:\/\/www.tucomarca.com\/wordpress\/segunda\/ca\/wp-json\/wp\/v2\/comments?post=263257"}],"version-history":[{"count":0,"href":"https:\/\/www.tucomarca.com\/wordpress\/segunda\/ca\/wp-json\/wp\/v2\/posts\/263257\/revisions"}],"wp:featuredmedia":[{"embeddable":true,"href":"https:\/\/www.tucomarca.com\/wordpress\/segunda\/ca\/wp-json\/wp\/v2\/media\/263255"}],"wp:attachment":[{"href":"https:\/\/www.tucomarca.com\/wordpress\/segunda\/ca\/wp-json\/wp\/v2\/media?parent=263257"}],"wp:term":[{"taxonomy":"category","embeddable":true,"href":"https:\/\/www.tucomarca.com\/wordpress\/segunda\/ca\/wp-json\/wp\/v2\/categories?post=263257"},{"taxonomy":"post_tag","embeddable":true,"href":"https:\/\/www.tucomarca.com\/wordpress\/segunda\/ca\/wp-json\/wp\/v2\/tags?post=263257"}],"curies":[{"name":"wp","href":"https:\/\/api.w.org\/{rel}","templated":true}]}}