{"id":263291,"date":"2025-04-24T09:05:00","date_gmt":"2025-04-24T07:05:00","guid":{"rendered":"https:\/\/www.tucomarca.com\/wordpress\/segunda\/?p=263291"},"modified":"2025-04-24T19:20:38","modified_gmt":"2025-04-24T17:20:38","slug":"un-total-de-56-empreses-de-la-provincia-de-valencia-sunixen-al-club-de-producte-turistic-cami-del-cid","status":"publish","type":"post","link":"https:\/\/www.tucomarca.com\/wordpress\/segunda\/ca\/un-total-de-56-empreses-de-la-provincia-de-valencia-sunixen-al-club-de-producte-turistic-cami-del-cid\/","title":{"rendered":"Un total de 56 empreses de la prov\u00edncia de Val\u00e8ncia s&#8217;unixen al Club de Producte Tur\u00edstic Cam\u00ed del Cid"},"content":{"rendered":"\n<h3 class=\"wp-block-heading\">El Consorci Cam\u00ed del Cid llan\u00e7a un Club de Producte Tur\u00edstic amb 400 empreses i servicis de tota Espa\u00f1a, especialitzats en cicloturisme, senderisme, allotjaments hist\u00f2rics i gastronomia.<\/h3>\n\n\n\n<h3 class=\"wp-block-heading\">Els establiments comptaran amb un distintiu oficial acreditatiu, que el Consorci i la Diputaci\u00f3 de Val\u00e8ncia entregaran al maig als membres de la prov\u00edncia.<\/h3>\n\n\n\n<p>Un total de 56 establiments de la prov\u00edncia de Val\u00e8ncia s&#8217;han adherit al Club de Producte Tur\u00edstic Cam\u00ed del Cid, que perseguix la implantaci\u00f3 d&#8217;una xarxa d&#8217;empreses i servicis de qualitat que puguen canalitzar la seua oferta a trav\u00e9s de la marca Cam\u00ed del Cid, accedint aix\u00ed al mercat nacional i internacional en el qual es desembolica este itinerari tur\u00edstic.&nbsp;<\/p>\n\n\n\n<p>La iniciativa, impulsada pel Consorci Cam\u00ed del Cid, i que ja compta amb 401 empreses i servicis de tota Espa\u00f1a, servir\u00e0 per a crear noves experi\u00e8ncies tur\u00edstiques sostenibles que afavorisquen la cohesi\u00f3 territorial i el desenvolupament econ\u00f2mic local a trav\u00e9s de quatre clubs tem\u00e0tics amb productes associats al cicloturisme, el senderisme, els allotjaments hist\u00f2rics i la gastronomia.<\/p>\n\n\n\n<p>Del total d&#8217;adhesions registrades fins a la data al Club de Producte Tur\u00edstic Cam\u00ed del Cid a nivell nacional, 189 pertanyen a la categoria d&#8217;allotjaments; 43 a servicis d&#8217;alimentaci\u00f3 i restauraci\u00f3; 47 s\u00f3n empreses d&#8217;activitats tur\u00edstiques, guies i ag\u00e8ncies de viatges; 95 espais visitables o d&#8217;informaci\u00f3; 11 s\u00f3n servicis espec\u00edfics per al viatger senderista o cicloturista, i 16 establiments oferixen servicis especialitzats orientats a la gastronomia de quil\u00f2metre zero.&nbsp;<\/p>\n\n\n\n<p>En este sentit, el diputat de Turisme i Esports de la Diputaci\u00f3 de Val\u00e8ncia, Pedro Cuesta, ha destacat que \u201cestes xifres demostren el bon acolliment de la iniciativa en el sector i l&#8217;inter\u00e9s dels seus agents per conjuminar esfor\u00e7os en una mateixa adre\u00e7a: cohesionar l&#8217;oferta empresarial de qualitat vinculada a l&#8217;itinerari i facilitar la comercialitzaci\u00f3 de noves experi\u00e8ncies tur\u00edstiques\u201d.<\/p>\n\n\n\n<p><strong>La imatge de marca del Club<\/strong><\/p>\n\n\n\n<p>La imatge de marca del Club Tur\u00edstic tindr\u00e0 com a protagonista a la cornella del Cam\u00ed del Cid. Este au apareix en el Cantar del Meu Cid, el poema medieval en el qual es basa la ruta, com un s\u00edmbol de bon averany per al Cid i els seus h\u00f2mens, i de la mateixa manera es reinterpreta ara perqu\u00e8 transmeta la seua bona sort als viatgers del segle XXI.<\/p>\n\n\n\n<p>A partir de maig de 2025, la seua imatge identificar\u00e0 als membres del Club de Producte del Cam\u00ed del Cid en les seues diferents modalitats.<\/p>\n\n\n\n<p><strong>Les presentacions<\/strong><\/p>\n\n\n\n<p>En les pr\u00f2ximes setmanes, el Consorci Cam\u00ed del Cid, en col\u00b7laboraci\u00f3 amb les diputacions que ho integren, realitzar\u00e0 set sessions provincials per a la presentaci\u00f3 del Club de Producte Tur\u00edstic i l\u2019entrega de distintius als seus membres.<\/p>\n\n\n\n<p>A estos actes podran assistir tant les empreses i servicis tur\u00edstics que ja formen part del club, com aquells que no ho s\u00f3n per\u00f2 estan interessats a adherir-se.<\/p>\n\n\n\n<p>A la prov\u00edncia de Val\u00e8ncia, la presentaci\u00f3 se celebrar\u00e0 el dimecres 14 de maig a la Sala de Confer\u00e8ncies de la Casa de la Cultura de X\u00e0tiva.<\/p>\n\n\n\n<p>La creaci\u00f3 d&#8217;este Club de Producte Tur\u00edstic del Cam\u00ed del Cid ha sigut possible gr\u00e0cies a les ajudes del programa Experiencias Turismo Espa\u00f1a de la Secretaria d&#8217;Estat de Turisme, en el marc del Pla de Modernitzaci\u00f3 i Competitivitat del sector tur\u00edstic, Component 14 del Pla de Recuperaci\u00f3, Transformaci\u00f3 i Resili\u00e8ncia, finan\u00e7at amb fons Next Generation EU.<\/p>\n\n\n\n<p>El Consorci Cam\u00ed del Cid \u00e9s una entitat p\u00fablica sense \u00e0nim de lucre integrada per les Diputacions Provincials de Burgos, Soria, Guadalajara, Zaragoza, Teruel, Castell\u00f3, Val\u00e8ncia i Alacant. &nbsp;<\/p>\n","protected":false},"excerpt":{"rendered":"<div class=\"mh-excerpt\">El Consorci Cam\u00ed del Cid llan\u00e7a un Club de Producte Tur\u00edstic amb 400 empreses i servicis de tota Espa\u00f1a, especialitzats en cicloturisme, senderisme, allotjaments hist\u00f2rics i gastronomia. Els establiments comptaran amb un distintiu oficial acreditatiu, <a class=\"mh-excerpt-more\" href=\"https:\/\/www.tucomarca.com\/wordpress\/segunda\/ca\/un-total-de-56-empreses-de-la-provincia-de-valencia-sunixen-al-club-de-producte-turistic-cami-del-cid\/\" title=\"Un total de 56 empreses de la prov\u00edncia de Val\u00e8ncia s&#8217;unixen al Club de Producte Tur\u00edstic Cam\u00ed del Cid\">[+] <\/a><\/div>\n","protected":false},"author":12,"featured_media":263289,"comment_status":"open","ping_status":"open","sticky":false,"template":"","format":"standard","meta":{"footnotes":""},"categories":[11019,10904,11007,10896],"tags":[11199,22072,15856],"class_list":{"0":"post-263291","1":"post","2":"type-post","3":"status-publish","4":"format-standard","5":"has-post-thumbnail","7":"category-agenda-ca","8":"category-sin-categorizar-ca","9":"category-ocio-y-cultura-ca","10":"category-seccion-ca","11":"tag-la-comunitat-ca","12":"tag-la-diputacio-de-valencia-2-ca","13":"tag-ocio-y-cultura-ca"},"_links":{"self":[{"href":"https:\/\/www.tucomarca.com\/wordpress\/segunda\/ca\/wp-json\/wp\/v2\/posts\/263291","targetHints":{"allow":["GET"]}}],"collection":[{"href":"https:\/\/www.tucomarca.com\/wordpress\/segunda\/ca\/wp-json\/wp\/v2\/posts"}],"about":[{"href":"https:\/\/www.tucomarca.com\/wordpress\/segunda\/ca\/wp-json\/wp\/v2\/types\/post"}],"author":[{"embeddable":true,"href":"https:\/\/www.tucomarca.com\/wordpress\/segunda\/ca\/wp-json\/wp\/v2\/users\/12"}],"replies":[{"embeddable":true,"href":"https:\/\/www.tucomarca.com\/wordpress\/segunda\/ca\/wp-json\/wp\/v2\/comments?post=263291"}],"version-history":[{"count":0,"href":"https:\/\/www.tucomarca.com\/wordpress\/segunda\/ca\/wp-json\/wp\/v2\/posts\/263291\/revisions"}],"wp:featuredmedia":[{"embeddable":true,"href":"https:\/\/www.tucomarca.com\/wordpress\/segunda\/ca\/wp-json\/wp\/v2\/media\/263289"}],"wp:attachment":[{"href":"https:\/\/www.tucomarca.com\/wordpress\/segunda\/ca\/wp-json\/wp\/v2\/media?parent=263291"}],"wp:term":[{"taxonomy":"category","embeddable":true,"href":"https:\/\/www.tucomarca.com\/wordpress\/segunda\/ca\/wp-json\/wp\/v2\/categories?post=263291"},{"taxonomy":"post_tag","embeddable":true,"href":"https:\/\/www.tucomarca.com\/wordpress\/segunda\/ca\/wp-json\/wp\/v2\/tags?post=263291"}],"curies":[{"name":"wp","href":"https:\/\/api.w.org\/{rel}","templated":true}]}}