{"id":263404,"date":"2025-04-25T09:30:00","date_gmt":"2025-04-25T07:30:00","guid":{"rendered":"https:\/\/www.tucomarca.com\/wordpress\/segunda\/?p=263404"},"modified":"2025-04-25T21:07:00","modified_gmt":"2025-04-25T19:07:00","slug":"opinio-talats-els-arbres-de-lantic-instiuto-luis-vives-de-xiva-per-ma-carmen-ulldemolins","status":"publish","type":"post","link":"https:\/\/www.tucomarca.com\/wordpress\/segunda\/ca\/opinio-talats-els-arbres-de-lantic-instiuto-luis-vives-de-xiva-per-ma-carmen-ulldemolins\/","title":{"rendered":"Opini\u00f3: &#8220;Talats els arbres de l&#8217;antic institut Luis Vives de Xiva&#8221;, per M\u00aa Carmen Ulldemolins"},"content":{"rendered":"\n<figure class=\"wp-block-gallery has-nested-images columns-2 is-cropped wp-block-gallery-1 is-layout-flex wp-block-gallery-is-layout-flex\">\n<figure class=\"wp-block-image size-large\"><img loading=\"lazy\" decoding=\"async\" width=\"1024\" height=\"768\" data-id=\"263395\" src=\"https:\/\/www.tucomarca.com\/wordpress\/segunda\/wp-content\/uploads\/2025\/04\/TalaChiva4-1024x768.jpg\" alt=\"\" class=\"wp-image-263395\" srcset=\"https:\/\/www.tucomarca.com\/wordpress\/segunda\/wp-content\/uploads\/2025\/04\/TalaChiva4-1024x768.jpg 1024w, https:\/\/www.tucomarca.com\/wordpress\/segunda\/wp-content\/uploads\/2025\/04\/TalaChiva4-300x225.jpg 300w, https:\/\/www.tucomarca.com\/wordpress\/segunda\/wp-content\/uploads\/2025\/04\/TalaChiva4-768x576.jpg 768w, https:\/\/www.tucomarca.com\/wordpress\/segunda\/wp-content\/uploads\/2025\/04\/TalaChiva4-1536x1152.jpg 1536w, https:\/\/www.tucomarca.com\/wordpress\/segunda\/wp-content\/uploads\/2025\/04\/TalaChiva4-2048x1536.jpg 2048w, https:\/\/www.tucomarca.com\/wordpress\/segunda\/wp-content\/uploads\/2025\/04\/TalaChiva4-678x509.jpg 678w, https:\/\/www.tucomarca.com\/wordpress\/segunda\/wp-content\/uploads\/2025\/04\/TalaChiva4-326x245.jpg 326w, https:\/\/www.tucomarca.com\/wordpress\/segunda\/wp-content\/uploads\/2025\/04\/TalaChiva4-80x60.jpg 80w\" sizes=\"auto, (max-width: 1024px) 100vw, 1024px\" \/><\/figure>\n\n\n\n<figure class=\"wp-block-image size-large\"><img loading=\"lazy\" decoding=\"async\" width=\"1024\" height=\"768\" data-id=\"263397\" src=\"https:\/\/www.tucomarca.com\/wordpress\/segunda\/wp-content\/uploads\/2025\/04\/TalaChiva5-1024x768.jpg\" alt=\"\" class=\"wp-image-263397\" srcset=\"https:\/\/www.tucomarca.com\/wordpress\/segunda\/wp-content\/uploads\/2025\/04\/TalaChiva5-1024x768.jpg 1024w, https:\/\/www.tucomarca.com\/wordpress\/segunda\/wp-content\/uploads\/2025\/04\/TalaChiva5-300x225.jpg 300w, https:\/\/www.tucomarca.com\/wordpress\/segunda\/wp-content\/uploads\/2025\/04\/TalaChiva5-768x576.jpg 768w, https:\/\/www.tucomarca.com\/wordpress\/segunda\/wp-content\/uploads\/2025\/04\/TalaChiva5-1536x1152.jpg 1536w, https:\/\/www.tucomarca.com\/wordpress\/segunda\/wp-content\/uploads\/2025\/04\/TalaChiva5-2048x1536.jpg 2048w, https:\/\/www.tucomarca.com\/wordpress\/segunda\/wp-content\/uploads\/2025\/04\/TalaChiva5-678x509.jpg 678w, https:\/\/www.tucomarca.com\/wordpress\/segunda\/wp-content\/uploads\/2025\/04\/TalaChiva5-326x245.jpg 326w, https:\/\/www.tucomarca.com\/wordpress\/segunda\/wp-content\/uploads\/2025\/04\/TalaChiva5-80x60.jpg 80w\" sizes=\"auto, (max-width: 1024px) 100vw, 1024px\" \/><\/figure>\n\n\n\n<figure class=\"wp-block-image size-large\"><img loading=\"lazy\" decoding=\"async\" width=\"1024\" height=\"768\" data-id=\"263399\" src=\"https:\/\/www.tucomarca.com\/wordpress\/segunda\/wp-content\/uploads\/2025\/04\/TalaChiva6-1024x768.jpeg\" alt=\"\" class=\"wp-image-263399\" srcset=\"https:\/\/www.tucomarca.com\/wordpress\/segunda\/wp-content\/uploads\/2025\/04\/TalaChiva6-1024x768.jpeg 1024w, https:\/\/www.tucomarca.com\/wordpress\/segunda\/wp-content\/uploads\/2025\/04\/TalaChiva6-300x225.jpeg 300w, https:\/\/www.tucomarca.com\/wordpress\/segunda\/wp-content\/uploads\/2025\/04\/TalaChiva6-768x576.jpeg 768w, https:\/\/www.tucomarca.com\/wordpress\/segunda\/wp-content\/uploads\/2025\/04\/TalaChiva6-1536x1152.jpeg 1536w, https:\/\/www.tucomarca.com\/wordpress\/segunda\/wp-content\/uploads\/2025\/04\/TalaChiva6-2048x1536.jpeg 2048w, https:\/\/www.tucomarca.com\/wordpress\/segunda\/wp-content\/uploads\/2025\/04\/TalaChiva6-678x509.jpeg 678w, https:\/\/www.tucomarca.com\/wordpress\/segunda\/wp-content\/uploads\/2025\/04\/TalaChiva6-326x245.jpeg 326w, https:\/\/www.tucomarca.com\/wordpress\/segunda\/wp-content\/uploads\/2025\/04\/TalaChiva6-80x60.jpeg 80w\" sizes=\"auto, (max-width: 1024px) 100vw, 1024px\" \/><\/figure>\n<\/figure>\n\n\n\n<p><\/p>\n\n\n\n<p>Hem assistit en aquestes setmanes, impotents i desconcertats, a la tala d&#8217;uns arbres que estaven des de fa anys en els terrenys de l&#8217;antic institut Luis Vives de Xiva.<\/p>\n\n\n\n<p>El projecte de construcci\u00f3 d&#8217;un nou col\u00b7legi en eixe lloc ni ha contemplat la possibilitat de conservar aquests arbres, que ja formaven part d&#8217;un xicotet i quasi \u00fanic pulm\u00f3 verd del nostre poble. N&#8217;hi ha prou amb buscar en Google la foto a\u00e8ria de la zona per a comprovar-ho.<\/p>\n\n\n<div class=\"wp-block-image\">\n<figure class=\"alignleft size-large is-resized\"><img loading=\"lazy\" decoding=\"async\" width=\"752\" height=\"1024\" src=\"http:\/\/www.tucomarca.com\/wordpress\/segunda\/wp-content\/uploads\/2025\/04\/TalaChiva1-752x1024.jpg\" alt=\"\" class=\"wp-image-263389\" style=\"width:379px;height:auto\" srcset=\"https:\/\/www.tucomarca.com\/wordpress\/segunda\/wp-content\/uploads\/2025\/04\/TalaChiva1-752x1024.jpg 752w, https:\/\/www.tucomarca.com\/wordpress\/segunda\/wp-content\/uploads\/2025\/04\/TalaChiva1-220x300.jpg 220w, https:\/\/www.tucomarca.com\/wordpress\/segunda\/wp-content\/uploads\/2025\/04\/TalaChiva1-768x1046.jpg 768w, https:\/\/www.tucomarca.com\/wordpress\/segunda\/wp-content\/uploads\/2025\/04\/TalaChiva1.jpg 1007w\" sizes=\"auto, (max-width: 752px) 100vw, 752px\" \/><\/figure>\n<\/div>\n\n\n<p>I no s&#8217;ent\u00e9n, a m\u00e9s, com ni tan sols s&#8217;ha tingut en compte que aquests no estaven, en la seua majoria, en el centre d&#8217;aquest terreny. Per posar dos exemples, l&#8217;arbreda formada per diversos pl\u00e0tans d&#8217;ombra estava just en una cantonada, per no parlar del gran pi talat que estava tamb\u00e9 en un lateral.<\/p>\n\n\n\n<p>Diverses generacions vam cr\u00e9ixer i juguem sota aquests arbres, que van sobreviure en la seua majoria a la demolici\u00f3 de l&#8217;antic institut, la qual cosa ens va fer pensar que seguirien ac\u00ed per sempre, qualsevol que fora el projecte que es desenvolupara en aquests terrenys. I la idea que es conservarien es va refor\u00e7ar encara m\u00e9s al saber que s&#8217;anava a construir un nou col\u00b7legi en aquest lloc, on els xiquets anaven a poder gaudir d&#8217;ells com ho vam fer anteriors generacions.<\/p>\n\n\n\n<p>Per\u00f2 no ha sigut aix\u00ed, i haur\u00edem d&#8217;haver imaginat que ocorreria aix\u00f2, perqu\u00e8 ja ho hem vist en altres actuacions en tota aquesta zona del poble: \u00e9s massa f\u00e0cil tallar arbres que ja formen part del nostre entorn.<\/p>\n\n\n\n<p>I en el seu lloc veurem al\u00e7ar-se pr\u00f2ximament uns edificis moderns, amb totes les etiquetes energ\u00e8tiques sostenibles i potser fins i tot amb alguns materials reciclats en la seua construcci\u00f3, encara que segurament tindran patis de ciment i poca vegetaci\u00f3, com sol oc\u00f3rrer en massa construccions d&#8217;aquest tipus. I cal dir tamb\u00e9 que els arbres talats oferien ja un entorn vegetal, de calma, per a uns xiquets que passaran moltes hores de la seua vida en aquest col\u00b7legi.\u00a0<\/p>\n\n\n\n<figure class=\"wp-block-gallery has-nested-images columns-default is-cropped wp-block-gallery-2 is-layout-flex wp-block-gallery-is-layout-flex\">\n<figure class=\"wp-block-image size-large\"><img loading=\"lazy\" decoding=\"async\" width=\"768\" height=\"1024\" data-id=\"263393\" src=\"https:\/\/www.tucomarca.com\/wordpress\/segunda\/wp-content\/uploads\/2025\/04\/TalaChiva3-768x1024.jpg\" alt=\"\" class=\"wp-image-263393\" srcset=\"https:\/\/www.tucomarca.com\/wordpress\/segunda\/wp-content\/uploads\/2025\/04\/TalaChiva3-768x1024.jpg 768w, https:\/\/www.tucomarca.com\/wordpress\/segunda\/wp-content\/uploads\/2025\/04\/TalaChiva3-225x300.jpg 225w, https:\/\/www.tucomarca.com\/wordpress\/segunda\/wp-content\/uploads\/2025\/04\/TalaChiva3-1152x1536.jpg 1152w, https:\/\/www.tucomarca.com\/wordpress\/segunda\/wp-content\/uploads\/2025\/04\/TalaChiva3-1536x2048.jpg 1536w, https:\/\/www.tucomarca.com\/wordpress\/segunda\/wp-content\/uploads\/2025\/04\/TalaChiva3-scaled.jpg 1920w\" sizes=\"auto, (max-width: 768px) 100vw, 768px\" \/><\/figure>\n\n\n\n<figure class=\"wp-block-image size-large\"><img loading=\"lazy\" decoding=\"async\" width=\"768\" height=\"1024\" data-id=\"263391\" src=\"https:\/\/www.tucomarca.com\/wordpress\/segunda\/wp-content\/uploads\/2025\/04\/TalaChiva2-768x1024.jpg\" alt=\"\" class=\"wp-image-263391\" srcset=\"https:\/\/www.tucomarca.com\/wordpress\/segunda\/wp-content\/uploads\/2025\/04\/TalaChiva2-768x1024.jpg 768w, https:\/\/www.tucomarca.com\/wordpress\/segunda\/wp-content\/uploads\/2025\/04\/TalaChiva2-225x300.jpg 225w, https:\/\/www.tucomarca.com\/wordpress\/segunda\/wp-content\/uploads\/2025\/04\/TalaChiva2-1152x1536.jpg 1152w, https:\/\/www.tucomarca.com\/wordpress\/segunda\/wp-content\/uploads\/2025\/04\/TalaChiva2-1536x2048.jpg 1536w, https:\/\/www.tucomarca.com\/wordpress\/segunda\/wp-content\/uploads\/2025\/04\/TalaChiva2-scaled.jpg 1920w\" sizes=\"auto, (max-width: 768px) 100vw, 768px\" \/><\/figure>\n<figcaption class=\"blocks-gallery-caption wp-element-caption\"><em>Aspecte que tenia la zona abans de la tala.<\/em><\/figcaption><\/figure>\n\n\n\n<p><\/p>\n\n\n\n<p>Podem impartir tallers i donar xarrades en centres educatius, per a sensibilitzar a les noves generacions sobre la import\u00e0ncia de cuidar el medi ambient, per\u00f2 gestos com aquest, on es talen arbres com es llevaria una simple tanca, s\u00f3n exemples nefastos que no influeixen per a b\u00e9 en la creaci\u00f3 d&#8217;una consci\u00e8ncia col\u00b7lectiva de respecte per la naturalesa que ens envolta.<\/p>\n\n\n\n<p>Els arbres no saben d&#8217;ideologies pol\u00edtiques ni de teories econ\u00f2miques, nom\u00e9s purifiquen l&#8217;aire que tots respirem, ens protegeixen de la calor amb la seua ombra i creen entorns tranquils, terap\u00e8utics, tan necessaris en la nostra estressant \u00e8poca actual.<\/p>\n\n\n\n<p>\u00c9s hora que se&#8217;ls protegisca amb lleis m\u00e9s efectives, perqu\u00e8 no est\u00e0 en la consci\u00e8ncia de tots que la seua import\u00e0ncia \u00e9s b\u00e0sica i fonamental: ens permeten respirar i estan massa desprotegits.<\/p>\n\n\n\n<p>No sabem qui ha pres la decisi\u00f3 de no conservar-los, de talar-los en plena primavera, quan estaven brollant, omplint de verd la zona, i esborrant el color marr\u00f3 que semblava haver-lo enva\u00eft tot despr\u00e9s de la DANA.<\/p>\n\n\n\n<p>Nom\u00e9s sabem que sentim r\u00e0bia, impot\u00e8ncia i tristesa perqu\u00e8 s&#8217;ha acabat amb una cosa insubstitu\u00efble, i perqu\u00e8 continua sent massa f\u00e0cil tallar els arbres.<\/p>\n\n\n\n<p><\/p>\n\n\n\n<p><em>M\u00aa Carmen Ulldemolins \u00e9s professora i ve\u00efna de Xiva<\/em><\/p>\n","protected":false},"excerpt":{"rendered":"<div class=\"mh-excerpt\">Hem assistit en aquestes setmanes, impotents i desconcertats, a la tala d&#8217;uns arbres que estaven des de fa anys en els terrenys de l&#8217;antic institut Luis Vives de Xiva. El projecte de construcci\u00f3 d&#8217;un nou <a class=\"mh-excerpt-more\" href=\"https:\/\/www.tucomarca.com\/wordpress\/segunda\/ca\/opinio-talats-els-arbres-de-lantic-instiuto-luis-vives-de-xiva-per-ma-carmen-ulldemolins\/\" title=\"Opini\u00f3: &#8220;Talats els arbres de l&#8217;antic institut Luis Vives de Xiva&#8221;, per M\u00aa Carmen Ulldemolins\">[+] <\/a><\/div>\n","protected":false},"author":1,"featured_media":263398,"comment_status":"open","ping_status":"open","sticky":false,"template":"","format":"gallery","meta":{"footnotes":""},"categories":[10948,10894,10904,10912,10903,11007,10896,10897,10975],"tags":[11195,10914,12166],"class_list":{"0":"post-263404","1":"post","2":"type-post","3":"status-publish","4":"format-gallery","5":"has-post-thumbnail","7":"category-infraestructuras-ca","8":"category-la-comarca-ca","9":"category-sin-categorizar-ca","10":"category-la-hoya-ca","11":"category-medio-ambiente-la-comarca-ca","12":"category-ocio-y-cultura-ca","13":"category-seccion-ca","14":"category-sucesos-la-comarca-ca","15":"category-chiva-ca","16":"tag-chiva-ca","17":"tag-la-hoya-de-bunol-chiva-ca","18":"tag-medio-ambiente-ca","19":"post_format-post-format-gallery"},"_links":{"self":[{"href":"https:\/\/www.tucomarca.com\/wordpress\/segunda\/ca\/wp-json\/wp\/v2\/posts\/263404","targetHints":{"allow":["GET"]}}],"collection":[{"href":"https:\/\/www.tucomarca.com\/wordpress\/segunda\/ca\/wp-json\/wp\/v2\/posts"}],"about":[{"href":"https:\/\/www.tucomarca.com\/wordpress\/segunda\/ca\/wp-json\/wp\/v2\/types\/post"}],"author":[{"embeddable":true,"href":"https:\/\/www.tucomarca.com\/wordpress\/segunda\/ca\/wp-json\/wp\/v2\/users\/1"}],"replies":[{"embeddable":true,"href":"https:\/\/www.tucomarca.com\/wordpress\/segunda\/ca\/wp-json\/wp\/v2\/comments?post=263404"}],"version-history":[{"count":0,"href":"https:\/\/www.tucomarca.com\/wordpress\/segunda\/ca\/wp-json\/wp\/v2\/posts\/263404\/revisions"}],"wp:featuredmedia":[{"embeddable":true,"href":"https:\/\/www.tucomarca.com\/wordpress\/segunda\/ca\/wp-json\/wp\/v2\/media\/263398"}],"wp:attachment":[{"href":"https:\/\/www.tucomarca.com\/wordpress\/segunda\/ca\/wp-json\/wp\/v2\/media?parent=263404"}],"wp:term":[{"taxonomy":"category","embeddable":true,"href":"https:\/\/www.tucomarca.com\/wordpress\/segunda\/ca\/wp-json\/wp\/v2\/categories?post=263404"},{"taxonomy":"post_tag","embeddable":true,"href":"https:\/\/www.tucomarca.com\/wordpress\/segunda\/ca\/wp-json\/wp\/v2\/tags?post=263404"}],"curies":[{"name":"wp","href":"https:\/\/api.w.org\/{rel}","templated":true}]}}