{"id":263452,"date":"2025-04-27T13:00:00","date_gmt":"2025-04-27T11:00:00","guid":{"rendered":"https:\/\/www.tucomarca.com\/wordpress\/segunda\/?p=263452"},"modified":"2025-04-27T13:46:09","modified_gmt":"2025-04-27T11:46:09","slug":"recriminen-des-del-consell-al-govern-central-el-haver-se-complit-sis-mesos-sense-proporcionar-els-recursos-que-necessiten-els-valencians","status":"publish","type":"post","link":"https:\/\/www.tucomarca.com\/wordpress\/segunda\/ca\/recriminen-des-del-consell-al-govern-central-el-haver-se-complit-sis-mesos-sense-proporcionar-els-recursos-que-necessiten-els-valencians\/","title":{"rendered":"Recriminen des del Consell al Govern central el \u201chaver-se complit sis mesos sense proporcionar els recursos que necessiten els valencians\u201d"},"content":{"rendered":"\n<p>\u201cSi necessiten recursos que els demanen\u201d. Sis mesos despr\u00e9s de la frase pronunciada per Pedro S\u00e1nchez el 2 de novembre de 2024, el seu Govern segueix sense donar resposta a totes les necessitats i urg\u00e8ncies dels valencians\u201d, tal com han recordat aquest diumenge fonts el Consell.<\/p>\n\n\n\n<p>\u201cEl Consell va llan\u00e7ar una bateria de propostes que es van posar sobre la taula des del minut 1 en els grups de treball que l&#8217;Executiu valenci\u00e0 va proposar al Govern d&#8217;Espanya en cinc \u00e0rees estrat\u00e8giques per a col\u00b7laborar en un clar objectiu: ajudar en la reconstrucci\u00f3 i materialitzar la recuperaci\u00f3 de les zones afectades\u201d, tal com han retret des de l&#8217;executiu valenci\u00e0.<\/p>\n\n\n\n<p>\u201cDes de llavors -han afegit des del Consell- el Govern d&#8217;Espanya \u00e9s incapa\u00e7 de posar tots els recursos necessaris perqu\u00e8 els afectats tinguen un habitatge en condicions, recondicionar un centre social o ajudar les empreses a obrir els seus negocis\u201d.<\/p>\n\n\n\n<p>Des del Consell, asseguren que \u201cl&#8217;\u00fanica ajuda que ofereix a la Generalitat per a afrontar el finan\u00e7ament de la reconstrucci\u00f3 \u00e9s acudir a m\u00e9s deute que han de pagar tots els valencians, negant al Consell les imprescindibles ajudes a fons perdut per a afrontar el proc\u00e9s de reconstrucci\u00f3\u201d.<\/p>\n\n\n\n<p>A m\u00e9s, aporten una llista dels principals rebutjos del Govern de S\u00e1nchez a les propostes del Consell presentades per les diferents conselleries durant aquests sis mesos.<\/p>\n\n\n\n<p>Entre elles, destaquen, per a la Conselleria d&#8217;Agricultura, Aigua, Ramaderia i Pesca: \u201cun Pla contra Inundacions (2.390 milions d&#8217;euros). Presentat al ministeri el 7.11.2024. Contemplava mesures com la modernitzaci\u00f3 i implementaci\u00f3 de nous models predictius o l&#8217;establiment d&#8217;un sistema d&#8217;alarmes en els llits amb impacte urb\u00e0\u201d.<\/p>\n\n\n\n<p>\u201cI compatibilitat en les ajudes als arrossers. L&#8217;ajuda del Govern als arrossers fa incompatible la nostra ajuda al mateix sector\u201d, recorden des del Consell.<\/p>\n\n\n\n<p>Per a la Conselleria Serveis Socials, Igualtat i Habitatge, recorden \u201cels 25 milions de Sepes per a comprar d&#8217;habitatge industrialitzat, en lloc de gestionar compra habitatge a trav\u00e9s d&#8217;alcaldes. La creaci\u00f3 d&#8217;un centre d&#8217;acolliment temporal per a les persones que hagen perdut el seu habitatge i no tinguen cap altre recurs residencial. La Generalitat va haver d&#8217;assumir aquest recurs amb una inversi\u00f3 de 2,4 M\u20ac. I abonament de les quantitats necess\u00e0ries per a la reparaci\u00f3 de centres socials i habitatges socials danyats, i posada a la disposici\u00f3 dels afectats de tots els habitatges de la SAREB que es troben a les comarques afectades per la Dana\u201d.<\/p>\n\n\n\n<p>Per a la Conselleria d&#8217;Hisenda i Economia, recorden les ajudes a fons perdut a la Generalitat per a la reconstrucci\u00f3, que s\u00ed que va fer durant la pand\u00e8mia. Exempci\u00f3 fiscal de les ajudes concedides per la Generalitat a aut\u00f2noms i empreses afectades per la DANA com tenen les ajudes estatals per als mateixos col\u00b7lectius. Imposats zero per als afectats com a exempci\u00f3 de l&#8217;IVA en la compra de vehicles nous i exempci\u00f3 de l&#8217;IBI i l&#8217;IAE en 2025\u201d.<\/p>\n\n\n\n<p>Per a la Conselleria d&#8217;Educaci\u00f3, Cultura, Universitats i Ocupaci\u00f3: el Bo cultural amb una inversi\u00f3 de 15 milions d&#8217;euros per a impulsar la recuperaci\u00f3 del sector. Finan\u00e7ament per a afrontar els costos produ\u00efts en les infraestructures educatives. I tot aix\u00f2 \u201csense not\u00edcies d&#8217;Universitats: la ministra Diana Morant ha sigut l&#8217;\u00fanica dels 4 ministres que es corresponen amb aquest departament que no s&#8217;ha posat en contacte amb la Conselleria per a res\u201d.<\/p>\n\n\n\n<p>Per a la Conselleria d&#8217;Emerg\u00e8ncies i Interior: \u201cla inclusi\u00f3 de totes les poblacions afectades per la dana de la prov\u00edncia de Castell\u00f3 i de la prov\u00edncia de Val\u00e8ncia en els decrets del Govern perqu\u00e8 puguen rebre ajudes, com s\u00ed ha fet la Generalitat. El Govern ha excl\u00f2s a 28 municipis. I agilitat en neteja de llits i barrancs\u201d.<\/p>\n\n\n\n<p>Per a la Conselleria d&#8217;Innovaci\u00f3, Ind\u00fastria, Comer\u00e7 i Turisme: \u201cAgilitat en el pagament de les indemnitzacions del Consorci d&#8217;Assegurances. En el cas d&#8217;empreses s&#8217;ha abonat 13.155 sol\u00b7licituds d&#8217;un total de 19.290, la qual cosa suposa un 68% del total, d&#8217;uns diners que paguem tots. Sol\u00b7licitud a la Uni\u00f3 Europea per a la flexibilitzaci\u00f3 del requisit de m\u00ednims per a facilitar el suport a les empreses afectades per la riuada\u201d.<\/p>\n\n\n\n<p>Per a la Conselleria de Medi Ambient, Infraestructures i Territori: \u201cConveni per a sufragar la targeta de transport gratu\u00eft per a afectats per les inundacions Recuperem Val\u00e8ncia. La Generalitat est\u00e0 subvencionant a 200.000 ciutadans el transport de tot l&#8217;any de manera individual. Agilitzar l&#8217;execuci\u00f3 de les obres hidr\u00e0uliques pendents. Se&#8217;ls ha reclamat que concreten els projectes i terminis per a dur a terme les obres de canalitzaci\u00f3 pendents en el barranc del Pedr\u00eds i la Saleta per a poder determinar en quins terrenys es podr\u00e0 o no requalificar s\u00f2l i urbanitzar. No hi ha hagut cap resposta, tan sols informaci\u00f3 general del projecte de la Saleta que ha arribat de manera indirecta. Participar en la reconstrucci\u00f3 de l\u2019Albufera i transferir els fons promesos per al parc natural, depuraci\u00f3 i sanejament. La Generalitat est\u00e0 invertint m\u00e9s de 30 milions d&#8217;euros per a millorar l&#8217;ecosistema del parc natural mentre que el Govern va prometre una inversi\u00f3 similar de la qual no tenim cap not\u00edcia. El Govern tampoc ha transferit els m\u00e9s de 40 milions promesos per a depuradores i sanejament i no ha volgut sumar-se al pacte de l\u2019Albufera que garantir\u00e0 l&#8217;aigua en el futur gr\u00e0cies a la col\u00b7laboraci\u00f3 amb els regants\u201d.<\/p>\n\n\n\n<p>Per a la Conselleria de Sanitat: \u201cInversi\u00f3 per a la reparaci\u00f3 dels centres de salut afectats. Posada en marxa les 9 Unitats d&#8217;Emerg\u00e8ncia de Salut Mental (USME) promeses\u201d.<\/p>\n\n\n\n<p>I, finalment, per a la Conselleria per a la Recuperaci\u00f3 Econ\u00f2mica i Social: \u201cla creaci\u00f3 una Comissi\u00f3 Mixta per a coordinar, conjuminar esfor\u00e7os, evitar duplicitats i codirigir de manera efectiva les actuacions i ajudes per a la recuperaci\u00f3. En el cas del volc\u00e0 de la Palma s\u00ed que es va crear. Pacte d&#8217;Estat que permeta revisar, actualitzar i prioritzar les inversions en infraestructures h\u00eddriques en tota la conca mediterr\u00e0nia (no sols en barranc del Pedr\u00eds) per a minimitzar riscos davant futures inundacions\u201d.<\/p>\n\n\n\n<p><\/p>\n","protected":false},"excerpt":{"rendered":"<div class=\"mh-excerpt\">\u201cSi necessiten recursos que els demanen\u201d. Sis mesos despr\u00e9s de la frase pronunciada per Pedro S\u00e1nchez el 2 de novembre de 2024, el seu Govern segueix sense donar resposta a totes les necessitats i urg\u00e8ncies <a class=\"mh-excerpt-more\" href=\"https:\/\/www.tucomarca.com\/wordpress\/segunda\/ca\/recriminen-des-del-consell-al-govern-central-el-haver-se-complit-sis-mesos-sense-proporcionar-els-recursos-que-necessiten-els-valencians\/\" title=\"Recriminen des del Consell al Govern central el \u201chaver-se complit sis mesos sense proporcionar els recursos que necessiten els valencians\u201d\">[+] <\/a><\/div>\n","protected":false},"author":1,"featured_media":245497,"comment_status":"open","ping_status":"open","sticky":false,"template":"","format":"standard","meta":{"footnotes":""},"categories":[21466,10898,10948,10894,10904,10947,10896],"tags":[21788,11195,11498,12436,10914],"class_list":{"0":"post-263452","1":"post","2":"type-post","3":"status-publish","4":"format-standard","5":"has-post-thumbnail","7":"category-dana-ca","8":"category-ventana-ca","9":"category-infraestructuras-ca","10":"category-la-comarca-ca","11":"category-sin-categorizar-ca","12":"category-politica","13":"category-seccion-ca","14":"tag-ayudas-dana-ca","15":"tag-chiva-ca","16":"tag-generalitat-valenciana-ca","17":"tag-gobierno-de-espana-ca","18":"tag-la-hoya-de-bunol-chiva-ca"},"_links":{"self":[{"href":"https:\/\/www.tucomarca.com\/wordpress\/segunda\/ca\/wp-json\/wp\/v2\/posts\/263452","targetHints":{"allow":["GET"]}}],"collection":[{"href":"https:\/\/www.tucomarca.com\/wordpress\/segunda\/ca\/wp-json\/wp\/v2\/posts"}],"about":[{"href":"https:\/\/www.tucomarca.com\/wordpress\/segunda\/ca\/wp-json\/wp\/v2\/types\/post"}],"author":[{"embeddable":true,"href":"https:\/\/www.tucomarca.com\/wordpress\/segunda\/ca\/wp-json\/wp\/v2\/users\/1"}],"replies":[{"embeddable":true,"href":"https:\/\/www.tucomarca.com\/wordpress\/segunda\/ca\/wp-json\/wp\/v2\/comments?post=263452"}],"version-history":[{"count":0,"href":"https:\/\/www.tucomarca.com\/wordpress\/segunda\/ca\/wp-json\/wp\/v2\/posts\/263452\/revisions"}],"wp:featuredmedia":[{"embeddable":true,"href":"https:\/\/www.tucomarca.com\/wordpress\/segunda\/ca\/wp-json\/wp\/v2\/media\/245497"}],"wp:attachment":[{"href":"https:\/\/www.tucomarca.com\/wordpress\/segunda\/ca\/wp-json\/wp\/v2\/media?parent=263452"}],"wp:term":[{"taxonomy":"category","embeddable":true,"href":"https:\/\/www.tucomarca.com\/wordpress\/segunda\/ca\/wp-json\/wp\/v2\/categories?post=263452"},{"taxonomy":"post_tag","embeddable":true,"href":"https:\/\/www.tucomarca.com\/wordpress\/segunda\/ca\/wp-json\/wp\/v2\/tags?post=263452"}],"curies":[{"name":"wp","href":"https:\/\/api.w.org\/{rel}","templated":true}]}}