{"id":263528,"date":"2025-04-29T01:30:00","date_gmt":"2025-04-28T23:30:00","guid":{"rendered":"https:\/\/www.tucomarca.com\/wordpress\/segunda\/?p=263528"},"modified":"2025-04-29T01:40:34","modified_gmt":"2025-04-28T23:40:34","slug":"video-la-comunitat-valenciana-en-nivell-3-demergencia-per-la-historica-apagada","status":"publish","type":"post","link":"https:\/\/www.tucomarca.com\/wordpress\/segunda\/ca\/video-la-comunitat-valenciana-en-nivell-3-demergencia-per-la-historica-apagada\/","title":{"rendered":"V\u00eddeo: La Comunitat Valenciana, en nivell 3 d&#8217;emerg\u00e8ncia per la hist\u00f2rica apagada"},"content":{"rendered":"\n<h3 class=\"wp-block-heading\">El president de la Generalitat Valenciana, Carlos Maz\u00f3n, ha realitzat una declaraci\u00f3 institucional en la qual ha explicat els motius d&#8217;una decisi\u00f3 presa davant un fet sense precedents en la hist\u00f2ria recent del nostre pa\u00eds.<\/h3>\n\n\n\n<figure class=\"wp-block-embed is-type-video is-provider-youtube wp-block-embed-youtube wp-embed-aspect-16-9 wp-has-aspect-ratio\"><div class=\"wp-block-embed__wrapper\">\n<iframe loading=\"lazy\" title=\"V\u00eddeo: declaraci\u00f3n institucional de Carlos Maz\u00f3n ante el gran apag\u00f3n sufrido por nuestro pa\u00eds\" width=\"500\" height=\"281\" src=\"https:\/\/www.youtube.com\/embed\/iNAEqmwVQAc?feature=oembed\" frameborder=\"0\" allow=\"accelerometer; autoplay; clipboard-write; encrypted-media; gyroscope; picture-in-picture; web-share\" referrerpolicy=\"strict-origin-when-cross-origin\" allowfullscreen><\/iframe>\n<\/div><\/figure>\n\n\n\n<p><\/p>\n","protected":false},"excerpt":{"rendered":"<div class=\"mh-excerpt\">El president de la Generalitat Valenciana, Carlos Maz\u00f3n, ha realitzat una declaraci\u00f3 institucional en la qual ha explicat els motius d&#8217;una decisi\u00f3 presa davant un fet sense precedents en la hist\u00f2ria recent del nostre pa\u00eds.<\/div>\n","protected":false},"author":1,"featured_media":263526,"comment_status":"open","ping_status":"open","sticky":false,"template":"","format":"standard","meta":{"footnotes":""},"categories":[10898,10948,10894,10904,10903,10947,10896,10897,11062],"tags":[22226,22227,11199],"class_list":{"0":"post-263528","1":"post","2":"type-post","3":"status-publish","4":"format-standard","5":"has-post-thumbnail","7":"category-ventana-ca","8":"category-infraestructuras-ca","9":"category-la-comarca-ca","10":"category-sin-categorizar-ca","11":"category-medio-ambiente-la-comarca-ca","12":"category-politica","13":"category-seccion-ca","14":"category-sucesos-la-comarca-ca","15":"category-videos","16":"tag-apagon-ca","17":"tag-gran-ca","18":"tag-la-comunitat-ca"},"_links":{"self":[{"href":"https:\/\/www.tucomarca.com\/wordpress\/segunda\/ca\/wp-json\/wp\/v2\/posts\/263528","targetHints":{"allow":["GET"]}}],"collection":[{"href":"https:\/\/www.tucomarca.com\/wordpress\/segunda\/ca\/wp-json\/wp\/v2\/posts"}],"about":[{"href":"https:\/\/www.tucomarca.com\/wordpress\/segunda\/ca\/wp-json\/wp\/v2\/types\/post"}],"author":[{"embeddable":true,"href":"https:\/\/www.tucomarca.com\/wordpress\/segunda\/ca\/wp-json\/wp\/v2\/users\/1"}],"replies":[{"embeddable":true,"href":"https:\/\/www.tucomarca.com\/wordpress\/segunda\/ca\/wp-json\/wp\/v2\/comments?post=263528"}],"version-history":[{"count":0,"href":"https:\/\/www.tucomarca.com\/wordpress\/segunda\/ca\/wp-json\/wp\/v2\/posts\/263528\/revisions"}],"wp:featuredmedia":[{"embeddable":true,"href":"https:\/\/www.tucomarca.com\/wordpress\/segunda\/ca\/wp-json\/wp\/v2\/media\/263526"}],"wp:attachment":[{"href":"https:\/\/www.tucomarca.com\/wordpress\/segunda\/ca\/wp-json\/wp\/v2\/media?parent=263528"}],"wp:term":[{"taxonomy":"category","embeddable":true,"href":"https:\/\/www.tucomarca.com\/wordpress\/segunda\/ca\/wp-json\/wp\/v2\/categories?post=263528"},{"taxonomy":"post_tag","embeddable":true,"href":"https:\/\/www.tucomarca.com\/wordpress\/segunda\/ca\/wp-json\/wp\/v2\/tags?post=263528"}],"curies":[{"name":"wp","href":"https:\/\/api.w.org\/{rel}","templated":true}]}}