{"id":263552,"date":"2025-04-28T08:00:00","date_gmt":"2025-04-28T06:00:00","guid":{"rendered":"https:\/\/www.tucomarca.com\/wordpress\/segunda\/?p=263552"},"modified":"2025-04-29T11:01:42","modified_gmt":"2025-04-29T09:01:42","slug":"opinio-a-boca-de-cano-de-vostes-depen-per-joseh-larrazabal","status":"publish","type":"post","link":"https:\/\/www.tucomarca.com\/wordpress\/segunda\/ca\/opinio-a-boca-de-cano-de-vostes-depen-per-joseh-larrazabal\/","title":{"rendered":"Opini\u00f3: A boca de can\u00f3. &#8220;De vost\u00e9s dep\u00e9n&#8221;, per J\u00f3seh Larraz\u00e1bal"},"content":{"rendered":"<div class=\"wp-block-image\">\n<figure class=\"alignleft size-full is-resized\"><img loading=\"lazy\" decoding=\"async\" width=\"279\" height=\"280\" src=\"http:\/\/www.tucomarca.com\/wordpress\/segunda\/wp-content\/uploads\/2024\/01\/Larrazabalnueva.jpg\" alt=\"\" class=\"wp-image-208146\" style=\"width:160px;height:auto\"\/><\/figure>\n<\/div>\n\n\n<p>Em sembla molt b\u00e9 la portada de SUPER, estic totalment d&#8217;acord.<br>He de recordar, i no per vanitat o per all\u00f2 de &#8220;ja ho vaig dir jo,&#8221; sin\u00f3 perqu\u00e8 \u00e9s la veritat, que la citada informaci\u00f3 ja la comentem en LLIURE DIRECTE dijous passat, i no era la primera vegada.<br>En concret vam estar dient en la TERT\u00daLIA que es podria entendre el suport de l&#8217;afici\u00f3 i l&#8217;excessiva assist\u00e8ncia a Mestalla si la marxa de l&#8217;equip fora una cosa ocasional o accidental. Llavors no sols s&#8217;entendria sin\u00f3 que un servidor estaria totalment d&#8217;acord.<br>Per\u00f2 la vergonyosa marxa de l&#8217;equip s&#8217;est\u00e9n en el temps des de fa ja massa, no \u00e9s una cosa ocasional sin\u00f3 que s&#8217;ha convertit en una cosa permanent i fins i tot normal i tristament assumit per la majoria de l&#8217;afici\u00f3.<br>Per\u00f2 la portada de SUPER i els comentaris de LLIURE DIRECTE, no serveixen de res si l&#8217;afici\u00f3 no pren consci\u00e8ncia d&#8217;aix\u00f2.<br>Els desvetlaments i l&#8217;honrosa lluita que encap\u00e7ala LLIBERTAT VAL\u00c8NCIA CF \u00e9s de valorar i agrair, mereix respecte, per\u00f2 aix\u00f2 no \u00e9s suficient sin\u00f3 se&#8217;ls dona suport en totes i cadascuna de les seues iniciatives.<br>Miren, hi ha valorar la lluita que alguns portem de manera incansable, valerosa, i imperible, per\u00f2 no avancem ni s&#8217;obtenen els resultats abellits. Per qu\u00e8?<br>\u00c9s molt senzill de deduir: no s&#8217;avan\u00e7a perqu\u00e8 la paraula la t\u00e9 l&#8217;afici\u00f3 del vcf i est\u00e0 no s&#8217;expressa amb la fortalesa necess\u00e0ria ni aconsegueix els nivells m\u00ednims perqu\u00e8 sorgisca efecte.<br>De res serveix cantar 2 cosetes a Mestalla, que a m\u00e9s ja avorreixen i no causen cap efecte, perqu\u00e8 al m\u00e0xim accionista li fa riure. Ell no sent res per aquest club i odia a l&#8217;afici\u00f3, al vcf i a Val\u00e8ncia. La seua sup\u00e8rbia i arrog\u00e0ncia li fan respondre cruelment contra eixa afici\u00f3 que exigeix, de manera molt feble, la seua marxa d&#8217;aquest club i d&#8217;aquesta ciutat.<br>Que Lim es vaja o no del club dep\u00e9n de manera quasi exclusiva de l&#8217;afici\u00f3.<br>45.000 espectadors a Mestalla durant cada partit, 35.000 abonats, i diversos milions de guanys a les botigues del vcf \u00e9s un contrasentit si \u00e9s que de veritat es vol que el de Singapur abandone el Val\u00e8ncia cf.<br>L&#8217;arribada del fill del &#8220;Emperador&#8221; a la presid\u00e8ncia del vcf \u00e9s un altre afront i una burla m\u00e9s per a aquest club i aquesta afici\u00f3 que sembla haver caigut ja en el conformisme i la submissi\u00f3.<br>Recorden: La hist\u00f2ria del VCF exigeix a l&#8217;afici\u00f3 que respecte l&#8217;orgull i l&#8217;honor d&#8217;aquesta instituci\u00f3 anomenada Val\u00e8ncia CF.<\/p>\n\n\n\n<p>6 lligues, 8 Copes del Rei, 3 UEFAS, 1 Recopa d&#8217;Europa, 2 finals de Champions, diverses Supercopas d&#8217;Espanya i d&#8217;Europa\u2026 i ser el millor equip del M\u00f3n en 2004 demanden a l&#8217;abonats, socis i accionistes, aix\u00ed com als aficionats en general, que respecten la seua hist\u00f2ria i lluiten per mantindre l&#8217;honor del seu escut.<br>Insistisc, l&#8217;afici\u00f3 t\u00e9 la paraula.<br>\u00c9s molt f\u00e0cil;<br>Ning\u00fa a Mestalla, cap abonat, cap compra a les botigues\u2026<br>\u00c9s dur, ho s\u00e9, per\u00f2 els objectius no s&#8217;aconsegueixen nom\u00e9s amb can\u00e7onetes, recurrents i avorrides,<br>Si volem tirar a Lim del vcf \u00e9s necessari passar a l&#8217;acci\u00f3 i deixar-se de c\u00e0ntics que no condueixen a res.<br>L&#8217;afici\u00f3 t\u00e9 paraula.<br>De vost\u00e9s dep\u00e9n.<br>Amunt vcf!!<\/p>\n","protected":false},"excerpt":{"rendered":"<div class=\"mh-excerpt\">Em sembla molt b\u00e9 la portada de SUPER, estic totalment d&#8217;acord.He de recordar, i no per vanitat o per all\u00f2 de &#8220;ja ho vaig dir jo,&#8221; sin\u00f3 perqu\u00e8 \u00e9s la veritat, que la citada informaci\u00f3 <a class=\"mh-excerpt-more\" href=\"https:\/\/www.tucomarca.com\/wordpress\/segunda\/ca\/opinio-a-boca-de-cano-de-vostes-depen-per-joseh-larrazabal\/\" title=\"Opini\u00f3: A boca de can\u00f3. &#8220;De vost\u00e9s dep\u00e9n&#8221;, per J\u00f3seh Larraz\u00e1bal\">[+] <\/a><\/div>\n","protected":false},"author":1,"featured_media":208147,"comment_status":"open","ping_status":"open","sticky":false,"template":"","format":"standard","meta":{"footnotes":""},"categories":[11014,11003,11020,11021,10896],"tags":[15972,10913,15481,10914],"class_list":{"0":"post-263552","1":"post","2":"type-post","3":"status-publish","4":"format-standard","5":"has-post-thumbnail","7":"category-canal-valencia-cf-ca","8":"category-sports","9":"category-opinion-ca","10":"category-opinion-ca-2","11":"category-seccion-ca","12":"tag-a-bocajarro-ca","13":"tag-bunol-ca","14":"tag-joseh-larrazabal-ca","15":"tag-la-hoya-de-bunol-chiva-ca"},"_links":{"self":[{"href":"https:\/\/www.tucomarca.com\/wordpress\/segunda\/ca\/wp-json\/wp\/v2\/posts\/263552","targetHints":{"allow":["GET"]}}],"collection":[{"href":"https:\/\/www.tucomarca.com\/wordpress\/segunda\/ca\/wp-json\/wp\/v2\/posts"}],"about":[{"href":"https:\/\/www.tucomarca.com\/wordpress\/segunda\/ca\/wp-json\/wp\/v2\/types\/post"}],"author":[{"embeddable":true,"href":"https:\/\/www.tucomarca.com\/wordpress\/segunda\/ca\/wp-json\/wp\/v2\/users\/1"}],"replies":[{"embeddable":true,"href":"https:\/\/www.tucomarca.com\/wordpress\/segunda\/ca\/wp-json\/wp\/v2\/comments?post=263552"}],"version-history":[{"count":0,"href":"https:\/\/www.tucomarca.com\/wordpress\/segunda\/ca\/wp-json\/wp\/v2\/posts\/263552\/revisions"}],"wp:featuredmedia":[{"embeddable":true,"href":"https:\/\/www.tucomarca.com\/wordpress\/segunda\/ca\/wp-json\/wp\/v2\/media\/208147"}],"wp:attachment":[{"href":"https:\/\/www.tucomarca.com\/wordpress\/segunda\/ca\/wp-json\/wp\/v2\/media?parent=263552"}],"wp:term":[{"taxonomy":"category","embeddable":true,"href":"https:\/\/www.tucomarca.com\/wordpress\/segunda\/ca\/wp-json\/wp\/v2\/categories?post=263552"},{"taxonomy":"post_tag","embeddable":true,"href":"https:\/\/www.tucomarca.com\/wordpress\/segunda\/ca\/wp-json\/wp\/v2\/tags?post=263552"}],"curies":[{"name":"wp","href":"https:\/\/api.w.org\/{rel}","templated":true}]}}