{"id":263616,"date":"2025-04-29T09:55:00","date_gmt":"2025-04-29T07:55:00","guid":{"rendered":"https:\/\/www.tucomarca.com\/wordpress\/segunda\/?p=263616"},"modified":"2025-04-29T14:19:32","modified_gmt":"2025-04-29T12:19:32","slug":"la-foia-de-bunyol-xiva-recupera-la-normalitat-sense-incidents-de-gravetat-despres-de-lapagada","status":"publish","type":"post","link":"https:\/\/www.tucomarca.com\/wordpress\/segunda\/ca\/la-foia-de-bunyol-xiva-recupera-la-normalitat-sense-incidents-de-gravetat-despres-de-lapagada\/","title":{"rendered":"La Foia de Bunyol-Xiva recupera la normalitat sense incidents de gravetat despr\u00e9s de l&#8217;apagada"},"content":{"rendered":"\n<p>La comarca de la Foia de Bunyol-Xiva ha repr\u00e9s la normalitat despr\u00e9s de l&#8217;apagada massiva que va afectar ahir dilluns a tota la Pen\u00ednsula Ib\u00e8rica i va deixar sense subministrament el\u00e8ctric a milions de persones durant diverses hores. Igual que en tota Espanya, tots els municipis van patir interrupcions en els seus serveis b\u00e0sics, comunicacions i transport.<\/p>\n\n\n\n<p>La normalitat i l&#8217;abs\u00e8ncia de cap incident va ser la nota m\u00e9s significativa en la majoria dels municipis de La Foia, especialment en els menys poblats com <strong>Dosaig\u00fces, Setaig\u00fces, I\u00e0tova, Macastre, Godelleta o Alboraig<\/strong>, &#8220;on la jornada d&#8217;ahir va transc\u00f3rrer amb total normalitat i sense incidents; de fet, jo personalment vaig estar disponible pr\u00e0cticament tot el dia a l&#8217;Ajuntament per a atendre els ve\u00efns i ning\u00fa va requerir d&#8217;una atenci\u00f3 especial&#8221;, tal com ha posat de manifest l&#8217;alcalde d&#8217;Alboraig, Jes\u00fas Hig\u00f3n.<\/p>\n\n\n\n<p>En similars termes s&#8217;han pronunciat els alcaldes o alcaldesses dels municipis m\u00e9s poblats, com <strong>Xest, Xiva<\/strong> o <strong>Bunyol<\/strong>, l&#8217;alcaldessa dels quals, Virginia Sanz, ha relatat detalladament totes les accions dutes a terme durant una jornada que ha qualificat &#8220;de bogeria controlada&#8221;.<\/p>\n\n\n\n<p>L&#8217;alcaldessa de Bunyol ha destacat que, pese al caos inicial, la situaci\u00f3 va estar sota control gr\u00e0cies a l&#8217;experi\u00e8ncia pr\u00e8via en gesti\u00f3 d&#8217;emerg\u00e8ncies. \u201cVa ser un dia de bogeria, per\u00f2 una bogeria controlada\u201d, ha dit.&nbsp;<\/p>\n\n\n\n<p>A la comarca, el subministrament el\u00e8ctric va quedar completament restablit entorn de les 23,20 de la nit del dilluns, permetent la progressiva reactivaci\u00f3 dels serveis afectats. Durant el mat\u00ed d&#8217;aquest dimarts, s&#8217;han anat normalitzant les operacions en la majoria d&#8217;instal\u00b7lacions p\u00fabliques i privades.<\/p>\n\n\n\n<p>Com a mesura de precauci\u00f3, els centres educatius romandran oberts aquest dimarts per\u00f2 sense activitat lectiva, amb l&#8217;objectiu de reorganitzar recursos i garantir la seguretat despr\u00e9s de la incid\u00e8ncia.<\/p>\n\n\n\n<p>Les autoritats locals han agra\u00eft la paci\u00e8ncia i responsabilitat de la ciutadania i han recordat que es continua treballant en l&#8217;avaluaci\u00f3 de danys i en la millora de les infraestructures per a previndre futures interrupcions.<\/p>\n\n\n\n<p><em>(Informaci\u00f3 en proc\u00e9s d&#8217;elaboraci\u00f3).<\/em><\/p>\n","protected":false},"excerpt":{"rendered":"<div class=\"mh-excerpt\">La comarca de la Foia de Bunyol-Xiva ha repr\u00e9s la normalitat despr\u00e9s de l&#8217;apagada massiva que va afectar ahir dilluns a tota la Pen\u00ednsula Ib\u00e8rica i va deixar sense subministrament el\u00e8ctric a milions de persones <a class=\"mh-excerpt-more\" href=\"https:\/\/www.tucomarca.com\/wordpress\/segunda\/ca\/la-foia-de-bunyol-xiva-recupera-la-normalitat-sense-incidents-de-gravetat-despres-de-lapagada\/\" title=\"La Foia de Bunyol-Xiva recupera la normalitat sense incidents de gravetat despr\u00e9s de l&#8217;apagada\">[+] <\/a><\/div>\n","protected":false},"author":13,"featured_media":147519,"comment_status":"open","ping_status":"open","sticky":false,"template":"","format":"standard","meta":{"footnotes":""},"categories":[10973,10911,10976,10898,10977,10980,10948,10894,10912,10978,10903,10947,10896,10979,10897,10974,10975],"tags":[22226,10914],"class_list":{"0":"post-263616","1":"post","2":"type-post","3":"status-publish","4":"format-standard","5":"has-post-thumbnail","7":"category-alborache-ca","8":"category-bunol-ca","9":"category-dos-aguas-ca","10":"category-ventana-ca","11":"category-godelleta-ca","12":"category-yatova-ca","13":"category-infraestructuras-ca","14":"category-la-comarca-ca","15":"category-la-hoya-ca","16":"category-macastre-ca","17":"category-medio-ambiente-la-comarca-ca","18":"category-politica","19":"category-seccion-ca","20":"category-siete-aguas-ca","21":"category-sucesos-la-comarca-ca","22":"category-cheste-ca","23":"category-chiva-ca","24":"tag-apagon-ca","25":"tag-la-hoya-de-bunol-chiva-ca"},"_links":{"self":[{"href":"https:\/\/www.tucomarca.com\/wordpress\/segunda\/ca\/wp-json\/wp\/v2\/posts\/263616","targetHints":{"allow":["GET"]}}],"collection":[{"href":"https:\/\/www.tucomarca.com\/wordpress\/segunda\/ca\/wp-json\/wp\/v2\/posts"}],"about":[{"href":"https:\/\/www.tucomarca.com\/wordpress\/segunda\/ca\/wp-json\/wp\/v2\/types\/post"}],"author":[{"embeddable":true,"href":"https:\/\/www.tucomarca.com\/wordpress\/segunda\/ca\/wp-json\/wp\/v2\/users\/13"}],"replies":[{"embeddable":true,"href":"https:\/\/www.tucomarca.com\/wordpress\/segunda\/ca\/wp-json\/wp\/v2\/comments?post=263616"}],"version-history":[{"count":0,"href":"https:\/\/www.tucomarca.com\/wordpress\/segunda\/ca\/wp-json\/wp\/v2\/posts\/263616\/revisions"}],"wp:featuredmedia":[{"embeddable":true,"href":"https:\/\/www.tucomarca.com\/wordpress\/segunda\/ca\/wp-json\/wp\/v2\/media\/147519"}],"wp:attachment":[{"href":"https:\/\/www.tucomarca.com\/wordpress\/segunda\/ca\/wp-json\/wp\/v2\/media?parent=263616"}],"wp:term":[{"taxonomy":"category","embeddable":true,"href":"https:\/\/www.tucomarca.com\/wordpress\/segunda\/ca\/wp-json\/wp\/v2\/categories?post=263616"},{"taxonomy":"post_tag","embeddable":true,"href":"https:\/\/www.tucomarca.com\/wordpress\/segunda\/ca\/wp-json\/wp\/v2\/tags?post=263616"}],"curies":[{"name":"wp","href":"https:\/\/api.w.org\/{rel}","templated":true}]}}