{"id":263714,"date":"2025-04-29T10:30:00","date_gmt":"2025-04-29T08:30:00","guid":{"rendered":"https:\/\/www.tucomarca.com\/wordpress\/segunda\/?p=263714"},"modified":"2025-04-29T18:29:18","modified_gmt":"2025-04-29T16:29:18","slug":"turis-recupera-la-normalitat-despres-de-lapagada-general-del-dilluns-festiu-de-sant-vicent","status":"publish","type":"post","link":"https:\/\/www.tucomarca.com\/wordpress\/segunda\/ca\/turis-recupera-la-normalitat-despres-de-lapagada-general-del-dilluns-festiu-de-sant-vicent\/","title":{"rendered":"Tur\u00eds recupera la normalitat despr\u00e9s de l&#8217;apagada general del dilluns festiu de Sant Vicent"},"content":{"rendered":"\n<p>La localitat de Tur\u00eds ha recuperat per complet la normalitat despr\u00e9s de l&#8217;apagada el\u00e8ctrica patida ahir dilluns, una jornada que, en coincidir amb festiu local, es va viure amb relativa tranquil\u00b7litat entre els ve\u00efns.<\/p>\n\n\n\n<p>L&#8217;alcalde de Tur\u00eds, Ismael Corell, ha assenyalat que \u201cdins del que va passar, en ser festiu, la gent s&#8217;ho va prendre amb calma. S\u00ed que cap a \u00faltima hora es va notar una mica m\u00e9s d&#8217;inquietud, per\u00f2 no va haver-hi incidents destacables\u201d. El corrent el\u00e8ctric es va restablir al voltant de les 11 de la nit, segons ha confirmat el propi edil.<\/p>\n\n\n\n<p>Durant tota la vesprada i part de la matinada, van treballar dues patrulles de Protecci\u00f3 Civil i dues unitats de la Policia Local, amb l&#8217;objectiu de garantir la seguretat i tranquil\u00b7litzar a la poblaci\u00f3. Un dels principals esfor\u00e7os es va centrar en el trasllat de vacunes i medicaments des del centre de salut de Tur\u00eds fins a l&#8217;hospital de Manises, ja que el generador local es trobava fora de servei. Tamb\u00e9 es va realitzar el trasllat puntual d&#8217;algun pacient per precauci\u00f3.<\/p>\n\n\n\n<p>Gr\u00e0cies a la r\u00e0pida coordinaci\u00f3 dels serveis d&#8217;emerg\u00e8ncia, l&#8217;apagada no va provocar danys ni incidents de gravetat, i l&#8217;activitat en el municipi ha tornat al seu curs habitual.<\/p>\n","protected":false},"excerpt":{"rendered":"<div class=\"mh-excerpt\">La localitat de Tur\u00eds ha recuperat per complet la normalitat despr\u00e9s de l&#8217;apagada el\u00e8ctrica patida ahir dilluns, una jornada que, en coincidir amb festiu local, es va viure amb relativa tranquil\u00b7litat entre els ve\u00efns. L&#8217;alcalde <a class=\"mh-excerpt-more\" href=\"https:\/\/www.tucomarca.com\/wordpress\/segunda\/ca\/turis-recupera-la-normalitat-despres-de-lapagada-general-del-dilluns-festiu-de-sant-vicent\/\" title=\"Tur\u00eds recupera la normalitat despr\u00e9s de l&#8217;apagada general del dilluns festiu de Sant Vicent\">[+] <\/a><\/div>\n","protected":false},"author":12,"featured_media":257760,"comment_status":"open","ping_status":"open","sticky":false,"template":"","format":"standard","meta":{"footnotes":""},"categories":[10948,10894,10902,10903,10947,10896,10897,11047],"tags":[22232,11356,11093],"class_list":{"0":"post-263714","1":"post","2":"type-post","3":"status-publish","4":"format-standard","5":"has-post-thumbnail","7":"category-infraestructuras-ca","8":"category-la-comarca-ca","9":"category-la-ribera-ca","10":"category-medio-ambiente-la-comarca-ca","11":"category-politica","12":"category-seccion-ca","13":"category-sucesos-la-comarca-ca","14":"category-turis-ca","15":"tag-apagon-electrico-ca","16":"tag-ribera-alta-ca","17":"tag-turis-ca"},"_links":{"self":[{"href":"https:\/\/www.tucomarca.com\/wordpress\/segunda\/ca\/wp-json\/wp\/v2\/posts\/263714","targetHints":{"allow":["GET"]}}],"collection":[{"href":"https:\/\/www.tucomarca.com\/wordpress\/segunda\/ca\/wp-json\/wp\/v2\/posts"}],"about":[{"href":"https:\/\/www.tucomarca.com\/wordpress\/segunda\/ca\/wp-json\/wp\/v2\/types\/post"}],"author":[{"embeddable":true,"href":"https:\/\/www.tucomarca.com\/wordpress\/segunda\/ca\/wp-json\/wp\/v2\/users\/12"}],"replies":[{"embeddable":true,"href":"https:\/\/www.tucomarca.com\/wordpress\/segunda\/ca\/wp-json\/wp\/v2\/comments?post=263714"}],"version-history":[{"count":0,"href":"https:\/\/www.tucomarca.com\/wordpress\/segunda\/ca\/wp-json\/wp\/v2\/posts\/263714\/revisions"}],"wp:featuredmedia":[{"embeddable":true,"href":"https:\/\/www.tucomarca.com\/wordpress\/segunda\/ca\/wp-json\/wp\/v2\/media\/257760"}],"wp:attachment":[{"href":"https:\/\/www.tucomarca.com\/wordpress\/segunda\/ca\/wp-json\/wp\/v2\/media?parent=263714"}],"wp:term":[{"taxonomy":"category","embeddable":true,"href":"https:\/\/www.tucomarca.com\/wordpress\/segunda\/ca\/wp-json\/wp\/v2\/categories?post=263714"},{"taxonomy":"post_tag","embeddable":true,"href":"https:\/\/www.tucomarca.com\/wordpress\/segunda\/ca\/wp-json\/wp\/v2\/tags?post=263714"}],"curies":[{"name":"wp","href":"https:\/\/api.w.org\/{rel}","templated":true}]}}