{"id":263951,"date":"2025-04-30T09:50:00","date_gmt":"2025-04-30T07:50:00","guid":{"rendered":"https:\/\/www.tucomarca.com\/wordpress\/segunda\/?p=263951"},"modified":"2025-04-30T15:23:53","modified_gmt":"2025-04-30T13:23:53","slug":"deu-espectacles-gratuits-en-el-proxim-cicle-de-musica-a-la-primavera-de-xest","status":"publish","type":"post","link":"https:\/\/www.tucomarca.com\/wordpress\/segunda\/ca\/deu-espectacles-gratuits-en-el-proxim-cicle-de-musica-a-la-primavera-de-xest\/","title":{"rendered":"Deu espectacles gratu\u00efts en el pr\u00f2xim cicle de M\u00fasica a la primavera de Xest"},"content":{"rendered":"\n<h3 class=\"wp-block-heading\">Entre les propostes es troben \u201cEn veu de totes simf\u00f2nic\u201d, a c\u00e0rrec de Dissonants i la Banda La Lira; \u201cAcer 2.0\u201d del mag Orbit, i una \u00f2pera en directe dels Arts Volant.<\/h3>\n\n\n<div class=\"wp-block-image\">\n<figure class=\"alignleft size-large is-resized\"><img loading=\"lazy\" decoding=\"async\" width=\"724\" height=\"1024\" src=\"http:\/\/www.tucomarca.com\/wordpress\/segunda\/wp-content\/uploads\/2025\/04\/Cheste_MusicaPrimavera25-724x1024.jpg\" alt=\"\" class=\"wp-image-263942\" style=\"width:445px;height:auto\" srcset=\"https:\/\/www.tucomarca.com\/wordpress\/segunda\/wp-content\/uploads\/2025\/04\/Cheste_MusicaPrimavera25-724x1024.jpg 724w, https:\/\/www.tucomarca.com\/wordpress\/segunda\/wp-content\/uploads\/2025\/04\/Cheste_MusicaPrimavera25-212x300.jpg 212w, https:\/\/www.tucomarca.com\/wordpress\/segunda\/wp-content\/uploads\/2025\/04\/Cheste_MusicaPrimavera25-768x1086.jpg 768w, https:\/\/www.tucomarca.com\/wordpress\/segunda\/wp-content\/uploads\/2025\/04\/Cheste_MusicaPrimavera25.jpg 886w\" sizes=\"auto, (max-width: 724px) 100vw, 724px\" \/><\/figure>\n<\/div>\n\n\n<p>Xest es prepara per a una nova edici\u00f3 del cicle M\u00fasica a la primavera, organitzat des de la Regidoria de Cultura amb l&#8217;objectiu d&#8217;oferir, un any m\u00e9s, actuacions musicals gratu\u00eftes de qualitat, de diferents g\u00e8neres i per a tots els p\u00fablics.<\/p>\n\n\n\n<p>El cicle s&#8217;obrir\u00e0 amb el concert de solistes de la Banda Juvenil La Lira de Xest, el dissabte 10 de maig, a les 19.00 en el teatre Liceu. El diumenge, 11 de maig, tamb\u00e9 a les 19.00, el Liceu acollir\u00e0 el concert Sarsuela i can\u00e7\u00f3, amb el chestano Mario Cober\u00e1n com a tenor i Juan Carlos Cornelles al piano, amb un repertori de Manuel de Falla, Joaqu\u00edn Turina o Moreno Torroba, entre altres.<\/p>\n\n\n\n<p>El seg\u00fcent cap de setmana de maig tindran lloc tres actuacions. El septet Rosebud oferir\u00e0 el concert Quan el cinema sonava a m\u00fasica, el dissabte 17 a les 19.00, en el teatre Liceu; i el diumenge 18 de maig hi haur\u00e0 doble cita, amb l&#8217;Intercanvi musical del Grup de Danses de Xest, a les 11.00 en la pla\u00e7a Doctor Cajal, i amb el concert titulat Laus et Laetitia, per part de Neovocalis, que se celebrar\u00e0 a l&#8217;Esgl\u00e9sia Sant Lluc Evangelista a les 19.00.<\/p>\n\n\n\n<p>La programaci\u00f3 del mes de maig finalitzar\u00e0 amb l&#8217;espectacle En veu de totes simf\u00f2nic, una representaci\u00f3 musical que busca sensibilitzar i fer una reflexi\u00f3 al voltant de la viol\u00e8ncia de g\u00e8nere mitjan\u00e7ant la m\u00fasica, la paraula i la imatge, interpretat per la Banda simf\u00f2nica la Lira de Xest i l&#8217;agrupaci\u00f3 vocal Dissonants, que tindr\u00e0 lloc el dissabte 24 en el teatre Liceu, a les 19.00. El diumenge 25 l&#8217;espectacle Acer 2.0 del Mag Orbit posar\u00e0 el fermall d&#8217;or a la fi de setmana, portant a escena un xou familiar amb il\u00b7lusions de gran impacte i un reconegut disseny de llums i so.<\/p>\n\n\n\n<p>Juny comen\u00e7ar\u00e0 amb el concert de la Big band Alt Pal\u00e0ncia, el diumenge dia 1, a les 19.00 en el Liceu, coincidint amb la clausura del X Festival d&#8217;Art Urb\u00e0 Graffitea Xest. El seg\u00fcent cap de setmana es tancar\u00e0 el cicle amb dues actuacions, el dissabte 7 tindr\u00e0 lloc el tradicional concert coral a c\u00e0rrec de la Coral Cant\u00e1bile de l&#8217;Associaci\u00f3 Musical la Lira de Xest, la Coral Vicent Ribes de Tur\u00eds i el Cor de l&#8217;Escola de la Banda La Lira, a les 20.00 en la pla\u00e7a de l&#8217;Ermita. El diumenge 8 de juny, a les 19.00, la pla\u00e7a Doctor Cajal acollir\u00e0 una \u00f2pera en directe interpretada per cantants del Centre de Perfeccionament dels Arts acompanyats al piano, en el marc del projecte de difusi\u00f3 cultural Els Arts Volant, una proposta en la qual la companyia viatja en un gran cami\u00f3 preparat per a transformar-se en escenari.<\/p>\n","protected":false},"excerpt":{"rendered":"<div class=\"mh-excerpt\">Entre les propostes es troben \u201cEn veu de totes simf\u00f2nic\u201d, a c\u00e0rrec de Dissonants i la Banda La Lira; \u201cAcer 2.0\u201d del mag Orbit, i una \u00f2pera en directe dels Arts Volant. Xest es prepara <a class=\"mh-excerpt-more\" href=\"https:\/\/www.tucomarca.com\/wordpress\/segunda\/ca\/deu-espectacles-gratuits-en-el-proxim-cicle-de-musica-a-la-primavera-de-xest\/\" title=\"Deu espectacles gratu\u00efts en el pr\u00f2xim cicle de M\u00fasica a la primavera de Xest\">[+] <\/a><\/div>\n","protected":false},"author":12,"featured_media":263949,"comment_status":"open","ping_status":"open","sticky":false,"template":"","format":"standard","meta":{"footnotes":""},"categories":[11019,10894,10912,11007,10896,10974],"tags":[11071,14507,10914],"class_list":{"0":"post-263951","1":"post","2":"type-post","3":"status-publish","4":"format-standard","5":"has-post-thumbnail","7":"category-agenda-ca","8":"category-la-comarca-ca","9":"category-la-hoya-ca","10":"category-ocio-y-cultura-ca","11":"category-seccion-ca","12":"category-cheste-ca","13":"tag-cheste","14":"tag-ciclo-musica-en-primavera-ca","15":"tag-la-hoya-de-bunol-chiva-ca"},"_links":{"self":[{"href":"https:\/\/www.tucomarca.com\/wordpress\/segunda\/ca\/wp-json\/wp\/v2\/posts\/263951","targetHints":{"allow":["GET"]}}],"collection":[{"href":"https:\/\/www.tucomarca.com\/wordpress\/segunda\/ca\/wp-json\/wp\/v2\/posts"}],"about":[{"href":"https:\/\/www.tucomarca.com\/wordpress\/segunda\/ca\/wp-json\/wp\/v2\/types\/post"}],"author":[{"embeddable":true,"href":"https:\/\/www.tucomarca.com\/wordpress\/segunda\/ca\/wp-json\/wp\/v2\/users\/12"}],"replies":[{"embeddable":true,"href":"https:\/\/www.tucomarca.com\/wordpress\/segunda\/ca\/wp-json\/wp\/v2\/comments?post=263951"}],"version-history":[{"count":0,"href":"https:\/\/www.tucomarca.com\/wordpress\/segunda\/ca\/wp-json\/wp\/v2\/posts\/263951\/revisions"}],"wp:featuredmedia":[{"embeddable":true,"href":"https:\/\/www.tucomarca.com\/wordpress\/segunda\/ca\/wp-json\/wp\/v2\/media\/263949"}],"wp:attachment":[{"href":"https:\/\/www.tucomarca.com\/wordpress\/segunda\/ca\/wp-json\/wp\/v2\/media?parent=263951"}],"wp:term":[{"taxonomy":"category","embeddable":true,"href":"https:\/\/www.tucomarca.com\/wordpress\/segunda\/ca\/wp-json\/wp\/v2\/categories?post=263951"},{"taxonomy":"post_tag","embeddable":true,"href":"https:\/\/www.tucomarca.com\/wordpress\/segunda\/ca\/wp-json\/wp\/v2\/tags?post=263951"}],"curies":[{"name":"wp","href":"https:\/\/api.w.org\/{rel}","templated":true}]}}