{"id":263992,"date":"2025-04-30T09:00:00","date_gmt":"2025-04-30T07:00:00","guid":{"rendered":"https:\/\/www.tucomarca.com\/wordpress\/segunda\/?p=263992"},"modified":"2025-04-30T20:34:20","modified_gmt":"2025-04-30T18:34:20","slug":"la-diputacio-de-valencia-agraix-a-la-de-barcelona-la-cessio-dun-bibliobus-per-a-ajudar-els-municipis-afectats-per-la-dana","status":"publish","type":"post","link":"https:\/\/www.tucomarca.com\/wordpress\/segunda\/ca\/la-diputacio-de-valencia-agraix-a-la-de-barcelona-la-cessio-dun-bibliobus-per-a-ajudar-els-municipis-afectats-per-la-dana\/","title":{"rendered":"La Diputaci\u00f3 de Val\u00e8ncia agra\u00efx a la de Barcelona la cessi\u00f3 d&#8217;un bibliob\u00fas per a ajudar els municipis afectats per la DANA"},"content":{"rendered":"\n<h3 class=\"wp-block-heading\">El bibliob\u00fas, que ja est\u00e0 a Val\u00e8ncia, es convertir\u00e0 en una oficina d&#8217;atenci\u00f3 a la ciutadania per a contribuir a la recuperaci\u00f3 dels municipis danyats.<\/h3>\n\n\n\n<h3 class=\"wp-block-heading\">L&#8217;acci\u00f3 se suma als 300.000 euros que el passat octubre la Diputaci\u00f3 de Barcelona va fer arribar a Val\u00e8ncia per a fer costat als municipis.<\/h3>\n\n\n\n<p>La Diputaci\u00f3 de Val\u00e8ncia ha agra\u00eft una mostra m\u00e9s de la solidaritat institucional despr\u00e9s de la cat\u00e0strofe de la riuada. Esta vegada de la Diputaci\u00f3 de Barcelona que ha cedit un de les seus bibliobuses per a convertir-lo en oficina d&#8217;atenci\u00f3 ciutadana.&nbsp; L&#8217;objectiu \u00e9s donar suport informatiu i administratiu directe tant als ve\u00efns i ve\u00efnes damnificats com als ajuntaments, facilitant la tramitaci\u00f3 d&#8217;ajudes, la resoluci\u00f3 de dubtes i la coordinaci\u00f3 de recursos, contribuint d\u2019esta manera a la reconstrucci\u00f3 del teixit social i administratiu local.<\/p>\n\n\n\n<p>Aix\u00ed, el bibliob\u00fas es transformar\u00e0, amb una nova retolaci\u00f3, en el Dipubus sota els lemes \u2018Una administraci\u00f3 a peu de carrer\u2019 i \u2018Connectant poble a poble\u2019. Es tracta d&#8217;un autob\u00fas de gran volum, amb m\u00e9s de 10 metres de longitud i m\u00e9s de 2,5 metres d&#8217;ampl\u00e0ria. Tamb\u00e9 incorpora servicis interiors com a mobiliari i pantalles.<\/p>\n\n\n\n<p>Esta cessi\u00f3 se suma a la donaci\u00f3 econ\u00f2mica de 300.000 euros, canalitzada a trav\u00e9s de la Diputaci\u00f3 de Val\u00e8ncia, destinada als municipis de menys de 20.000 habitants. La Diputaci\u00f3 de Barcelona va fer esta donaci\u00f3 els dies posteriors a la riuada per a restituir els equipaments inform\u00e0tics b\u00e0sics dels ajuntaments afectats, com a servidors, ordinadors i equips de telecomunicacions. Esta ajuda ha contribu\u00eft a restablir la normalitat administrativa i agilitzar la tramitaci\u00f3 de les ajudes i servicis municipals, fonamentals en moments de postemerg\u00e8ncia.<\/p>\n\n\n\n<p>La presidenta de la Diputaci\u00f3 de Barcelona, Llu\u00efsa Moret, ha destacat la import\u00e0ncia de la col\u00b7laboraci\u00f3 entre institucions en moments de crisis i per a fer front a les conseq\u00fc\u00e8ncies, en este cas, de la dana que va patir Val\u00e8ncia el mes d&#8217;octubre passat. &#8220;Estem al costat de les valencianes i els valencians que van patir i encara patixen els efectes de la riuada, al costat dels seus ajuntaments i de les seues institucions, s\u00f3n molts els lla\u00e7os que ens agermanen com a comunitats ve\u00efnes\u201d.<\/p>\n\n\n\n<p>Per part seua, el president de la Diputaci\u00f3 de Val\u00e8ncia, Vicent Momp\u00f3, ha expressat el seu \u201cm\u00e9s sincer agra\u00efment\u201d. \u201cMai ens cansarem de donar les gr\u00e0cies a totes les institucions, en este cas a la Diputaci\u00f3 de Barcelona, que ens ha tendit la m\u00e0, que s&#8217;ha preocupat pels valencians i les valencianes, i que ha demostrat representar a un poble solidari i emp\u00e0tic\u201d, ha subratllat Momp\u00f3.<\/p>\n","protected":false},"excerpt":{"rendered":"<div class=\"mh-excerpt\">El bibliob\u00fas, que ja est\u00e0 a Val\u00e8ncia, es convertir\u00e0 en una oficina d&#8217;atenci\u00f3 a la ciutadania per a contribuir a la recuperaci\u00f3 dels municipis danyats. L&#8217;acci\u00f3 se suma als 300.000 euros que el passat octubre <a class=\"mh-excerpt-more\" href=\"https:\/\/www.tucomarca.com\/wordpress\/segunda\/ca\/la-diputacio-de-valencia-agraix-a-la-de-barcelona-la-cessio-dun-bibliobus-per-a-ajudar-els-municipis-afectats-per-la-dana\/\" title=\"La Diputaci\u00f3 de Val\u00e8ncia agra\u00efx a la de Barcelona la cessi\u00f3 d&#8217;un bibliob\u00fas per a ajudar els municipis afectats per la DANA\">[+] <\/a><\/div>\n","protected":false},"author":12,"featured_media":263990,"comment_status":"open","ping_status":"open","sticky":false,"template":"","format":"standard","meta":{"footnotes":""},"categories":[10892,21466,11046,10898,10948,10894,10904,10903,10947,10896,10897],"tags":[15409,11199,22072],"class_list":{"0":"post-263992","1":"post","2":"type-post","3":"status-publish","4":"format-standard","5":"has-post-thumbnail","7":"category-camp-de-turia-ca","8":"category-dana-ca","9":"category-los-serranos-ca","10":"category-ventana-ca","11":"category-infraestructuras-ca","12":"category-la-comarca-ca","13":"category-sin-categorizar-ca","14":"category-medio-ambiente-la-comarca-ca","15":"category-politica","16":"category-seccion-ca","17":"category-sucesos-la-comarca-ca","18":"tag-dana-2-ca","19":"tag-la-comunitat-ca","20":"tag-la-diputacio-de-valencia-2-ca"},"_links":{"self":[{"href":"https:\/\/www.tucomarca.com\/wordpress\/segunda\/ca\/wp-json\/wp\/v2\/posts\/263992","targetHints":{"allow":["GET"]}}],"collection":[{"href":"https:\/\/www.tucomarca.com\/wordpress\/segunda\/ca\/wp-json\/wp\/v2\/posts"}],"about":[{"href":"https:\/\/www.tucomarca.com\/wordpress\/segunda\/ca\/wp-json\/wp\/v2\/types\/post"}],"author":[{"embeddable":true,"href":"https:\/\/www.tucomarca.com\/wordpress\/segunda\/ca\/wp-json\/wp\/v2\/users\/12"}],"replies":[{"embeddable":true,"href":"https:\/\/www.tucomarca.com\/wordpress\/segunda\/ca\/wp-json\/wp\/v2\/comments?post=263992"}],"version-history":[{"count":0,"href":"https:\/\/www.tucomarca.com\/wordpress\/segunda\/ca\/wp-json\/wp\/v2\/posts\/263992\/revisions"}],"wp:featuredmedia":[{"embeddable":true,"href":"https:\/\/www.tucomarca.com\/wordpress\/segunda\/ca\/wp-json\/wp\/v2\/media\/263990"}],"wp:attachment":[{"href":"https:\/\/www.tucomarca.com\/wordpress\/segunda\/ca\/wp-json\/wp\/v2\/media?parent=263992"}],"wp:term":[{"taxonomy":"category","embeddable":true,"href":"https:\/\/www.tucomarca.com\/wordpress\/segunda\/ca\/wp-json\/wp\/v2\/categories?post=263992"},{"taxonomy":"post_tag","embeddable":true,"href":"https:\/\/www.tucomarca.com\/wordpress\/segunda\/ca\/wp-json\/wp\/v2\/tags?post=263992"}],"curies":[{"name":"wp","href":"https:\/\/api.w.org\/{rel}","templated":true}]}}