{"id":264085,"date":"2025-05-02T10:00:00","date_gmt":"2025-05-02T08:00:00","guid":{"rendered":"https:\/\/www.tucomarca.com\/wordpress\/segunda\/?p=264085"},"modified":"2025-05-02T14:40:06","modified_gmt":"2025-05-02T12:40:06","slug":"la-mancomunitat-foia-de-bunyol-xiva-avanca-en-la-prestacio-de-serveis-a-persones-amb-discapacitat","status":"publish","type":"post","link":"https:\/\/www.tucomarca.com\/wordpress\/segunda\/ca\/la-mancomunitat-foia-de-bunyol-xiva-avanca-en-la-prestacio-de-serveis-a-persones-amb-discapacitat\/","title":{"rendered":"La Mancomunitat Foia de Bunyol Xiva avan\u00e7a en la prestaci\u00f3 de serveis a persones amb discapacitat"},"content":{"rendered":"\n<p>Quampo Diversia incorpora nous serveis per a aprofundir en l&#8217;atenci\u00f3 a les persones amb discapacitat a la comarca.<\/p>\n\n\n\n<p>Les novetats incorporades al projecte van ser presentades als professionals en el context d&#8217;una jornada, celebrada en la Finca Millars (I\u00e0tova), i va permetre enfortir la coordinaci\u00f3 entre els equips professionals per a oferir a ciutadania i persones benefici\u00e0ries, una atenci\u00f3 efica\u00e7 i coordinada, sent conscients de la import\u00e0ncia que adquireix dotar d&#8217;habilitats a aquelles persones que tenen majors dificultats d&#8217;inserci\u00f3 laboral, fomentant, en \u00faltima inst\u00e0ncia l&#8217;autonomia personal i una vida independent de les persones usu\u00e0ries del servei.<\/p>\n\n\n\n<p>La jornada de presentaci\u00f3 del Qampo Diversia, organitzada per l&#8217;\u00e0rea de serveis socials de la Mancomunitat Foia de Bunyol Xiva va ser celebrada fa uns dies amb pres\u00e8ncia dels equips professionals de per Amimet (Associaci\u00f3 de Persones amb Discapacitat de la Ribera) en col\u00b7laboraci\u00f3 amb Diversia Ocupaci\u00f3 i l&#8217;equip de serveis socials de la Mancomunitat.<\/p>\n\n\n\n<p>La iniciativa cerca promoure l&#8217;autonomia i la inserci\u00f3 sociolaboral de persones amb discapacitat i\/o problemes de salut mental, integrant l&#8217;ocupaci\u00f3 verda i digital amb els principis de l&#8217;economia social i la sostenibilitat.<\/p>\n\n\n\n<p>Durant la seua intervenci\u00f3 en el transcurs de la jornada, Toni D\u00edaz, president de la Mancomunitat Foia de Bunyol Xiva, va ressaltar el ferm comprom\u00eds de la instituci\u00f3 per a continuar donant suport a aquest tipus d&#8217;iniciatives que permeten millorar el sistema d&#8217;atenci\u00f3 a la ciutadania, especialment a aquells col\u00b7lectius que compten amb menors oportunitats.<\/p>\n\n\n\n<p>El projecte de promoci\u00f3 de l&#8217;autonomia personal de la Mancomunitat, desenvolupat per Qampo Diversia, es realitza en col\u00b7laboraci\u00f3 amb la Mancomunitat en les seues dues \u00faltimes edicions, si b\u00e9 ara s&#8217;ha acordat realitzar algunes modificacions per a una major i millor adaptaci\u00f3 del seu contingut per a cobrir les necessitats detectades.<\/p>\n\n\n\n<p>La principal novetat de la proposta per a enguany pels professionals que presten el servei \u00e9s la introducci\u00f3 d&#8217;atencions individuals de car\u00e0cter psicol\u00f2gic o social per a persones amb problem\u00e0tica de salut mental de la comarca que no volen o no poden participar en les accions grupals, ateses les demandes realitzades per part de l&#8217;equip t\u00e8cnic de serveis socials de la Mancomunitat de la Foia de Bunyol.<\/p>\n\n\n\n<p>Qampo Diversia es presenta com un exemple de transformaci\u00f3 social, integrant el desenvolupament econ\u00f2mic amb la inclusi\u00f3 social, la sostenibilitat i la innovaci\u00f3 tecnol\u00f2gica, tot aix\u00f2 des d&#8217;una perspectiva centrada en les persones.<\/p>\n","protected":false},"excerpt":{"rendered":"<div class=\"mh-excerpt\">Quampo Diversia incorpora nous serveis per a aprofundir en l&#8217;atenci\u00f3 a les persones amb discapacitat a la comarca. Les novetats incorporades al projecte van ser presentades als professionals en el context d&#8217;una jornada, celebrada en <a class=\"mh-excerpt-more\" href=\"https:\/\/www.tucomarca.com\/wordpress\/segunda\/ca\/la-mancomunitat-foia-de-bunyol-xiva-avanca-en-la-prestacio-de-serveis-a-persones-amb-discapacitat\/\" title=\"La Mancomunitat Foia de Bunyol Xiva avan\u00e7a en la prestaci\u00f3 de serveis a persones amb discapacitat\">[+] <\/a><\/div>\n","protected":false},"author":13,"featured_media":264083,"comment_status":"open","ping_status":"open","sticky":false,"template":"","format":"standard","meta":{"footnotes":""},"categories":[10973,10911,10976,10977,10980,10948,10894,10912,10978,10947,10896,10979,10974,10975],"tags":[10914,11514],"class_list":{"0":"post-264085","1":"post","2":"type-post","3":"status-publish","4":"format-standard","5":"has-post-thumbnail","7":"category-alborache-ca","8":"category-bunol-ca","9":"category-dos-aguas-ca","10":"category-godelleta-ca","11":"category-yatova-ca","12":"category-infraestructuras-ca","13":"category-la-comarca-ca","14":"category-la-hoya-ca","15":"category-macastre-ca","16":"category-politica","17":"category-seccion-ca","18":"category-siete-aguas-ca","19":"category-cheste-ca","20":"category-chiva-ca","21":"tag-la-hoya-de-bunol-chiva-ca","22":"tag-mancomunidad-de-la-hoya-de-bunol-chiva-ca"},"_links":{"self":[{"href":"https:\/\/www.tucomarca.com\/wordpress\/segunda\/ca\/wp-json\/wp\/v2\/posts\/264085","targetHints":{"allow":["GET"]}}],"collection":[{"href":"https:\/\/www.tucomarca.com\/wordpress\/segunda\/ca\/wp-json\/wp\/v2\/posts"}],"about":[{"href":"https:\/\/www.tucomarca.com\/wordpress\/segunda\/ca\/wp-json\/wp\/v2\/types\/post"}],"author":[{"embeddable":true,"href":"https:\/\/www.tucomarca.com\/wordpress\/segunda\/ca\/wp-json\/wp\/v2\/users\/13"}],"replies":[{"embeddable":true,"href":"https:\/\/www.tucomarca.com\/wordpress\/segunda\/ca\/wp-json\/wp\/v2\/comments?post=264085"}],"version-history":[{"count":0,"href":"https:\/\/www.tucomarca.com\/wordpress\/segunda\/ca\/wp-json\/wp\/v2\/posts\/264085\/revisions"}],"wp:featuredmedia":[{"embeddable":true,"href":"https:\/\/www.tucomarca.com\/wordpress\/segunda\/ca\/wp-json\/wp\/v2\/media\/264083"}],"wp:attachment":[{"href":"https:\/\/www.tucomarca.com\/wordpress\/segunda\/ca\/wp-json\/wp\/v2\/media?parent=264085"}],"wp:term":[{"taxonomy":"category","embeddable":true,"href":"https:\/\/www.tucomarca.com\/wordpress\/segunda\/ca\/wp-json\/wp\/v2\/categories?post=264085"},{"taxonomy":"post_tag","embeddable":true,"href":"https:\/\/www.tucomarca.com\/wordpress\/segunda\/ca\/wp-json\/wp\/v2\/tags?post=264085"}],"curies":[{"name":"wp","href":"https:\/\/api.w.org\/{rel}","templated":true}]}}