{"id":264100,"date":"2025-05-03T11:00:00","date_gmt":"2025-05-03T09:00:00","guid":{"rendered":"https:\/\/www.tucomarca.com\/wordpress\/segunda\/?p=264100"},"modified":"2025-05-03T15:22:51","modified_gmt":"2025-05-03T13:22:51","slug":"les-mesures-fiscals-del-consell-per-a-fer-costat-a-les-persones-damnificades-per-la-riuada-han-permes-un-estalvi-en-impostos-superior-a-31-milions-en-el-primer-trimestre","status":"publish","type":"post","link":"https:\/\/www.tucomarca.com\/wordpress\/segunda\/ca\/les-mesures-fiscals-del-consell-per-a-fer-costat-a-les-persones-damnificades-per-la-riuada-han-permes-un-estalvi-en-impostos-superior-a-31-milions-en-el-primer-trimestre\/","title":{"rendered":"Les mesures fiscals del Consell per a fer costat a les persones damnificades per la riuada han perm\u00e9s un estalvi en impostos superior a 31 milions en el primer trimestre"},"content":{"rendered":"\n<h3 class=\"wp-block-heading\">M\u00e9s de 5.100 damnificats s&#8217;apliquen de manera directa la reducci\u00f3 del 100% prevista en donacions rebudes per a reparar habitatges danyats o fer costat a negocis afectats per la riuada.<\/h3>\n\n\n\n<h3 class=\"wp-block-heading\">La recaptaci\u00f3 total per impostos propis i cedits de l&#8217;Ag\u00e8ncia Tribut\u00e0ria Valenciana (ATV) fins a mar\u00e7 ascendeix a 538 milions, quasi un 16% superior al mateix per\u00edode de 2024.<\/h3>\n\n\n\n<p>Les mesures fiscals aprovades pel Consell per a fer costat a les persones damnificades per la riuada en l&#8217;Impost de Successions i Donacions han suposat un estalvi tributari superior als 31 milions d&#8217;euros en el primer trimestre de l&#8217;any, segons les dades publicades per l&#8217;Ag\u00e8ncia Tribut\u00e0ria Valenciana (ATV) sobre l&#8217;evoluci\u00f3 dels tributs propis i cedits.<\/p>\n\n\n\n<p>En concret en la modalitat de Donacions de l&#8217;Impost de Successions i Donacions s&#8217;han presentat fins al mes de mar\u00e7 un total 5.169 autoliquidacions que s&#8217;han aplicat de manera directa la reducci\u00f3 del 100% prevista en el Decret llei 12\/2024, de 12 de novembre, del Consell, de mesures fiscals de suport a les persones afectades per les inundacions.<\/p>\n\n\n\n<p>Aquesta mesura s&#8217;ha tradu\u00eft en un estalvi fiscal global de 31,7 milions d&#8217;euros per als donataris. De les 5.169 autoliquidacions presentades, 2.086 corresponen a donacions per a l&#8217;adquisici\u00f3 de b\u00e9ns no afectes a activitat econ\u00f2mica, amb una reducci\u00f3 associada de 9,6 milions d&#8217;euros, mentre que 3.083 corresponen a donacions per a adquisici\u00f3 de b\u00e9ns afectes a activitat econ\u00f2mica, amb una reducci\u00f3 aparellada de 22,1 milions d&#8217;euros. La base m\u00e0xima de la reducci\u00f3 \u00e9s de 150.000 euros en el primer cas i de 250.000 euros en el segon.<\/p>\n\n\n\n<p>En total, els drets reconeguts fins a mar\u00e7 en la modalitat de Donacions se situen en 3,8 milions enfront dels 10,2 milions del mateix per\u00edode de l&#8217;any anterior, la qual cosa reflecteix l&#8217;estalvi per als valencians a l&#8217;hora de declarar aquests impostos despr\u00e9s de la seua eliminaci\u00f3 per part del Consell i, en aquest cas, tamb\u00e9 a conseq\u00fc\u00e8ncia de les esmentades reduccions en la base imposable per adquisicions lucratives inter vivos que es van posar en marxa amb motiu de la riuada.<\/p>\n\n\n\n<p>D&#8217;altra banda, en la modalitat de Successions, els drets reconeguts fins a mar\u00e7 s&#8217;han incrementat un 61,76% respecte al mateix per\u00edode de l&#8217;any anterior, passant de 45,6 a 73,9 milions.<\/p>\n\n\n\n<p>Suport a les persones afectades per les inundacions<\/p>\n\n\n\n<p>Cal recordar que el Decret llei 12\/2024, de 12 de novembre, del Consell, de mesures fiscals de suport a les persones afectades per les inundacions contempla tamb\u00e9 exempcions fiscals en l&#8217;Impost sobre Transmissions Patrimonials i Actes Jur\u00eddics Documentats (ITPAJD) i una bonificaci\u00f3 del 50% en la quota de l&#8217;Impost sobre Successions per als parents del Grup III (nebots, oncles, etc.) que hereten de persones mortes a conseq\u00fc\u00e8ncia del temporal.<\/p>\n\n\n\n<p>En aquest cas, l&#8217;estalvi per als afectats s&#8217;observar\u00e0 en les dades dels pr\u00f2xims mesos, ja que el per\u00edode de presentaci\u00f3 de les autoliquidacions en la modalitat de Successions \u00e9s de sis mesos naturals des de la data de defunci\u00f3 del causant, amb la possibilitat d&#8217;altres sis de pr\u00f2rroga.<\/p>\n\n\n\n<p>Als estalvis derivats per les bonificacions aprovades en aquestes figures se sumen els 32 milions d&#8217;euros d&#8217;estalvi estimat en l&#8217;IRPF per a les persones afectades gr\u00e0cies a mesures previstes en eixe mateix decret com la deducci\u00f3 del 100% de les despeses de reparaci\u00f3 de l&#8217;habitatge habitual i la deducci\u00f3 del 45% en les aportacions a fons propis de determinades entitats radicades en les zones afectades.<\/p>\n\n\n\n<p><strong>Notable increment dels ingressos<\/strong><\/p>\n\n\n\n<p>Pel que fa al conjunt d&#8217;ingressos per impostos propis i cedits, l&#8217;evoluci\u00f3 en el primer trimestre de l&#8217;any reflecteix que l&#8217;alentiment de l&#8217;activitat que va seguir a la riuada en les zones m\u00e9s afectades ha revertit en el comen\u00e7ament d&#8217;enguany.<\/p>\n\n\n\n<p>\u201cLa DANA va causar una disminuci\u00f3 temporal en l&#8217;activitat econ\u00f2mica en les zones afectades, la qual cosa es va reflectir en una reducci\u00f3 de les vendes i, per tant, en la recaptaci\u00f3 tribut\u00e0ria. No obstant aix\u00f2, les mesures de suport i la recuperaci\u00f3 gradual de l&#8217;activitat econ\u00f2mica van ajudar a mitigar aquests efectes a mitj\u00e0 termini\u201d, apunta la consellera d&#8217;Hisenda i Economia, Ruth Merino.<\/p>\n\n\n\n<p>A m\u00e9s de les mesures ja esmentades, la Generalitat va prorrogar fins al 31 de gener de 2025 el termini per a la presentaci\u00f3 i ingr\u00e9s per part de les persones afectades de les autoliquidacions del ISD, ITPAJD, Tributs sobre el Joc i del IAMA el termini de presentaci\u00f3 del qual i ingr\u00e9s acabara entre el 28 d&#8217;octubre i el 31 de desembre de 2024. Aquesta mesura va suposar posposar una part important de la recaptaci\u00f3 corresponent als \u00faltims mesos del passat any, que ara es tradueix en unes majors xifres.<\/p>\n\n\n\n<p>Aix\u00ed, els drets reconeguts en el primer trimestre en el conjunt de la Comunitat Valenciana van aconseguir els 588 milions enfront dels 498 de l&#8217;any 2024, un augment del 18%. La recaptaci\u00f3 total en aquest mateix per\u00edode ascendeix a 538 milions enguany, xifra que suposa un augment del 15,82% respecte al mateix per\u00edode de 2024.<\/p>\n\n\n\n<p>L&#8217;Impost sobre Transmissions Patrimonials, que representa el gruix dels ingressos gestionats per la ATV, ha generat 357 milions d&#8217;euros, un 20% m\u00e9s que en el primer trimestre de 2024. Quant als drets reconeguts d&#8217;aquest impost, la ATV ha registrat un increment del 18,52%, la qual cosa reflecteix una major activitat en el sector immobiliari i de la construcci\u00f3.<\/p>\n\n\n\n<p>Per darrere en xifres totals es troba la modalitat d&#8217;Actes Jur\u00eddics Documentats del ITPAJD, especialment lligat a les escriptures notarials, amb una recaptaci\u00f3 fins a mar\u00e7 que ascendeix a 89 milions, un 12,48% superior a les xifres del mateix per\u00edode de l&#8217;any anterior, que aconseguien els 79 milions.<\/p>\n\n\n\n<p>Encara que la riuada va tindre un impacte negatiu inicial en la recaptaci\u00f3 tribut\u00e0ria per la disminuci\u00f3 de l&#8217;activitat econ\u00f2mica i la suspensi\u00f3 de terminis, les mesures adoptades per la Generalitat Valenciana han ajudat a mitigar aquests efectes i a fomentar la recuperaci\u00f3 econ\u00f2mica, segons reflecteixen les estad\u00edstiques del primer trimestre d&#8217;enguany.<\/p>\n\n\n\n<p>En paral\u00b7lel, la ATV ha millorat els seus processos de gesti\u00f3 i recaptaci\u00f3, la qual cosa ha perm\u00e9s una major efici\u00e8ncia en la captaci\u00f3 d&#8217;impostos.<\/p>\n","protected":false},"excerpt":{"rendered":"<div class=\"mh-excerpt\">M\u00e9s de 5.100 damnificats s&#8217;apliquen de manera directa la reducci\u00f3 del 100% prevista en donacions rebudes per a reparar habitatges danyats o fer costat a negocis afectats per la riuada. La recaptaci\u00f3 total per impostos <a class=\"mh-excerpt-more\" href=\"https:\/\/www.tucomarca.com\/wordpress\/segunda\/ca\/les-mesures-fiscals-del-consell-per-a-fer-costat-a-les-persones-damnificades-per-la-riuada-han-permes-un-estalvi-en-impostos-superior-a-31-milions-en-el-primer-trimestre\/\" title=\"Les mesures fiscals del Consell per a fer costat a les persones damnificades per la riuada han perm\u00e9s un estalvi en impostos superior a 31 milions en el primer trimestre\">[+] <\/a><\/div>\n","protected":false},"author":12,"featured_media":245313,"comment_status":"open","ping_status":"open","sticky":false,"template":"","format":"standard","meta":{"footnotes":""},"categories":[10983,21466,10898,10948,10894,10904,10912,10902,10903,10947,10908,10909,10896,10897,11059,10975],"tags":[21928,15409,21404],"class_list":{"0":"post-264100","1":"post","2":"type-post","3":"status-publish","4":"format-standard","5":"has-post-thumbnail","7":"category-algemesi-ca","8":"category-dana-ca","9":"category-ventana-ca","10":"category-infraestructuras-ca","11":"category-la-comarca-ca","12":"category-sin-categorizar-ca","13":"category-la-hoya-ca","14":"category-la-ribera-ca","15":"category-medio-ambiente-la-comarca-ca","16":"category-politica","17":"category-requena-ca","18":"category-requena-utiel-ca","19":"category-seccion-ca","20":"category-sucesos-la-comarca-ca","21":"category-utiel-ca","22":"category-chiva-ca","23":"tag-ayudas-riada-ca","24":"tag-dana-2-ca","25":"tag-genaralitat-valenciana-ca"},"_links":{"self":[{"href":"https:\/\/www.tucomarca.com\/wordpress\/segunda\/ca\/wp-json\/wp\/v2\/posts\/264100","targetHints":{"allow":["GET"]}}],"collection":[{"href":"https:\/\/www.tucomarca.com\/wordpress\/segunda\/ca\/wp-json\/wp\/v2\/posts"}],"about":[{"href":"https:\/\/www.tucomarca.com\/wordpress\/segunda\/ca\/wp-json\/wp\/v2\/types\/post"}],"author":[{"embeddable":true,"href":"https:\/\/www.tucomarca.com\/wordpress\/segunda\/ca\/wp-json\/wp\/v2\/users\/12"}],"replies":[{"embeddable":true,"href":"https:\/\/www.tucomarca.com\/wordpress\/segunda\/ca\/wp-json\/wp\/v2\/comments?post=264100"}],"version-history":[{"count":0,"href":"https:\/\/www.tucomarca.com\/wordpress\/segunda\/ca\/wp-json\/wp\/v2\/posts\/264100\/revisions"}],"wp:featuredmedia":[{"embeddable":true,"href":"https:\/\/www.tucomarca.com\/wordpress\/segunda\/ca\/wp-json\/wp\/v2\/media\/245313"}],"wp:attachment":[{"href":"https:\/\/www.tucomarca.com\/wordpress\/segunda\/ca\/wp-json\/wp\/v2\/media?parent=264100"}],"wp:term":[{"taxonomy":"category","embeddable":true,"href":"https:\/\/www.tucomarca.com\/wordpress\/segunda\/ca\/wp-json\/wp\/v2\/categories?post=264100"},{"taxonomy":"post_tag","embeddable":true,"href":"https:\/\/www.tucomarca.com\/wordpress\/segunda\/ca\/wp-json\/wp\/v2\/tags?post=264100"}],"curies":[{"name":"wp","href":"https:\/\/api.w.org\/{rel}","templated":true}]}}