{"id":264258,"date":"2025-05-04T12:00:00","date_gmt":"2025-05-04T10:00:00","guid":{"rendered":"https:\/\/www.tucomarca.com\/wordpress\/segunda\/?p=264258"},"modified":"2025-05-04T13:43:47","modified_gmt":"2025-05-04T11:43:47","slug":"video-aixi-viu-el-poble-de-turis-linici-de-la-seua-xx-fira-de-comerc","status":"publish","type":"post","link":"https:\/\/www.tucomarca.com\/wordpress\/segunda\/ca\/video-aixi-viu-el-poble-de-turis-linici-de-la-seua-xx-fira-de-comerc\/","title":{"rendered":"V\u00eddeo: aix\u00ed viu el poble de Tur\u00eds l\u2019inici de la seua XX Fira de Comer\u00e7"},"content":{"rendered":"\n<figure class=\"wp-block-embed is-type-video is-provider-youtube wp-block-embed-youtube wp-embed-aspect-16-9 wp-has-aspect-ratio\"><div class=\"wp-block-embed__wrapper\">\n<iframe loading=\"lazy\" title=\"V\u00eddeo: aix\u00ed viu el poble de Tur\u00eds l\u2019inici de la seua XX fira de comer\u00e7\" width=\"500\" height=\"281\" src=\"https:\/\/www.youtube.com\/embed\/YXQpQc4xdL0?feature=oembed\" frameborder=\"0\" allow=\"accelerometer; autoplay; clipboard-write; encrypted-media; gyroscope; picture-in-picture; web-share\" referrerpolicy=\"strict-origin-when-cross-origin\" allowfullscreen><\/iframe>\n<\/div><\/figure>\n\n\n\n<p>La Pla\u00e7a Vicent Ribes ha tornat a ser l\u2019epicentre de l\u2019activitat comercial, festiva i social turisana durant la inauguraci\u00f3 de la Fira de Comer\u00e7 de Tur\u00eds que enguany celebra la seua XX edici\u00f3. Uns expositors amb una gran varietat de productes es mostren aquest cap de setmana als visitants en aquesta edici\u00f3 de la qual es pot gaudir fins al diumenge.<\/p>\n","protected":false},"excerpt":{"rendered":"<div class=\"mh-excerpt\">La Pla\u00e7a Vicent Ribes ha tornat a ser l\u2019epicentre de l\u2019activitat comercial, festiva i social turisana durant la inauguraci\u00f3 de la Fira de Comer\u00e7 de Tur\u00eds que enguany celebra la seua XX edici\u00f3. Uns expositors <a class=\"mh-excerpt-more\" href=\"https:\/\/www.tucomarca.com\/wordpress\/segunda\/ca\/video-aixi-viu-el-poble-de-turis-linici-de-la-seua-xx-fira-de-comerc\/\" title=\"V\u00eddeo: aix\u00ed viu el poble de Tur\u00eds l\u2019inici de la seua XX Fira de Comer\u00e7\">[+] <\/a><\/div>\n","protected":false},"author":1,"featured_media":264256,"comment_status":"open","ping_status":"open","sticky":false,"template":"","format":"video","meta":{"footnotes":""},"categories":[10905,11006,10898,10948,10894,10904,10902,11004,11007,11008,10896,11047,11062],"tags":[21613,11190,22253,22254,11077,11093],"class_list":{"0":"post-264258","1":"post","2":"type-post","3":"status-publish","4":"format-video","5":"has-post-thumbnail","7":"category-agricultura-la-comarca-ca","8":"category-canal-vinos","9":"category-ventana-ca","10":"category-infraestructuras-ca","11":"category-la-comarca-ca","12":"category-sin-categorizar-ca","13":"category-la-ribera-ca","14":"category-la-semana-en-imagenes-ca","15":"category-ocio-y-cultura-ca","16":"category-pueblos-en-fiestas-ca","17":"category-seccion-ca","18":"category-turis-ca","19":"category-videos","20":"tag-comercio-ca","21":"tag-feria-ca","22":"tag-fira-ca","23":"tag-fira-turis-ca","24":"tag-la-ribera-alta-ca","25":"tag-turis-ca","26":"post_format-post-format-video"},"_links":{"self":[{"href":"https:\/\/www.tucomarca.com\/wordpress\/segunda\/ca\/wp-json\/wp\/v2\/posts\/264258","targetHints":{"allow":["GET"]}}],"collection":[{"href":"https:\/\/www.tucomarca.com\/wordpress\/segunda\/ca\/wp-json\/wp\/v2\/posts"}],"about":[{"href":"https:\/\/www.tucomarca.com\/wordpress\/segunda\/ca\/wp-json\/wp\/v2\/types\/post"}],"author":[{"embeddable":true,"href":"https:\/\/www.tucomarca.com\/wordpress\/segunda\/ca\/wp-json\/wp\/v2\/users\/1"}],"replies":[{"embeddable":true,"href":"https:\/\/www.tucomarca.com\/wordpress\/segunda\/ca\/wp-json\/wp\/v2\/comments?post=264258"}],"version-history":[{"count":0,"href":"https:\/\/www.tucomarca.com\/wordpress\/segunda\/ca\/wp-json\/wp\/v2\/posts\/264258\/revisions"}],"wp:featuredmedia":[{"embeddable":true,"href":"https:\/\/www.tucomarca.com\/wordpress\/segunda\/ca\/wp-json\/wp\/v2\/media\/264256"}],"wp:attachment":[{"href":"https:\/\/www.tucomarca.com\/wordpress\/segunda\/ca\/wp-json\/wp\/v2\/media?parent=264258"}],"wp:term":[{"taxonomy":"category","embeddable":true,"href":"https:\/\/www.tucomarca.com\/wordpress\/segunda\/ca\/wp-json\/wp\/v2\/categories?post=264258"},{"taxonomy":"post_tag","embeddable":true,"href":"https:\/\/www.tucomarca.com\/wordpress\/segunda\/ca\/wp-json\/wp\/v2\/tags?post=264258"}],"curies":[{"name":"wp","href":"https:\/\/api.w.org\/{rel}","templated":true}]}}