{"id":264288,"date":"2025-05-05T11:30:00","date_gmt":"2025-05-05T09:30:00","guid":{"rendered":"https:\/\/www.tucomarca.com\/wordpress\/segunda\/?p=264288"},"modified":"2025-05-05T19:06:32","modified_gmt":"2025-05-05T17:06:32","slug":"la-primitiva-dalboraig-i-la-unio-musical-de-venta-del-moro-protagonitzen-un-emotiu-cap-de-setmana-de-concerts-i-intercanvi","status":"publish","type":"post","link":"https:\/\/www.tucomarca.com\/wordpress\/segunda\/ca\/la-primitiva-dalboraig-i-la-unio-musical-de-venta-del-moro-protagonitzen-un-emotiu-cap-de-setmana-de-concerts-i-intercanvi\/","title":{"rendered":"&#8220;La Primitiva&#8221; d&#8217;Alboraig i la Uni\u00f3 Musical de Venta del Moro protagonitzen un emotiu cap de setmana de concerts i intercanvi"},"content":{"rendered":"\n<p>La Societat Instructiu Musical \u201cLa Primitiva\u201d d&#8217;Alboraig i la Uni\u00f3 Musical de Venta del Moro han viscut un gran cap de setmana de concerts en el marc de la XXII Campanya de Concerts d&#8217;Intercanvis Musicals, una cita ja consolidada en el calendari cultural que ha servit per a estr\u00e9nyer lla\u00e7os entre totes dues formacions.<\/p>\n\n\n\n<p>A m\u00e9s de l&#8217;excel\u00b7lent nivell musical demostrat en totes dues trobades, el moment m\u00e9s emotiu del cap de setmana ha arribat amb l&#8217;homenatge a Don Joan Jos\u00e9 Clemente Bueno, antic director de la Uni\u00f3 Musical de Venta del Moro, amb la interpretaci\u00f3 del pasdoble &#8220;Angel\u00edn&#8221;, compost per ell mateix en honor a Don \u00c1ngel G\u00f3mez Moya, president d&#8217;aquesta societat musical.<\/p>\n\n\n\n<p>El gest ha cobrat encara m\u00e9s significat en coincidir amb la celebraci\u00f3 del Dia de la Mare, dedicant la pe\u00e7a tamb\u00e9 a totes elles en un ambient d&#8217;emoci\u00f3 i reconeixement.<\/p>\n\n\n\n<p>Aquest intercanvi ha refor\u00e7at l&#8217;esperit de germanor musical, destacant la qualitat de totes dues bandes i l&#8217;entusiasme del p\u00fablic, que ha acollit amb calidesa i aplaudiments cada actuaci\u00f3.<\/p>\n\n\n\n<figure class=\"wp-block-gallery has-nested-images columns-2 is-cropped wp-block-gallery-1 is-layout-flex wp-block-gallery-is-layout-flex\">\n<figure class=\"wp-block-image size-large\"><img loading=\"lazy\" decoding=\"async\" width=\"768\" height=\"768\" data-id=\"264265\" src=\"https:\/\/www.tucomarca.com\/wordpress\/segunda\/wp-content\/uploads\/2025\/05\/AlboracheConcierto01.jpg\" alt=\"\" class=\"wp-image-264265\" srcset=\"https:\/\/www.tucomarca.com\/wordpress\/segunda\/wp-content\/uploads\/2025\/05\/AlboracheConcierto01.jpg 768w, https:\/\/www.tucomarca.com\/wordpress\/segunda\/wp-content\/uploads\/2025\/05\/AlboracheConcierto01-300x300.jpg 300w, https:\/\/www.tucomarca.com\/wordpress\/segunda\/wp-content\/uploads\/2025\/05\/AlboracheConcierto01-290x290.jpg 290w\" sizes=\"auto, (max-width: 768px) 100vw, 768px\" \/><\/figure>\n\n\n\n<figure class=\"wp-block-image size-large\"><img loading=\"lazy\" decoding=\"async\" width=\"831\" height=\"831\" data-id=\"264267\" src=\"https:\/\/www.tucomarca.com\/wordpress\/segunda\/wp-content\/uploads\/2025\/05\/AlboracheConcierto02.jpg\" alt=\"\" class=\"wp-image-264267\" srcset=\"https:\/\/www.tucomarca.com\/wordpress\/segunda\/wp-content\/uploads\/2025\/05\/AlboracheConcierto02.jpg 831w, https:\/\/www.tucomarca.com\/wordpress\/segunda\/wp-content\/uploads\/2025\/05\/AlboracheConcierto02-300x300.jpg 300w, https:\/\/www.tucomarca.com\/wordpress\/segunda\/wp-content\/uploads\/2025\/05\/AlboracheConcierto02-290x290.jpg 290w, https:\/\/www.tucomarca.com\/wordpress\/segunda\/wp-content\/uploads\/2025\/05\/AlboracheConcierto02-768x768.jpg 768w\" sizes=\"auto, (max-width: 831px) 100vw, 831px\" \/><\/figure>\n\n\n\n<figure class=\"wp-block-image size-large\"><img loading=\"lazy\" decoding=\"async\" width=\"808\" height=\"808\" data-id=\"264269\" src=\"https:\/\/www.tucomarca.com\/wordpress\/segunda\/wp-content\/uploads\/2025\/05\/AlboracheConcierto03.jpg\" alt=\"\" class=\"wp-image-264269\" srcset=\"https:\/\/www.tucomarca.com\/wordpress\/segunda\/wp-content\/uploads\/2025\/05\/AlboracheConcierto03.jpg 808w, https:\/\/www.tucomarca.com\/wordpress\/segunda\/wp-content\/uploads\/2025\/05\/AlboracheConcierto03-300x300.jpg 300w, https:\/\/www.tucomarca.com\/wordpress\/segunda\/wp-content\/uploads\/2025\/05\/AlboracheConcierto03-290x290.jpg 290w, https:\/\/www.tucomarca.com\/wordpress\/segunda\/wp-content\/uploads\/2025\/05\/AlboracheConcierto03-768x768.jpg 768w\" sizes=\"auto, (max-width: 808px) 100vw, 808px\" \/><\/figure>\n\n\n\n<figure class=\"wp-block-image size-large\"><img loading=\"lazy\" decoding=\"async\" width=\"907\" height=\"864\" data-id=\"264271\" src=\"https:\/\/www.tucomarca.com\/wordpress\/segunda\/wp-content\/uploads\/2025\/05\/AlboracheConcierto04.jpg\" alt=\"\" class=\"wp-image-264271\" srcset=\"https:\/\/www.tucomarca.com\/wordpress\/segunda\/wp-content\/uploads\/2025\/05\/AlboracheConcierto04.jpg 907w, https:\/\/www.tucomarca.com\/wordpress\/segunda\/wp-content\/uploads\/2025\/05\/AlboracheConcierto04-300x286.jpg 300w, https:\/\/www.tucomarca.com\/wordpress\/segunda\/wp-content\/uploads\/2025\/05\/AlboracheConcierto04-768x732.jpg 768w\" sizes=\"auto, (max-width: 907px) 100vw, 907px\" \/><\/figure>\n\n\n\n<figure class=\"wp-block-image size-large\"><img loading=\"lazy\" decoding=\"async\" width=\"820\" height=\"820\" data-id=\"264275\" src=\"https:\/\/www.tucomarca.com\/wordpress\/segunda\/wp-content\/uploads\/2025\/05\/AlboracheConcierto06.jpg\" alt=\"\" class=\"wp-image-264275\" srcset=\"https:\/\/www.tucomarca.com\/wordpress\/segunda\/wp-content\/uploads\/2025\/05\/AlboracheConcierto06.jpg 820w, https:\/\/www.tucomarca.com\/wordpress\/segunda\/wp-content\/uploads\/2025\/05\/AlboracheConcierto06-300x300.jpg 300w, https:\/\/www.tucomarca.com\/wordpress\/segunda\/wp-content\/uploads\/2025\/05\/AlboracheConcierto06-290x290.jpg 290w, https:\/\/www.tucomarca.com\/wordpress\/segunda\/wp-content\/uploads\/2025\/05\/AlboracheConcierto06-768x768.jpg 768w\" sizes=\"auto, (max-width: 820px) 100vw, 820px\" \/><\/figure>\n\n\n\n<figure class=\"wp-block-image size-large\"><img loading=\"lazy\" decoding=\"async\" width=\"728\" height=\"728\" data-id=\"264277\" src=\"https:\/\/www.tucomarca.com\/wordpress\/segunda\/wp-content\/uploads\/2025\/05\/AlboracheConcierto07.jpg\" alt=\"\" class=\"wp-image-264277\" srcset=\"https:\/\/www.tucomarca.com\/wordpress\/segunda\/wp-content\/uploads\/2025\/05\/AlboracheConcierto07.jpg 728w, https:\/\/www.tucomarca.com\/wordpress\/segunda\/wp-content\/uploads\/2025\/05\/AlboracheConcierto07-300x300.jpg 300w, https:\/\/www.tucomarca.com\/wordpress\/segunda\/wp-content\/uploads\/2025\/05\/AlboracheConcierto07-290x290.jpg 290w\" sizes=\"auto, (max-width: 728px) 100vw, 728px\" \/><\/figure>\n\n\n\n<figure class=\"wp-block-image size-large\"><img loading=\"lazy\" decoding=\"async\" width=\"733\" height=\"733\" data-id=\"264281\" src=\"https:\/\/www.tucomarca.com\/wordpress\/segunda\/wp-content\/uploads\/2025\/05\/AlboracheConcierto09.jpg\" alt=\"\" class=\"wp-image-264281\" srcset=\"https:\/\/www.tucomarca.com\/wordpress\/segunda\/wp-content\/uploads\/2025\/05\/AlboracheConcierto09.jpg 733w, https:\/\/www.tucomarca.com\/wordpress\/segunda\/wp-content\/uploads\/2025\/05\/AlboracheConcierto09-300x300.jpg 300w, https:\/\/www.tucomarca.com\/wordpress\/segunda\/wp-content\/uploads\/2025\/05\/AlboracheConcierto09-290x290.jpg 290w\" sizes=\"auto, (max-width: 733px) 100vw, 733px\" \/><\/figure>\n\n\n\n<figure class=\"wp-block-image size-full\"><img loading=\"lazy\" decoding=\"async\" width=\"731\" height=\"731\" data-id=\"264273\" src=\"http:\/\/www.tucomarca.com\/wordpress\/segunda\/wp-content\/uploads\/2025\/05\/AlboracheConcierto05.jpg\" alt=\"\" class=\"wp-image-264273\" srcset=\"https:\/\/www.tucomarca.com\/wordpress\/segunda\/wp-content\/uploads\/2025\/05\/AlboracheConcierto05.jpg 731w, https:\/\/www.tucomarca.com\/wordpress\/segunda\/wp-content\/uploads\/2025\/05\/AlboracheConcierto05-300x300.jpg 300w, https:\/\/www.tucomarca.com\/wordpress\/segunda\/wp-content\/uploads\/2025\/05\/AlboracheConcierto05-290x290.jpg 290w\" sizes=\"auto, (max-width: 731px) 100vw, 731px\" \/><\/figure>\n<\/figure>\n","protected":false},"excerpt":{"rendered":"<div class=\"mh-excerpt\">La Societat Instructiu Musical \u201cLa Primitiva\u201d d&#8217;Alboraig i la Uni\u00f3 Musical de Venta del Moro han viscut un gran cap de setmana de concerts en el marc de la XXII Campanya de Concerts d&#8217;Intercanvis Musicals, <a class=\"mh-excerpt-more\" href=\"https:\/\/www.tucomarca.com\/wordpress\/segunda\/ca\/la-primitiva-dalboraig-i-la-unio-musical-de-venta-del-moro-protagonitzen-un-emotiu-cap-de-setmana-de-concerts-i-intercanvi\/\" title=\"&#8220;La Primitiva&#8221; d&#8217;Alboraig i la Uni\u00f3 Musical de Venta del Moro protagonitzen un emotiu cap de setmana de concerts i intercanvi\">[+] <\/a><\/div>\n","protected":false},"author":12,"featured_media":264286,"comment_status":"open","ping_status":"open","sticky":false,"template":"","format":"gallery","meta":{"footnotes":""},"categories":[10973,11005,10894,10912,11007,10909,10896,11060],"tags":[11224,10914,10910,14565,11709],"class_list":{"0":"post-264288","1":"post","2":"type-post","3":"status-publish","4":"format-gallery","5":"has-post-thumbnail","7":"category-alborache-ca","8":"category-canal-musica","9":"category-la-comarca-ca","10":"category-la-hoya-ca","11":"category-ocio-y-cultura-ca","12":"category-requena-utiel-ca","13":"category-seccion-ca","14":"category-venta-del-moro-ca","15":"tag-alborache-ca","16":"tag-la-hoya-de-bunol-chiva-ca","17":"tag-requena-utiel-ca","18":"tag-sim-la-primitiva-de-alborache-2-ca","19":"tag-venta-del-moro-ca","20":"post_format-post-format-gallery"},"_links":{"self":[{"href":"https:\/\/www.tucomarca.com\/wordpress\/segunda\/ca\/wp-json\/wp\/v2\/posts\/264288","targetHints":{"allow":["GET"]}}],"collection":[{"href":"https:\/\/www.tucomarca.com\/wordpress\/segunda\/ca\/wp-json\/wp\/v2\/posts"}],"about":[{"href":"https:\/\/www.tucomarca.com\/wordpress\/segunda\/ca\/wp-json\/wp\/v2\/types\/post"}],"author":[{"embeddable":true,"href":"https:\/\/www.tucomarca.com\/wordpress\/segunda\/ca\/wp-json\/wp\/v2\/users\/12"}],"replies":[{"embeddable":true,"href":"https:\/\/www.tucomarca.com\/wordpress\/segunda\/ca\/wp-json\/wp\/v2\/comments?post=264288"}],"version-history":[{"count":0,"href":"https:\/\/www.tucomarca.com\/wordpress\/segunda\/ca\/wp-json\/wp\/v2\/posts\/264288\/revisions"}],"wp:featuredmedia":[{"embeddable":true,"href":"https:\/\/www.tucomarca.com\/wordpress\/segunda\/ca\/wp-json\/wp\/v2\/media\/264286"}],"wp:attachment":[{"href":"https:\/\/www.tucomarca.com\/wordpress\/segunda\/ca\/wp-json\/wp\/v2\/media?parent=264288"}],"wp:term":[{"taxonomy":"category","embeddable":true,"href":"https:\/\/www.tucomarca.com\/wordpress\/segunda\/ca\/wp-json\/wp\/v2\/categories?post=264288"},{"taxonomy":"post_tag","embeddable":true,"href":"https:\/\/www.tucomarca.com\/wordpress\/segunda\/ca\/wp-json\/wp\/v2\/tags?post=264288"}],"curies":[{"name":"wp","href":"https:\/\/api.w.org\/{rel}","templated":true}]}}