{"id":264305,"date":"2025-05-05T12:00:00","date_gmt":"2025-05-05T10:00:00","guid":{"rendered":"https:\/\/www.tucomarca.com\/wordpress\/segunda\/?p=264305"},"modified":"2025-05-05T19:03:46","modified_gmt":"2025-05-05T17:03:46","slug":"lajuntament-de-setaigues-denuncia-una-onada-dactes-vandalics-en-espais-publics","status":"publish","type":"post","link":"https:\/\/www.tucomarca.com\/wordpress\/segunda\/ca\/lajuntament-de-setaigues-denuncia-una-onada-dactes-vandalics-en-espais-publics\/","title":{"rendered":"L&#8217;Ajuntament de Setaig\u00fces denuncia una onada d&#8217;actes vand\u00e0lics en espais p\u00fablics"},"content":{"rendered":"\n<p>L&#8217;Ajuntament de Setaig\u00fces ha denunciat p\u00fablicament l&#8217;aparici\u00f3 d&#8217;actes vand\u00e0lics recurrents que han danyat en les \u00faltimes setmanes diversos espais i elements del mobiliari p\u00fablic del municipi.<\/p>\n\n\n\n<p>Entre els incidents registrats en tot just un mes, el consistori ha enumerat exemples com: bancs despla\u00e7ats i col\u00b7locats en llocs que dificulten el pas de vianants, teules destrossades en els paellers de l&#8217;\u00c0rea Recreativa, el trencament d&#8217;un radiador en el Gimn\u00e0s Municipal i pintades en el sostre de l&#8217;entrada de la Biblioteca Municipal.<\/p>\n\n\n\n<p>L&#8217;Ajuntament ha lamentat aquests fets i ha recordat que aquests danys afecten a tota la ciutadania, fent una crida a la consci\u00e8ncia i responsabilitat col\u00b7lectiva. \u201cLa cura del p\u00fablic dep\u00e9n de tots i totes. Els desperfectes els paguem entre tots\u201d, ha assenyalat en el seu comunicat.<\/p>\n\n\n\n<p>Aix\u00ed mateix, el consistori ha informat que ja ha traslladat la situaci\u00f3 a la Gu\u00e0rdia Civil, sol\u00b7licitant un refor\u00e7 en la vigil\u00e0ncia del municipi per a previndre nous actes d&#8217;aquest tipus.<\/p>\n\n\n\n<p>Des de l&#8217;Ajuntament s&#8217;insisteix en la necessitat de cuidar el patrimoni com\u00fa, apel\u00b7lant al civisme com a base de la conviv\u00e8ncia. \u201cPer favor, siguem c\u00edvics i cuidem del nostre poble\u201d, conclou el missatge institucional.<\/p>\n\n\n\n<figure class=\"wp-block-gallery has-nested-images columns-default is-cropped wp-block-gallery-1 is-layout-flex wp-block-gallery-is-layout-flex\">\n<figure class=\"wp-block-image size-large\"><img loading=\"lazy\" decoding=\"async\" width=\"886\" height=\"664\" data-id=\"264300\" src=\"https:\/\/www.tucomarca.com\/wordpress\/segunda\/wp-content\/uploads\/2025\/05\/SieteAguasVandalismo02-1.jpg\" alt=\"\" class=\"wp-image-264300\" srcset=\"https:\/\/www.tucomarca.com\/wordpress\/segunda\/wp-content\/uploads\/2025\/05\/SieteAguasVandalismo02-1.jpg 886w, https:\/\/www.tucomarca.com\/wordpress\/segunda\/wp-content\/uploads\/2025\/05\/SieteAguasVandalismo02-1-300x225.jpg 300w, https:\/\/www.tucomarca.com\/wordpress\/segunda\/wp-content\/uploads\/2025\/05\/SieteAguasVandalismo02-1-768x576.jpg 768w, https:\/\/www.tucomarca.com\/wordpress\/segunda\/wp-content\/uploads\/2025\/05\/SieteAguasVandalismo02-1-678x509.jpg 678w, https:\/\/www.tucomarca.com\/wordpress\/segunda\/wp-content\/uploads\/2025\/05\/SieteAguasVandalismo02-1-326x245.jpg 326w, https:\/\/www.tucomarca.com\/wordpress\/segunda\/wp-content\/uploads\/2025\/05\/SieteAguasVandalismo02-1-80x60.jpg 80w\" sizes=\"auto, (max-width: 886px) 100vw, 886px\" \/><\/figure>\n\n\n\n<figure class=\"wp-block-image size-large\"><img loading=\"lazy\" decoding=\"async\" width=\"820\" height=\"1024\" data-id=\"264302\" src=\"https:\/\/www.tucomarca.com\/wordpress\/segunda\/wp-content\/uploads\/2025\/05\/SieteAguasVandalismo03-820x1024.jpg\" alt=\"\" class=\"wp-image-264302\" srcset=\"https:\/\/www.tucomarca.com\/wordpress\/segunda\/wp-content\/uploads\/2025\/05\/SieteAguasVandalismo03-820x1024.jpg 820w, https:\/\/www.tucomarca.com\/wordpress\/segunda\/wp-content\/uploads\/2025\/05\/SieteAguasVandalismo03-240x300.jpg 240w, https:\/\/www.tucomarca.com\/wordpress\/segunda\/wp-content\/uploads\/2025\/05\/SieteAguasVandalismo03-768x960.jpg 768w, https:\/\/www.tucomarca.com\/wordpress\/segunda\/wp-content\/uploads\/2025\/05\/SieteAguasVandalismo03.jpg 886w\" sizes=\"auto, (max-width: 820px) 100vw, 820px\" \/><\/figure>\n<\/figure>\n","protected":false},"excerpt":{"rendered":"<div class=\"mh-excerpt\">L&#8217;Ajuntament de Setaig\u00fces ha denunciat p\u00fablicament l&#8217;aparici\u00f3 d&#8217;actes vand\u00e0lics recurrents que han danyat en les \u00faltimes setmanes diversos espais i elements del mobiliari p\u00fablic del municipi. Entre els incidents registrats en tot just un mes, <a class=\"mh-excerpt-more\" href=\"https:\/\/www.tucomarca.com\/wordpress\/segunda\/ca\/lajuntament-de-setaigues-denuncia-una-onada-dactes-vandalics-en-espais-publics\/\" title=\"L&#8217;Ajuntament de Setaig\u00fces denuncia una onada d&#8217;actes vand\u00e0lics en espais p\u00fablics\">[+] <\/a><\/div>\n","protected":false},"author":12,"featured_media":264299,"comment_status":"open","ping_status":"open","sticky":false,"template":"","format":"gallery","meta":{"footnotes":""},"categories":[10948,10894,10912,10903,10947,10896,10979,10897],"tags":[14303,10914,11157],"class_list":{"0":"post-264305","1":"post","2":"type-post","3":"status-publish","4":"format-gallery","5":"has-post-thumbnail","7":"category-infraestructuras-ca","8":"category-la-comarca-ca","9":"category-la-hoya-ca","10":"category-medio-ambiente-la-comarca-ca","11":"category-politica","12":"category-seccion-ca","13":"category-siete-aguas-ca","14":"category-sucesos-la-comarca-ca","15":"tag-actos-vandalicos-ca","16":"tag-la-hoya-de-bunol-chiva-ca","17":"tag-siete-aguas-ca","18":"post_format-post-format-gallery"},"_links":{"self":[{"href":"https:\/\/www.tucomarca.com\/wordpress\/segunda\/ca\/wp-json\/wp\/v2\/posts\/264305","targetHints":{"allow":["GET"]}}],"collection":[{"href":"https:\/\/www.tucomarca.com\/wordpress\/segunda\/ca\/wp-json\/wp\/v2\/posts"}],"about":[{"href":"https:\/\/www.tucomarca.com\/wordpress\/segunda\/ca\/wp-json\/wp\/v2\/types\/post"}],"author":[{"embeddable":true,"href":"https:\/\/www.tucomarca.com\/wordpress\/segunda\/ca\/wp-json\/wp\/v2\/users\/12"}],"replies":[{"embeddable":true,"href":"https:\/\/www.tucomarca.com\/wordpress\/segunda\/ca\/wp-json\/wp\/v2\/comments?post=264305"}],"version-history":[{"count":0,"href":"https:\/\/www.tucomarca.com\/wordpress\/segunda\/ca\/wp-json\/wp\/v2\/posts\/264305\/revisions"}],"wp:featuredmedia":[{"embeddable":true,"href":"https:\/\/www.tucomarca.com\/wordpress\/segunda\/ca\/wp-json\/wp\/v2\/media\/264299"}],"wp:attachment":[{"href":"https:\/\/www.tucomarca.com\/wordpress\/segunda\/ca\/wp-json\/wp\/v2\/media?parent=264305"}],"wp:term":[{"taxonomy":"category","embeddable":true,"href":"https:\/\/www.tucomarca.com\/wordpress\/segunda\/ca\/wp-json\/wp\/v2\/categories?post=264305"},{"taxonomy":"post_tag","embeddable":true,"href":"https:\/\/www.tucomarca.com\/wordpress\/segunda\/ca\/wp-json\/wp\/v2\/tags?post=264305"}],"curies":[{"name":"wp","href":"https:\/\/api.w.org\/{rel}","templated":true}]}}