{"id":264433,"date":"2025-05-04T20:00:00","date_gmt":"2025-05-04T18:00:00","guid":{"rendered":"https:\/\/www.tucomarca.com\/wordpress\/segunda\/?p=264433"},"modified":"2025-05-05T19:59:45","modified_gmt":"2025-05-05T17:59:45","slug":"fleten-autobusos-a-bunyol-per-a-la-manifestacio-a-madrid-en-favor-de-palestina","status":"publish","type":"post","link":"https:\/\/www.tucomarca.com\/wordpress\/segunda\/ca\/fleten-autobusos-a-bunyol-per-a-la-manifestacio-a-madrid-en-favor-de-palestina\/","title":{"rendered":"Fleten autobusos a Bunyol per a la manifestaci\u00f3 a Madrid en favor de Palestina"},"content":{"rendered":"\n<p>&#8220;Despr\u00e9s del 1r de Maig la seg\u00fcent cita solid\u00e0ria urgentment necess\u00e0ria \u00e9s el dissabte 10 de Maig &#8216;Mou-te per Palestina&#8217; a Madrid. Hi haur\u00e0 autob\u00fas d&#8217;anada i tornada per nom\u00e9s 10 Euros&#8221;, per a la manifestaci\u00f3 estatal organitzada per RESCOP, la Xarxa Solid\u00e0ria Contra l&#8217;Ocupaci\u00f3 de Palestina.<\/p>\n\n\n\n<p>&#8220;El bus ix de Val\u00e8ncia a les 6 del mat\u00ed, per\u00f2 estem gestionant per a veure si pot fer parada a Bunyol, us informarem els inscrits. El termini per a apuntar-se acaba a les 23.59 del 5 de Maig. Per a m\u00e9s informaci\u00f3, contactar amb Carlos al 629104563.&#8221;, tal com han informat.<\/p>\n","protected":false},"excerpt":{"rendered":"<div class=\"mh-excerpt\">&#8220;Despr\u00e9s del 1r de Maig la seg\u00fcent cita solid\u00e0ria urgentment necess\u00e0ria \u00e9s el dissabte 10 de Maig &#8216;Mou-te per Palestina&#8217; a Madrid. Hi haur\u00e0 autob\u00fas d&#8217;anada i tornada per nom\u00e9s 10 Euros&#8221;, per a la <a class=\"mh-excerpt-more\" href=\"https:\/\/www.tucomarca.com\/wordpress\/segunda\/ca\/fleten-autobusos-a-bunyol-per-a-la-manifestacio-a-madrid-en-favor-de-palestina\/\" title=\"Fleten autobusos a Bunyol per a la manifestaci\u00f3 a Madrid en favor de Palestina\">[+] <\/a><\/div>\n","protected":false},"author":1,"featured_media":264323,"comment_status":"open","ping_status":"open","sticky":false,"template":"","format":"standard","meta":{"footnotes":""},"categories":[10911,10948,10894,10904,10912,10947,10896],"tags":[11199],"class_list":{"0":"post-264433","1":"post","2":"type-post","3":"status-publish","4":"format-standard","5":"has-post-thumbnail","7":"category-bunol-ca","8":"category-infraestructuras-ca","9":"category-la-comarca-ca","10":"category-sin-categorizar-ca","11":"category-la-hoya-ca","12":"category-politica","13":"category-seccion-ca","14":"tag-la-comunitat-ca"},"_links":{"self":[{"href":"https:\/\/www.tucomarca.com\/wordpress\/segunda\/ca\/wp-json\/wp\/v2\/posts\/264433","targetHints":{"allow":["GET"]}}],"collection":[{"href":"https:\/\/www.tucomarca.com\/wordpress\/segunda\/ca\/wp-json\/wp\/v2\/posts"}],"about":[{"href":"https:\/\/www.tucomarca.com\/wordpress\/segunda\/ca\/wp-json\/wp\/v2\/types\/post"}],"author":[{"embeddable":true,"href":"https:\/\/www.tucomarca.com\/wordpress\/segunda\/ca\/wp-json\/wp\/v2\/users\/1"}],"replies":[{"embeddable":true,"href":"https:\/\/www.tucomarca.com\/wordpress\/segunda\/ca\/wp-json\/wp\/v2\/comments?post=264433"}],"version-history":[{"count":0,"href":"https:\/\/www.tucomarca.com\/wordpress\/segunda\/ca\/wp-json\/wp\/v2\/posts\/264433\/revisions"}],"wp:featuredmedia":[{"embeddable":true,"href":"https:\/\/www.tucomarca.com\/wordpress\/segunda\/ca\/wp-json\/wp\/v2\/media\/264323"}],"wp:attachment":[{"href":"https:\/\/www.tucomarca.com\/wordpress\/segunda\/ca\/wp-json\/wp\/v2\/media?parent=264433"}],"wp:term":[{"taxonomy":"category","embeddable":true,"href":"https:\/\/www.tucomarca.com\/wordpress\/segunda\/ca\/wp-json\/wp\/v2\/categories?post=264433"},{"taxonomy":"post_tag","embeddable":true,"href":"https:\/\/www.tucomarca.com\/wordpress\/segunda\/ca\/wp-json\/wp\/v2\/tags?post=264433"}],"curies":[{"name":"wp","href":"https:\/\/api.w.org\/{rel}","templated":true}]}}