{"id":264475,"date":"2025-05-06T11:00:00","date_gmt":"2025-05-06T09:00:00","guid":{"rendered":"https:\/\/www.tucomarca.com\/wordpress\/segunda\/?p=264475"},"modified":"2025-05-06T16:54:16","modified_gmt":"2025-05-06T14:54:16","slug":"la-diputacio-suma-14-mancomunitats-a-la-seua-xarxa-contra-la-violencia-de-genere-que-integra-al-92-dels-municipis","status":"publish","type":"post","link":"https:\/\/www.tucomarca.com\/wordpress\/segunda\/ca\/la-diputacio-suma-14-mancomunitats-a-la-seua-xarxa-contra-la-violencia-de-genere-que-integra-al-92-dels-municipis\/","title":{"rendered":"La Diputaci\u00f3 suma 14 mancomunitats a la seua Xarxa contra la Viol\u00e8ncia de G\u00e8nere que integra al 92% dels municipis"},"content":{"rendered":"\n<h3 class=\"wp-block-heading\">La vicepresidenta Nat\u00e0lia Enguix destaca en la XII Assemblea de la Xarxa, celebrada a Sueca, l&#8217;increment de les ajudes als 246 municipis que la integren despr\u00e9s de l&#8217;adhesi\u00f3 de 9 consistoris: \u201chem passat de 600.000 a 1.040.000 euros per a subvencionar els projectes dels ens locals\u201d.<\/h3>\n\n\n\n<h3 class=\"wp-block-heading\">L&#8217;actualitzaci\u00f3 del reglament ha perm\u00e9s l&#8217;entrada de 14 mancomunitats i el Consorci Pactem Nord, que se sumen al \u201cfront com\u00fa per a donar una resposta efica\u00e7 i erradicar les viol\u00e8ncies masclistes\u201d.<\/h3>\n\n\n\n<p>La XII Assemblea de la Xarxa de Municipis Protegits contra la Viol\u00e8ncia de G\u00e8nere de la Diputaci\u00f3 de Val\u00e8ncia ha aprovat l&#8217;adhesi\u00f3 de nou ajuntaments que eleven a 246, el 92,4% del total de la prov\u00edncia, els consistoris integrats en este front com\u00fa contra les viol\u00e8ncies masclistes. En l&#8217;encontre celebrat este dimarts a Sueca, coordinat per la vicepresidenta primera i responsable d&#8217;Igualtat, Nat\u00e0lia Enguix, la principal novetat ha sigut la incorporaci\u00f3 de 14 mancomunitats i el Consorci Pactem Nord, que ha sigut possible gr\u00e0cies a la modificaci\u00f3 del reglament proposada per la mateixa Enguix.<\/p>\n\n\n\n<figure class=\"wp-block-gallery has-nested-images columns-2 is-cropped wp-block-gallery-1 is-layout-flex wp-block-gallery-is-layout-flex\">\n<figure class=\"wp-block-image size-large\"><img loading=\"lazy\" decoding=\"async\" width=\"1024\" height=\"665\" data-id=\"264468\" src=\"https:\/\/www.tucomarca.com\/wordpress\/segunda\/wp-content\/uploads\/2025\/05\/DipuXarxaViolencia2-1024x665.jpg\" alt=\"\" class=\"wp-image-264468\" srcset=\"https:\/\/www.tucomarca.com\/wordpress\/segunda\/wp-content\/uploads\/2025\/05\/DipuXarxaViolencia2-1024x665.jpg 1024w, https:\/\/www.tucomarca.com\/wordpress\/segunda\/wp-content\/uploads\/2025\/05\/DipuXarxaViolencia2-300x195.jpg 300w, https:\/\/www.tucomarca.com\/wordpress\/segunda\/wp-content\/uploads\/2025\/05\/DipuXarxaViolencia2-768x499.jpg 768w, https:\/\/www.tucomarca.com\/wordpress\/segunda\/wp-content\/uploads\/2025\/05\/DipuXarxaViolencia2-1536x998.jpg 1536w, https:\/\/www.tucomarca.com\/wordpress\/segunda\/wp-content\/uploads\/2025\/05\/DipuXarxaViolencia2-2048x1331.jpg 2048w\" sizes=\"auto, (max-width: 1024px) 100vw, 1024px\" \/><\/figure>\n\n\n\n<figure class=\"wp-block-image size-large\"><img loading=\"lazy\" decoding=\"async\" width=\"1024\" height=\"665\" data-id=\"264470\" src=\"https:\/\/www.tucomarca.com\/wordpress\/segunda\/wp-content\/uploads\/2025\/05\/DipuXarxaViolencia5-1024x665.jpg\" alt=\"\" class=\"wp-image-264470\" srcset=\"https:\/\/www.tucomarca.com\/wordpress\/segunda\/wp-content\/uploads\/2025\/05\/DipuXarxaViolencia5-1024x665.jpg 1024w, https:\/\/www.tucomarca.com\/wordpress\/segunda\/wp-content\/uploads\/2025\/05\/DipuXarxaViolencia5-300x195.jpg 300w, https:\/\/www.tucomarca.com\/wordpress\/segunda\/wp-content\/uploads\/2025\/05\/DipuXarxaViolencia5-768x499.jpg 768w, https:\/\/www.tucomarca.com\/wordpress\/segunda\/wp-content\/uploads\/2025\/05\/DipuXarxaViolencia5-1536x998.jpg 1536w, https:\/\/www.tucomarca.com\/wordpress\/segunda\/wp-content\/uploads\/2025\/05\/DipuXarxaViolencia5.jpg 2048w\" sizes=\"auto, (max-width: 1024px) 100vw, 1024px\" \/><\/figure>\n\n\n\n<figure class=\"wp-block-image size-large\"><img loading=\"lazy\" decoding=\"async\" width=\"1024\" height=\"665\" data-id=\"264472\" src=\"https:\/\/www.tucomarca.com\/wordpress\/segunda\/wp-content\/uploads\/2025\/05\/DipuXarxaViolencia6-1024x665.jpg\" alt=\"\" class=\"wp-image-264472\" srcset=\"https:\/\/www.tucomarca.com\/wordpress\/segunda\/wp-content\/uploads\/2025\/05\/DipuXarxaViolencia6-1024x665.jpg 1024w, https:\/\/www.tucomarca.com\/wordpress\/segunda\/wp-content\/uploads\/2025\/05\/DipuXarxaViolencia6-300x195.jpg 300w, https:\/\/www.tucomarca.com\/wordpress\/segunda\/wp-content\/uploads\/2025\/05\/DipuXarxaViolencia6-768x499.jpg 768w, https:\/\/www.tucomarca.com\/wordpress\/segunda\/wp-content\/uploads\/2025\/05\/DipuXarxaViolencia6-1536x998.jpg 1536w, https:\/\/www.tucomarca.com\/wordpress\/segunda\/wp-content\/uploads\/2025\/05\/DipuXarxaViolencia6.jpg 2048w\" sizes=\"auto, (max-width: 1024px) 100vw, 1024px\" \/><\/figure>\n<\/figure>\n\n\n\n<p>Durant la seua intervenci\u00f3 en l&#8217;acte, Nat\u00e0lia Enguix ha destacat l&#8217;increment de les ajudes en mat\u00e8ria d&#8217;Igualtat per als ens p\u00fablics adherits a la Xarxa, que enguany es van convocar abans del 8 de mar\u00e7 amb un muntant global d&#8217;1.040.000 euros, ampliables en 460.000, per a ajuntaments, mancomunitats i consorcis. \u201cHem passat de 600.000 a m\u00e9s d&#8217;un mili\u00f3 d&#8217;euros. Els beneficiaris disposen de m\u00e9s recursos i estan treballant ja en els seus projectes de foment de la Igualtat i per a fer front a qualsevol tipus de viol\u00e8ncia exercida contra les dones\u201d, assenyala Enguix, qui insistix en la import\u00e0ncia de \u201coferir facilitats als municipis perqu\u00e8 aprofiten les ajudes i contribu\u00efsquen a eixe front com\u00fa per la igualtat d&#8217;oportunitats que continuarem impulsant des de la Diputaci\u00f3\u201d.<\/p>\n\n\n\n<p>L&#8217;alcalde de Sueca, Juli\u00e1n S\u00e1ez, ha exercit d&#8217;amfitri\u00f3 en una assemblea que ha aprovat la inclusi\u00f3 en la Xarxa d&#8217;Andilla, Chulilla i Losa del Obispo, en la Serran\u00eda; El Genov\u00e9s i Novetl\u00e9, en la Costera; Quart de les Valls i Petr\u00e9s, al Camp de Morvedre; i Rugat i Aielo de Rugat, a la Vall d&#8217;Albaida. A m\u00e9s, se sumen a la Xarxa provincial les mancomunitats de la Ribera Baixa, la Canal de Navarr\u00e9s, la Vall d&#8217;Albaida, la Ribera Alta, l&#8217;Horta Nord, l&#8217;Horta Sud, la Serran\u00eda, el Rinc\u00f3n de Ademuz, la Baronia, Tierra del Vino, la Costera-la Canal, Carraixet i les de Servicis Socials AMABS i Porta de la Vall, aix\u00ed com el Consorci Pactem Nord.<\/p>\n\n\n\n<p>La vicepresidenta i diputada d&#8217;Igualtat ha posat en valor \u201cel refor\u00e7 de la coordinaci\u00f3 supramunicipal en la lluita contra les viol\u00e8ncies masclistes\u201d, la gran novetat d&#8217;esta dotzena assemblea de la Xarxa, i ha recordat que la viol\u00e8ncia de g\u00e8nere \u201cno ent\u00e9n de fronteres, grand\u00e0ria de municipis ni colors pol\u00edtics, i per aix\u00f2 \u00e9s tan important unir-nos des de l&#8217;\u00e0mbit local i el pr\u00f2xim, que \u00e9s on m\u00e9s se sent el dolor i tamb\u00e9 l&#8217;esperan\u00e7a\u201d. Enguix ha estat acompanyada a Sueca per les diputades Laura S\u00e1ez, Imma Gonz\u00e1lez, Neus Garrigues, Dolors Gimeno i Lola Celda, i el diputat Paco Teruel.<\/p>\n\n\n\n<p><strong>Bones pr\u00e0ctiques<\/strong><\/p>\n\n\n\n<p>La primera part de l&#8217;assemblea l&#8217;han protagonitzada diferents responsables locals que han exposat els projectes de bones pr\u00e0ctiques impulsats pels seus municipis. La t\u00e8cnica de Comunicaci\u00f3 de Vallada, M\u00edriam Gass\u00f3, les regidores d&#8217;Igualtat de Potries, Estela Sanchis; Benicolet, Cristina Codina; i Sueca, Roser Vi\u00f1oles, i l&#8217;agent d&#8217;Igualtat de Carcaixent, Carmen Juan, han compartit les seues iniciatives subvencionades per la Diputaci\u00f3 a trav\u00e9s de la Xarxa provincial que fa front a la viol\u00e8ncia exercida contra la dona.<\/p>\n\n\n\n<p>La vicepresidenta Enguix ha agra\u00eft a totes elles la seua implicaci\u00f3 en la Xarxa i el treball dels seus ajuntaments en mat\u00e8ria d&#8217;Igualtat i contra la viol\u00e8ncia de g\u00e8nere. \u201cEsta assemblea no \u00e9s un simple acte simb\u00f2lic, sin\u00f3 una acci\u00f3 real que dona veu als nostres municipis, una sola veu, ferma i valenta, que diu basta davant la xacra del masclisme\u201d, ha manifestat la responsable provincial, qui ha deixat clara l&#8217;efic\u00e0cia de la plataforma posada en marxa per la Diputaci\u00f3 al novembre de 2018: \u201cconstru\u00efm una cosa m\u00e9s gran que qualsevol declaraci\u00f3 institucional: constru\u00efm xarxa, constru\u00efm comunitat, constru\u00efm experi\u00e8ncies i treball compartit per a erradicar la xacra de la viol\u00e8ncia contra les dones\u201d.<\/p>\n\n\n\n<p>Entre els projectes subvencionables per part de la Diputaci\u00f3 que presidix Vicent Momp\u00f3 destaquen els relacionats amb la prevenci\u00f3, detecci\u00f3 i lluita contra la viol\u00e8ncia de g\u00e8nere; la coeducaci\u00f3 dirigida a la comunitat educativa i agents socials dels municipis; l&#8217;atenci\u00f3 integral per a dones en el sistema prostitucional i v\u00edctimes d&#8217;explotaci\u00f3 sexual; la formaci\u00f3 especialitzada per al personal t\u00e8cnic, pol\u00edtic i de servicis socials dels ajuntaments; i els protocols de protecci\u00f3 coordinats amb les Forces i Cossos de Seguretat de l&#8217;Estat.<\/p>\n\n\n\n<p>Altres propostes que poden rebre finan\u00e7ament de la Diputaci\u00f3, a trav\u00e9s de la seua plataforma de municipis protegits, s\u00f3n les contemplades en els plans d&#8217;Igualtat locals i les incloses en el Pla Estrat\u00e8gic de la Dona en el Sistema Rural Valenci\u00e0. A m\u00e9s, els ajuntaments que integren la Xarxa poden sol\u00b7licitar ajuda per a la posada en marxa de campanyes de sensibilitzaci\u00f3 en mitjans i suports publicitaris, aix\u00ed com de prevenci\u00f3 del consum de prostituci\u00f3.<\/p>\n\n\n\n<p><strong>M\u00e9s del 90% de la prov\u00edncia<\/strong><\/p>\n\n\n\n<p>L&#8217;Assemblea de Sueca ha servit tamb\u00e9 per a entregar les plaques acreditatives als 26 consistoris que van passar a formar part de la Xarxa a l&#8217;abril de 2024. Estos municipis s\u00f3n Alpuente, Bugarra, Calles, Higueruelas i La Yesa, en la Serran\u00eda; Carr\u00edcola, Pinet i Terrateig, a la Vall d&#8217;Albaida; Albalat dels Tarongers, Alg\u00edmia d&#8217;Alfara, Quartell, Segart i Torres Torres, al Camp de Morvedre; Alfarb, Alginet, Antella, L&#8217;\u00c9nova i Benimuslem, en la Ribera Alta; Daim\u00fas, Palmera i Potries, a la Safor; Casas Bajas i Castielfabib, en el Rinc\u00f3n de Ademuz; Emperador a l&#8217;Horta Nord; Dos Aguas en l&#8217;Hoya de Bu\u00f1ol; i Jarafuel en el Valle de Ayora.<\/p>\n\n\n\n<p>Amb les noves incorporacions, s\u00f3n ja 246 ajuntaments, 14 mancomunitats i un consorci els que formen part de la Xarxa. Per comarques, la Vall d&#8217;Albaida \u00e9s la que m\u00e9s municipis t\u00e9 adherits a la plataforma de la Diputaci\u00f3, amb els seus 34 consistoris, seguida de la Ribera Alta (33) i la Safor, amb 29 ajuntaments membres; la llista la completen l&#8217;Horta Nord (22); l&#8217;Horta Sud (19); la Serran\u00eda (18); la Costera (17); el Camp de T\u00faria (16); la Ribera Baixa i el Camp de Morvedre, amb 11 consistoris cadascuna; la Plana Utiel-Requena (9); la Canal de Navarr\u00e9s i l&#8217;Hoya de Bu\u00f1ol-Chiva (8); el Valle de Ayora-Cofrentes (6); i el Rinc\u00f3n de Ademuz (4).<\/p>\n","protected":false},"excerpt":{"rendered":"<div class=\"mh-excerpt\">La vicepresidenta Nat\u00e0lia Enguix destaca en la XII Assemblea de la Xarxa, celebrada a Sueca, l&#8217;increment de les ajudes als 246 municipis que la integren despr\u00e9s de l&#8217;adhesi\u00f3 de 9 consistoris: \u201chem passat de 600.000 <a class=\"mh-excerpt-more\" href=\"https:\/\/www.tucomarca.com\/wordpress\/segunda\/ca\/la-diputacio-suma-14-mancomunitats-a-la-seua-xarxa-contra-la-violencia-de-genere-que-integra-al-92-dels-municipis\/\" title=\"La Diputaci\u00f3 suma 14 mancomunitats a la seua Xarxa contra la Viol\u00e8ncia de G\u00e8nere que integra al 92% dels municipis\">[+] <\/a><\/div>\n","protected":false},"author":12,"featured_media":264467,"comment_status":"open","ping_status":"open","sticky":false,"template":"","format":"gallery","meta":{"footnotes":""},"categories":[10890,20541,11046,10898,10948,10963,10894,10904,20456,10902,10947,10896],"tags":[11097],"class_list":{"0":"post-264475","1":"post","2":"type-post","3":"status-publish","4":"format-gallery","5":"has-post-thumbnail","7":"category-ademus","8":"category-igualtat-i-diversitat","9":"category-los-serranos-ca","10":"category-ventana-ca","11":"category-infraestructuras-ca","12":"category-la-canal-de-navarres-ca","13":"category-la-comarca-ca","14":"category-sin-categorizar-ca","15":"category-la-diputacio-de-valencia-informa-ca","16":"category-la-ribera-ca","17":"category-politica","18":"category-seccion-ca","19":"tag-ademuz-ca","20":"post_format-post-format-gallery"},"_links":{"self":[{"href":"https:\/\/www.tucomarca.com\/wordpress\/segunda\/ca\/wp-json\/wp\/v2\/posts\/264475","targetHints":{"allow":["GET"]}}],"collection":[{"href":"https:\/\/www.tucomarca.com\/wordpress\/segunda\/ca\/wp-json\/wp\/v2\/posts"}],"about":[{"href":"https:\/\/www.tucomarca.com\/wordpress\/segunda\/ca\/wp-json\/wp\/v2\/types\/post"}],"author":[{"embeddable":true,"href":"https:\/\/www.tucomarca.com\/wordpress\/segunda\/ca\/wp-json\/wp\/v2\/users\/12"}],"replies":[{"embeddable":true,"href":"https:\/\/www.tucomarca.com\/wordpress\/segunda\/ca\/wp-json\/wp\/v2\/comments?post=264475"}],"version-history":[{"count":0,"href":"https:\/\/www.tucomarca.com\/wordpress\/segunda\/ca\/wp-json\/wp\/v2\/posts\/264475\/revisions"}],"wp:featuredmedia":[{"embeddable":true,"href":"https:\/\/www.tucomarca.com\/wordpress\/segunda\/ca\/wp-json\/wp\/v2\/media\/264467"}],"wp:attachment":[{"href":"https:\/\/www.tucomarca.com\/wordpress\/segunda\/ca\/wp-json\/wp\/v2\/media?parent=264475"}],"wp:term":[{"taxonomy":"category","embeddable":true,"href":"https:\/\/www.tucomarca.com\/wordpress\/segunda\/ca\/wp-json\/wp\/v2\/categories?post=264475"},{"taxonomy":"post_tag","embeddable":true,"href":"https:\/\/www.tucomarca.com\/wordpress\/segunda\/ca\/wp-json\/wp\/v2\/tags?post=264475"}],"curies":[{"name":"wp","href":"https:\/\/api.w.org\/{rel}","templated":true}]}}