{"id":264551,"date":"2025-05-06T10:35:00","date_gmt":"2025-05-06T08:35:00","guid":{"rendered":"https:\/\/www.tucomarca.com\/wordpress\/segunda\/?p=264551"},"modified":"2025-05-06T21:03:13","modified_gmt":"2025-05-06T19:03:13","slug":"la-mancomunitat-foia-de-bunyol-xiva-impulsa-noves-accions-per-a-promoure-lautonomia-personal-en-2025","status":"publish","type":"post","link":"https:\/\/www.tucomarca.com\/wordpress\/segunda\/ca\/la-mancomunitat-foia-de-bunyol-xiva-impulsa-noves-accions-per-a-promoure-lautonomia-personal-en-2025\/","title":{"rendered":"La Mancomunitat Foia de Bunyol Xiva impulsa noves accions per a promoure l&#8217;autonomia personal en 2025"},"content":{"rendered":"\n<p>L&#8217;\u00e0rea de serveis socials de la Mancomunitat Foia de Bunyol Xiva es troba desenvolupant, al costat de la Federaci\u00f3 de Salut Mental de Val\u00e8ncia, les sessions del taller de psicoeducaci\u00f3n destinat a aportar informaci\u00f3 psicol\u00f2gica per a promoure l&#8217;autoconeixement, maneig emocional i desenvolupament d&#8217;habilitats per a millorar el benestar personal i social de les persones usu\u00e0ries.<\/p>\n\n\n\n<p>Amb aquestes activitats l&#8217;equip de serveis socials de la Mancomunitat refor\u00e7a el seu comprom\u00eds amb el benestar de les persones majors i aquelles amb problemes de salut mental de la comarca a trav\u00e9s del projecte &#8220;Servei de Promoci\u00f3 de l&#8217;Autonomia Personal 2025&#8221;. Despr\u00e9s de dos anys d&#8217;experi\u00e8ncia i aprenentatge, el programa introdueix millores i novetats significatives per a adaptar-se millor a les necessitats detectades en el territori.<\/p>\n\n\n\n<p>La principal novetat d&#8217;enguany \u00e9s la inclusi\u00f3 d&#8217;atencions individuals de car\u00e0cter psicol\u00f2gic i social, dirigides a persones amb dificultats de salut mental que no poden o no desitgen participar en les activitats grupals. Aquesta mesura respon a les demandes de l&#8217;equip t\u00e8cnic de serveis socials de la Mancomunitat i refor\u00e7a l&#8217;enfocament inclusiu del projecte.<\/p>\n\n\n\n<p>Un dels pilars del programa s\u00f3n les \u201cSessions per a Persones Majors\u201d, orientades a acostar conceptes de salut mental i benestar emocional, atenent les necessitats pr\u00f2pies de l&#8217;envelliment. Aquestes sessions abordaran problem\u00e0tiques com l&#8217;a\u00efllament social, la p\u00e8rdua de mem\u00f2ria, l&#8217;ansietat o la depressi\u00f3, amb activitats adaptades a les condicions f\u00edsiques i cognitives dels participants.<\/p>\n\n\n\n<p>L&#8217;enfocament del programa combina un ritme pausat, accessibilitat i moments de descans, generant un ambient de suport i valoraci\u00f3 per a cada persona assistent.<\/p>\n\n\n\n<p>La programaci\u00f3 es desenvolupar\u00e0 de manera coordinada entre els equips t\u00e8cnics de la Federaci\u00f3 i la Mancomunitat, garantint una intervenci\u00f3 estructurada i efectiva.<\/p>\n\n\n\n<p>Amb aquest projecte, la Mancomunitat reafirma la seua aposta per una atenci\u00f3 social pr\u00f2xima, humana i adaptada a les realitats de la seua poblaci\u00f3.<\/p>\n\n\n\n<p><\/p>\n","protected":false},"excerpt":{"rendered":"<div class=\"mh-excerpt\">L&#8217;\u00e0rea de serveis socials de la Mancomunitat Foia de Bunyol Xiva es troba desenvolupant, al costat de la Federaci\u00f3 de Salut Mental de Val\u00e8ncia, les sessions del taller de psicoeducaci\u00f3n destinat a aportar informaci\u00f3 psicol\u00f2gica <a class=\"mh-excerpt-more\" href=\"https:\/\/www.tucomarca.com\/wordpress\/segunda\/ca\/la-mancomunitat-foia-de-bunyol-xiva-impulsa-noves-accions-per-a-promoure-lautonomia-personal-en-2025\/\" title=\"La Mancomunitat Foia de Bunyol Xiva impulsa noves accions per a promoure l&#8217;autonomia personal en 2025\">[+] <\/a><\/div>\n","protected":false},"author":12,"featured_media":264550,"comment_status":"open","ping_status":"open","sticky":false,"template":"","format":"standard","meta":{"footnotes":""},"categories":[10980,10948,10894,10912,10947,10896],"tags":[10914,11514],"class_list":{"0":"post-264551","1":"post","2":"type-post","3":"status-publish","4":"format-standard","5":"has-post-thumbnail","7":"category-yatova-ca","8":"category-infraestructuras-ca","9":"category-la-comarca-ca","10":"category-la-hoya-ca","11":"category-politica","12":"category-seccion-ca","13":"tag-la-hoya-de-bunol-chiva-ca","14":"tag-mancomunidad-de-la-hoya-de-bunol-chiva-ca"},"_links":{"self":[{"href":"https:\/\/www.tucomarca.com\/wordpress\/segunda\/ca\/wp-json\/wp\/v2\/posts\/264551","targetHints":{"allow":["GET"]}}],"collection":[{"href":"https:\/\/www.tucomarca.com\/wordpress\/segunda\/ca\/wp-json\/wp\/v2\/posts"}],"about":[{"href":"https:\/\/www.tucomarca.com\/wordpress\/segunda\/ca\/wp-json\/wp\/v2\/types\/post"}],"author":[{"embeddable":true,"href":"https:\/\/www.tucomarca.com\/wordpress\/segunda\/ca\/wp-json\/wp\/v2\/users\/12"}],"replies":[{"embeddable":true,"href":"https:\/\/www.tucomarca.com\/wordpress\/segunda\/ca\/wp-json\/wp\/v2\/comments?post=264551"}],"version-history":[{"count":0,"href":"https:\/\/www.tucomarca.com\/wordpress\/segunda\/ca\/wp-json\/wp\/v2\/posts\/264551\/revisions"}],"wp:featuredmedia":[{"embeddable":true,"href":"https:\/\/www.tucomarca.com\/wordpress\/segunda\/ca\/wp-json\/wp\/v2\/media\/264550"}],"wp:attachment":[{"href":"https:\/\/www.tucomarca.com\/wordpress\/segunda\/ca\/wp-json\/wp\/v2\/media?parent=264551"}],"wp:term":[{"taxonomy":"category","embeddable":true,"href":"https:\/\/www.tucomarca.com\/wordpress\/segunda\/ca\/wp-json\/wp\/v2\/categories?post=264551"},{"taxonomy":"post_tag","embeddable":true,"href":"https:\/\/www.tucomarca.com\/wordpress\/segunda\/ca\/wp-json\/wp\/v2\/tags?post=264551"}],"curies":[{"name":"wp","href":"https:\/\/api.w.org\/{rel}","templated":true}]}}