{"id":264570,"date":"2025-05-06T10:40:00","date_gmt":"2025-05-06T08:40:00","guid":{"rendered":"https:\/\/www.tucomarca.com\/wordpress\/segunda\/?p=264570"},"modified":"2025-05-06T21:06:49","modified_gmt":"2025-05-06T19:06:49","slug":"xest-celebra-el-seu-ple-ordinari-del-mes-dabril-a-la-sala-polivalent-de-la-biblioteca","status":"publish","type":"post","link":"https:\/\/www.tucomarca.com\/wordpress\/segunda\/ca\/xest-celebra-el-seu-ple-ordinari-del-mes-dabril-a-la-sala-polivalent-de-la-biblioteca\/","title":{"rendered":"Xest celebra el seu ple ordinari del mes d&#8217;abril a la sala polivalent de la biblioteca"},"content":{"rendered":"\n<p>Dimecres passat, 30 d&#8217;abril, el ple va celebrar la sessi\u00f3 ordin\u00e0ria del mes en curs, en aquesta ocasi\u00f3 a la sala polivalent de la biblioteca.<\/p>\n\n\n\n<p><strong>Carnet Jove<\/strong><br>El primer punt de la sessi\u00f3, aprovat per unanimitat, va ser l&#8217;aprovaci\u00f3 del conveni entre l&#8217;Ajuntament de Xest i l&#8217;IVAJ per al lliurament del Carnet Jove en el propi consistori. \u201cAquest acord permetr\u00e0 que els i les joves de Xest puguen arreplegar el seu Carnet Jove a l&#8217;Ajuntament, en format f\u00edsic, sempre que ho hagen sol\u00b7licitat en modalitat digital a trav\u00e9s de la web de l&#8217;IVAJ. La nostra voluntat \u00e9s acostar a la ciutadania els beneficis d&#8217;aquest carnet, com a descomptes en activitats culturals, en transport, formaci\u00f3, oci o esports, entre altres\u201d, explicava el regidor de Joventut, \u00d3scar Gald\u00f3n.<\/p>\n\n\n\n<p><strong>Rehabilitaci\u00f3 de les piscines<\/strong><br>El Ple tamb\u00e9 va aprovar el projecte i la delegaci\u00f3 en Alcaldia per a la contractaci\u00f3 de l&#8217;obra de \u201cRehabilitaci\u00f3 integral de les piscines municipals. Fase 1\u201d, amb els vots a favor d&#8217;Esquerra Unida i els vots en contra del grup Popular.<\/p>\n\n\n\n<p>\u201cLa piscina municipal t\u00e9 bastant deterioraci\u00f3 deguda a les seues m\u00e9s de 30 anys d&#8217;antiguitat i aix\u00f2 obliga l&#8217;Ajuntament a fer inversions cada any. Aquestes incid\u00e8ncies s&#8217;han anat acumulant i tenen un cost creixent, per la qual cosa els t\u00e8cnics ens han recomanat que fem una rehabilitaci\u00f3. A m\u00e9s, els habitatges de la urbanitzaci\u00f3 Aig\u00fces Perdudes es veuen afectades, ja que tenen moments en els quals es queden sense pressi\u00f3\u201d, va explicar l&#8217;alcalde, Jos\u00e9 Morell. \u201cS&#8217;ha fet un projecte global de les piscines, ambici\u00f3s, per\u00f2 nosaltres l&#8217;anirem executant en funci\u00f3 dels fons que tinguem disponibles. La prioritat en aquest moment \u00e9s la rehabilitaci\u00f3 de la piscina que est\u00e0 en pitjor estat, la gran, i despr\u00e9s canviar d&#8217;ubicaci\u00f3 la depuradora, per a evitar que cada vegada que ploga s&#8217;inunde i calga reparar-la o substituir gran part de la maquin\u00e0ria. Amb el projecte ja fet podem tindre el full de ruta per a anar fent per separates; l&#8217;execuci\u00f3 ja vindria en moments posteriors\u201d, detallava Morell.<\/p>\n\n\n\n<p>El PP va justificar el seu vot en contra davant la falta d&#8217;informaci\u00f3. \u201cSi hagu\u00e9rem tingut una comissi\u00f3 espec\u00edfica per a explicar el projecte segurament hui s&#8217;aprovaria per unanimitat, per\u00f2 en 24 hores \u00e9s dif\u00edcil estudiar un informe t\u00e8cnic de m\u00e9s de 500 fulles, d&#8217;aquesta envergadura\u201d, apuntava el portaveu del partit, Enrique Peinado.<\/p>\n\n\n\n<p>Per part seua, la portaveu d&#8217;Esquerra Unida, M\u00aa \u00c1ngeles Llorente, va condicionar el vot favorable del seu grup a estar informats de cada fase que es vaja a desenvolupar respecte a l&#8217;execuci\u00f3 de les actuacions en les piscines. \u201cEl projecte no l&#8217;hem pogut revisar en profunditat, per\u00f2 som conscients de la necessitat de rehabilitaci\u00f3 de les piscines i que ho estiguen al m\u00e9s prompte possible; per\u00f2 tamb\u00e9 volem tindre clar en tot moment en qu\u00e8 consisteix la primera fase i la quantitat\u201d, explicava Llorente.<\/p>\n\n\n\n<p><strong>Mocions<\/strong><br>Des del grup municipal d&#8217;IU es van presentar les mocions titulades \u201cDret a morir dignament\u201d i \u201cMoci\u00f3 per la Pau a Europa\u201d, totes dues aprovades amb l&#8217;abstenci\u00f3 del PP, basant el seu sentit del vot en la diversitat d&#8217;opinions sobre aquest tema entre la seua milit\u00e0ncia.<\/p>\n\n\n\n<p>La primera moci\u00f3 va comptar, entre els acords proposats, amb el comprom\u00eds de formar a la plantilla municipal sobre els drets de la ciutadania al final de la vida i el Document de Voluntats Anticipades (DVA); impulsar la divulgaci\u00f3 sobre aquests temes i donar suport informatiu en l&#8217;Oficina d&#8217;Atenci\u00f3 ciutadana de l&#8217;Ajuntament relativa a la tramitaci\u00f3 del DVA.<\/p>\n\n\n\n<p>\u201cLa moci\u00f3 no diu res m\u00e9s que el que diuen les lleis, no \u00e9s obligatori fer el document de la voluntats anticipades, cada persona en funci\u00f3 del que crega, senta i pense far\u00e0 el que vulga, \u00e9s una moci\u00f3 que garanteix drets, no entenc per qu\u00e8 hi ha gent que no vulga que tinguem eixa llibertat\u201d, explicava la portaveu d&#8217;Esquerra Unida.<\/p>\n\n\n\n<p>Els acords proposats en la segona moci\u00f3 van ser per a instar el govern d&#8217;Espanya a prioritzar el di\u00e0leg i la cooperaci\u00f3 per a resoldre els conflictes internacionals.<\/p>\n\n\n\n<p>\u201cEn Esquerra Unida creiem que es pot construir un m\u00f3n m\u00e9s just i m\u00e9s segur sense rec\u00f3rrer ni a la militaritzaci\u00f3 ni a l&#8217;escalada b\u00e8l\u00b7lica, l&#8217;escalada armament\u00edstica no serveix per a res, nom\u00e9s condueix a les guerres\u201d, apuntava Llorente.<\/p>\n\n\n\n<p>El grup socialista es va abstindre en aquest punt, basant-se en el comprom\u00eds amb el seu partit de no posicionar-se en mocions que no afecten estrictament la localitat.<\/p>\n\n\n\n<figure class=\"wp-block-gallery has-nested-images columns-2 is-cropped wp-block-gallery-1 is-layout-flex wp-block-gallery-is-layout-flex\">\n<figure class=\"wp-block-image size-large\"><img loading=\"lazy\" decoding=\"async\" width=\"1024\" height=\"682\" data-id=\"264555\" src=\"https:\/\/www.tucomarca.com\/wordpress\/segunda\/wp-content\/uploads\/2025\/05\/Cheste_PlenoAbril_1-1024x682.jpg\" alt=\"\" class=\"wp-image-264555\" srcset=\"https:\/\/www.tucomarca.com\/wordpress\/segunda\/wp-content\/uploads\/2025\/05\/Cheste_PlenoAbril_1-1024x682.jpg 1024w, https:\/\/www.tucomarca.com\/wordpress\/segunda\/wp-content\/uploads\/2025\/05\/Cheste_PlenoAbril_1-300x200.jpg 300w, https:\/\/www.tucomarca.com\/wordpress\/segunda\/wp-content\/uploads\/2025\/05\/Cheste_PlenoAbril_1-768x512.jpg 768w, https:\/\/www.tucomarca.com\/wordpress\/segunda\/wp-content\/uploads\/2025\/05\/Cheste_PlenoAbril_1.jpg 1181w\" sizes=\"auto, (max-width: 1024px) 100vw, 1024px\" \/><\/figure>\n\n\n\n<figure class=\"wp-block-image size-large\"><img loading=\"lazy\" decoding=\"async\" width=\"1024\" height=\"682\" data-id=\"264557\" src=\"https:\/\/www.tucomarca.com\/wordpress\/segunda\/wp-content\/uploads\/2025\/05\/Cheste_PlenoAbril_2-1024x682.jpg\" alt=\"\" class=\"wp-image-264557\" srcset=\"https:\/\/www.tucomarca.com\/wordpress\/segunda\/wp-content\/uploads\/2025\/05\/Cheste_PlenoAbril_2-1024x682.jpg 1024w, https:\/\/www.tucomarca.com\/wordpress\/segunda\/wp-content\/uploads\/2025\/05\/Cheste_PlenoAbril_2-300x200.jpg 300w, https:\/\/www.tucomarca.com\/wordpress\/segunda\/wp-content\/uploads\/2025\/05\/Cheste_PlenoAbril_2-768x512.jpg 768w, https:\/\/www.tucomarca.com\/wordpress\/segunda\/wp-content\/uploads\/2025\/05\/Cheste_PlenoAbril_2.jpg 1181w\" sizes=\"auto, (max-width: 1024px) 100vw, 1024px\" \/><\/figure>\n\n\n\n<figure class=\"wp-block-image size-large\"><img loading=\"lazy\" decoding=\"async\" width=\"1024\" height=\"682\" data-id=\"264559\" src=\"https:\/\/www.tucomarca.com\/wordpress\/segunda\/wp-content\/uploads\/2025\/05\/Cheste_PlenoAbril_3-1024x682.jpg\" alt=\"\" class=\"wp-image-264559\" srcset=\"https:\/\/www.tucomarca.com\/wordpress\/segunda\/wp-content\/uploads\/2025\/05\/Cheste_PlenoAbril_3-1024x682.jpg 1024w, https:\/\/www.tucomarca.com\/wordpress\/segunda\/wp-content\/uploads\/2025\/05\/Cheste_PlenoAbril_3-300x200.jpg 300w, https:\/\/www.tucomarca.com\/wordpress\/segunda\/wp-content\/uploads\/2025\/05\/Cheste_PlenoAbril_3-768x512.jpg 768w, https:\/\/www.tucomarca.com\/wordpress\/segunda\/wp-content\/uploads\/2025\/05\/Cheste_PlenoAbril_3.jpg 1181w\" sizes=\"auto, (max-width: 1024px) 100vw, 1024px\" \/><\/figure>\n\n\n\n<figure class=\"wp-block-image size-large\"><img loading=\"lazy\" decoding=\"async\" width=\"1024\" height=\"682\" data-id=\"264561\" src=\"https:\/\/www.tucomarca.com\/wordpress\/segunda\/wp-content\/uploads\/2025\/05\/Cheste_PlenoAbril_4-1024x682.jpg\" alt=\"\" class=\"wp-image-264561\" srcset=\"https:\/\/www.tucomarca.com\/wordpress\/segunda\/wp-content\/uploads\/2025\/05\/Cheste_PlenoAbril_4-1024x682.jpg 1024w, https:\/\/www.tucomarca.com\/wordpress\/segunda\/wp-content\/uploads\/2025\/05\/Cheste_PlenoAbril_4-300x200.jpg 300w, https:\/\/www.tucomarca.com\/wordpress\/segunda\/wp-content\/uploads\/2025\/05\/Cheste_PlenoAbril_4-768x512.jpg 768w, https:\/\/www.tucomarca.com\/wordpress\/segunda\/wp-content\/uploads\/2025\/05\/Cheste_PlenoAbril_4.jpg 1181w\" sizes=\"auto, (max-width: 1024px) 100vw, 1024px\" \/><\/figure>\n\n\n\n<figure class=\"wp-block-image size-large\"><img loading=\"lazy\" decoding=\"async\" width=\"1024\" height=\"682\" data-id=\"264565\" src=\"https:\/\/www.tucomarca.com\/wordpress\/segunda\/wp-content\/uploads\/2025\/05\/Cheste_PlenoAbril_6-1024x682.jpg\" alt=\"\" class=\"wp-image-264565\" srcset=\"https:\/\/www.tucomarca.com\/wordpress\/segunda\/wp-content\/uploads\/2025\/05\/Cheste_PlenoAbril_6-1024x682.jpg 1024w, https:\/\/www.tucomarca.com\/wordpress\/segunda\/wp-content\/uploads\/2025\/05\/Cheste_PlenoAbril_6-300x200.jpg 300w, https:\/\/www.tucomarca.com\/wordpress\/segunda\/wp-content\/uploads\/2025\/05\/Cheste_PlenoAbril_6-768x512.jpg 768w, https:\/\/www.tucomarca.com\/wordpress\/segunda\/wp-content\/uploads\/2025\/05\/Cheste_PlenoAbril_6.jpg 1181w\" sizes=\"auto, (max-width: 1024px) 100vw, 1024px\" \/><\/figure>\n\n\n\n<figure class=\"wp-block-image size-large\"><img loading=\"lazy\" decoding=\"async\" width=\"1024\" height=\"682\" data-id=\"264567\" src=\"https:\/\/www.tucomarca.com\/wordpress\/segunda\/wp-content\/uploads\/2025\/05\/Cheste_PlenoAbril_7-1024x682.jpg\" alt=\"\" class=\"wp-image-264567\" srcset=\"https:\/\/www.tucomarca.com\/wordpress\/segunda\/wp-content\/uploads\/2025\/05\/Cheste_PlenoAbril_7-1024x682.jpg 1024w, https:\/\/www.tucomarca.com\/wordpress\/segunda\/wp-content\/uploads\/2025\/05\/Cheste_PlenoAbril_7-300x200.jpg 300w, https:\/\/www.tucomarca.com\/wordpress\/segunda\/wp-content\/uploads\/2025\/05\/Cheste_PlenoAbril_7-768x512.jpg 768w, https:\/\/www.tucomarca.com\/wordpress\/segunda\/wp-content\/uploads\/2025\/05\/Cheste_PlenoAbril_7.jpg 1181w\" sizes=\"auto, (max-width: 1024px) 100vw, 1024px\" \/><\/figure>\n<\/figure>\n","protected":false},"excerpt":{"rendered":"<div class=\"mh-excerpt\">Dimecres passat, 30 d&#8217;abril, el ple va celebrar la sessi\u00f3 ordin\u00e0ria del mes en curs, en aquesta ocasi\u00f3 a la sala polivalent de la biblioteca. Carnet JoveEl primer punt de la sessi\u00f3, aprovat per unanimitat, <a class=\"mh-excerpt-more\" href=\"https:\/\/www.tucomarca.com\/wordpress\/segunda\/ca\/xest-celebra-el-seu-ple-ordinari-del-mes-dabril-a-la-sala-polivalent-de-la-biblioteca\/\" title=\"Xest celebra el seu ple ordinari del mes d&#8217;abril a la sala polivalent de la biblioteca\">[+] <\/a><\/div>\n","protected":false},"author":12,"featured_media":264564,"comment_status":"open","ping_status":"open","sticky":false,"template":"","format":"gallery","meta":{"footnotes":""},"categories":[10948,10894,10912,10947,10896,10974],"tags":[11071,10914,12947],"class_list":{"0":"post-264570","1":"post","2":"type-post","3":"status-publish","4":"format-gallery","5":"has-post-thumbnail","7":"category-infraestructuras-ca","8":"category-la-comarca-ca","9":"category-la-hoya-ca","10":"category-politica","11":"category-seccion-ca","12":"category-cheste-ca","13":"tag-cheste","14":"tag-la-hoya-de-bunol-chiva-ca","15":"tag-pleno-cheste-ca","16":"post_format-post-format-gallery"},"_links":{"self":[{"href":"https:\/\/www.tucomarca.com\/wordpress\/segunda\/ca\/wp-json\/wp\/v2\/posts\/264570","targetHints":{"allow":["GET"]}}],"collection":[{"href":"https:\/\/www.tucomarca.com\/wordpress\/segunda\/ca\/wp-json\/wp\/v2\/posts"}],"about":[{"href":"https:\/\/www.tucomarca.com\/wordpress\/segunda\/ca\/wp-json\/wp\/v2\/types\/post"}],"author":[{"embeddable":true,"href":"https:\/\/www.tucomarca.com\/wordpress\/segunda\/ca\/wp-json\/wp\/v2\/users\/12"}],"replies":[{"embeddable":true,"href":"https:\/\/www.tucomarca.com\/wordpress\/segunda\/ca\/wp-json\/wp\/v2\/comments?post=264570"}],"version-history":[{"count":0,"href":"https:\/\/www.tucomarca.com\/wordpress\/segunda\/ca\/wp-json\/wp\/v2\/posts\/264570\/revisions"}],"wp:featuredmedia":[{"embeddable":true,"href":"https:\/\/www.tucomarca.com\/wordpress\/segunda\/ca\/wp-json\/wp\/v2\/media\/264564"}],"wp:attachment":[{"href":"https:\/\/www.tucomarca.com\/wordpress\/segunda\/ca\/wp-json\/wp\/v2\/media?parent=264570"}],"wp:term":[{"taxonomy":"category","embeddable":true,"href":"https:\/\/www.tucomarca.com\/wordpress\/segunda\/ca\/wp-json\/wp\/v2\/categories?post=264570"},{"taxonomy":"post_tag","embeddable":true,"href":"https:\/\/www.tucomarca.com\/wordpress\/segunda\/ca\/wp-json\/wp\/v2\/tags?post=264570"}],"curies":[{"name":"wp","href":"https:\/\/api.w.org\/{rel}","templated":true}]}}