{"id":264593,"date":"2025-05-07T11:00:00","date_gmt":"2025-05-07T09:00:00","guid":{"rendered":"https:\/\/www.tucomarca.com\/wordpress\/segunda\/?p=264593"},"modified":"2025-05-07T13:56:02","modified_gmt":"2025-05-07T11:56:02","slug":"ma-angeles-ferrer-del-real-es-converteix-en-la-primera-presidenta-de-la-comissio-de-las-ventas-de-bunyol","status":"publish","type":"post","link":"https:\/\/www.tucomarca.com\/wordpress\/segunda\/ca\/ma-angeles-ferrer-del-real-es-converteix-en-la-primera-presidenta-de-la-comissio-de-las-ventas-de-bunyol\/","title":{"rendered":"M\u00aa \u00c1ngeles Ferrer del Real es converteix en la primera presidenta de la comissi\u00f3 de Las Ventas de Bunyol"},"content":{"rendered":"\n<p>En el m\u00f3n faller, cada final marca un nou comen\u00e7ament. I aix\u00ed ho ha viscut la comissi\u00f3 de Las Ventas en el recent Sopar de Fi d&#8217;Exercici, on s&#8217;ha anunciat el nomenament de M\u00aa \u00c1ngeles Ferrer del Real, m\u00e9s coneguda com a Cales, com a presidenta per als dos pr\u00f2xims exercicis.<\/p>\n\n\n\n<p>Aquest nomenament no sols simbolitza l&#8217;inici d&#8217;una nova etapa, sin\u00f3 que tamb\u00e9 marca una fita per a la hist\u00f2ria d&#8217;aquesta falla: Cal\u00e7s ser\u00e0 la primera dona a assumir la presid\u00e8ncia de la comissi\u00f3 de Las Ventas. Un pas avant que Las Ventas celebra i que reflecteix l&#8217;evoluci\u00f3 i el comprom\u00eds d&#8217;aquesta entitat amb la participaci\u00f3 igualit\u00e0ria, encara que les comissions de Reyes Cat\u00f3licos i Bu\u00f1ol Pueblo han sigut les pioneres a ostentar aquest c\u00e0rrec per dones.<\/p>\n\n\n\n<p>Cales ha estat vinculada a la falla des que era una xiqueta. La seua pres\u00e8ncia constant en cada acte, la seua implicaci\u00f3 en totes les activitats i el seu entusiasme l&#8217;han convertida en un pilar fonamental del dia a dia faller. La seua traject\u00f2ria \u00e9s un exemple de dedicaci\u00f3: ha format part de la Junta Directiva en nombrosos exercicis, assumint amb responsabilitat diferents c\u00e0rrecs i deixant sempre petjada del seu bon fer.<\/p>\n\n\n\n<p>Els qui la coneixen destaquen el seu treball incansable, el seu car\u00e0cter decidit, la seua proximitat amb tots els membres de la comissi\u00f3 i, per descomptat, el seu profund amor per la falla. Coneix cada rac\u00f3, cada tradici\u00f3 i cada detall d&#8217;aquesta comissi\u00f3, la qual cosa la converteix en una figura ideal per a liderar aquest nou cicle amb il\u00b7lusi\u00f3 i comprom\u00eds.<\/p>\n\n\n\n<p>Cales ha estat vinculada a la falla des que era una xiqueta. La seua pres\u00e8ncia constant en cada acte, la seua implicaci\u00f3 en totes les activitats i el seu entusiasme contagi\u00f3s l&#8217;han convertida en un pilar fonamental del dia a dia faller. La seua traject\u00f2ria \u00e9s un exemple de dedicaci\u00f3: ha format part de la Junta Directiva en nombrosos exercicis, assumint amb responsabilitat diferents c\u00e0rrecs i deixant sempre petjada del seu bon fer.<\/p>\n\n\n\n<p>Els qui la coneixen destaquen el seu treball incansable, el seu car\u00e0cter decidit, la seua proximitat amb tots els membres de la comissi\u00f3 i, per descomptat, el seu profund amor per la falla. Coneix cada rac\u00f3, cada tradici\u00f3 i cada detall que fa \u00fanica a aquesta comissi\u00f3, la qual cosa la converteix en una figura ideal per a liderar aquest nou cicle amb il\u00b7lusi\u00f3 i comprom\u00eds.<\/p>\n","protected":false},"excerpt":{"rendered":"<div class=\"mh-excerpt\">En el m\u00f3n faller, cada final marca un nou comen\u00e7ament. I aix\u00ed ho ha viscut la comissi\u00f3 de Las Ventas en el recent Sopar de Fi d&#8217;Exercici, on s&#8217;ha anunciat el nomenament de M\u00aa \u00c1ngeles <a class=\"mh-excerpt-more\" href=\"https:\/\/www.tucomarca.com\/wordpress\/segunda\/ca\/ma-angeles-ferrer-del-real-es-converteix-en-la-primera-presidenta-de-la-comissio-de-las-ventas-de-bunyol\/\" title=\"M\u00aa \u00c1ngeles Ferrer del Real es converteix en la primera presidenta de la comissi\u00f3 de Las Ventas de Bunyol\">[+] <\/a><\/div>\n","protected":false},"author":12,"featured_media":264590,"comment_status":"open","ping_status":"open","sticky":false,"template":"","format":"standard","meta":{"footnotes":""},"categories":[10911,10894,10912,11007,10896],"tags":[10913,11894,10914],"class_list":{"0":"post-264593","1":"post","2":"type-post","3":"status-publish","4":"format-standard","5":"has-post-thumbnail","7":"category-bunol-ca","8":"category-la-comarca-ca","9":"category-la-hoya-ca","10":"category-ocio-y-cultura-ca","11":"category-seccion-ca","12":"tag-bunol-ca","13":"tag-falla-las-ventas-de-bunol-ca","14":"tag-la-hoya-de-bunol-chiva-ca"},"_links":{"self":[{"href":"https:\/\/www.tucomarca.com\/wordpress\/segunda\/ca\/wp-json\/wp\/v2\/posts\/264593","targetHints":{"allow":["GET"]}}],"collection":[{"href":"https:\/\/www.tucomarca.com\/wordpress\/segunda\/ca\/wp-json\/wp\/v2\/posts"}],"about":[{"href":"https:\/\/www.tucomarca.com\/wordpress\/segunda\/ca\/wp-json\/wp\/v2\/types\/post"}],"author":[{"embeddable":true,"href":"https:\/\/www.tucomarca.com\/wordpress\/segunda\/ca\/wp-json\/wp\/v2\/users\/12"}],"replies":[{"embeddable":true,"href":"https:\/\/www.tucomarca.com\/wordpress\/segunda\/ca\/wp-json\/wp\/v2\/comments?post=264593"}],"version-history":[{"count":0,"href":"https:\/\/www.tucomarca.com\/wordpress\/segunda\/ca\/wp-json\/wp\/v2\/posts\/264593\/revisions"}],"wp:featuredmedia":[{"embeddable":true,"href":"https:\/\/www.tucomarca.com\/wordpress\/segunda\/ca\/wp-json\/wp\/v2\/media\/264590"}],"wp:attachment":[{"href":"https:\/\/www.tucomarca.com\/wordpress\/segunda\/ca\/wp-json\/wp\/v2\/media?parent=264593"}],"wp:term":[{"taxonomy":"category","embeddable":true,"href":"https:\/\/www.tucomarca.com\/wordpress\/segunda\/ca\/wp-json\/wp\/v2\/categories?post=264593"},{"taxonomy":"post_tag","embeddable":true,"href":"https:\/\/www.tucomarca.com\/wordpress\/segunda\/ca\/wp-json\/wp\/v2\/tags?post=264593"}],"curies":[{"name":"wp","href":"https:\/\/api.w.org\/{rel}","templated":true}]}}