{"id":264690,"date":"2025-05-08T09:45:00","date_gmt":"2025-05-08T07:45:00","guid":{"rendered":"https:\/\/www.tucomarca.com\/wordpress\/segunda\/?p=264690"},"modified":"2025-05-08T09:53:07","modified_gmt":"2025-05-08T07:53:07","slug":"els-trens-diesel-de-la-linia-c3-no-arribaran-ja-fins-a-lestacio-del-nord","status":"publish","type":"post","link":"https:\/\/www.tucomarca.com\/wordpress\/segunda\/ca\/els-trens-diesel-de-la-linia-c3-no-arribaran-ja-fins-a-lestacio-del-nord\/","title":{"rendered":"Els trens di\u00e8sel de la l\u00ednia C3 no arribaran ja fins a l&#8217;estaci\u00f3 del Nord"},"content":{"rendered":"\n<h3 class=\"wp-block-heading\">Els trens de la l\u00ednia C3 tindran com a origen i destinaci\u00f3 l&#8217;estaci\u00f3 Val\u00e8ncia-Font de Sant Llu\u00eds.<\/h3>\n\n\n\n<h3 class=\"wp-block-heading\">Els treballs en la marquesina de l&#8217;estaci\u00f3 del Nord que s&#8217;inicien dilluns que ve s\u00f3n incompatibles amb l&#8217;estacionament dels trens di\u00e8sel empleats en la C3.<\/h3>\n\n\n\n<p>A partir del pr\u00f2xim dilluns, 12 de maig, els trens de la l\u00ednia C3 de Rodalia tindran com a origen i destinaci\u00f3 l&#8217;estaci\u00f3 de Val\u00e8ncia-Font de Sant Llu\u00eds en lloc de la parada habitual a Val\u00e8ncia Nord. Aquesta l\u00ednia comptar\u00e0 amb una freq\u00fc\u00e8ncia en el servei d&#8217;un tren cada 30 minuts.&nbsp;<\/p>\n\n\n\n<p>Les obres d&#8217;Adif per a la remodelaci\u00f3 de la marquesina de l&#8217;estaci\u00f3 de Val\u00e8ncia Nord s\u00f3n incompatibles amb l&#8217;estacionament dels trens propulsats a di\u00e8sel (els que donen servei en la C3) en les zones d&#8217;andana coberta per la marquesina, tal com han informat fonts de Renfe.&nbsp;<\/p>\n\n\n\n<p>D&#8217;altra banda, amb motiu de les obres per a l&#8217;ampliaci\u00f3 de la capacitat de l&#8217;estaci\u00f3 de Val\u00e8ncia Joaqu\u00edn Sorolla,&nbsp;tots els trens de Llarga Dist\u00e0ncia del Corredor Mediterrani&nbsp;amb eixida, arribada o pas per l&#8217;estaci\u00f3 de Val\u00e8ncia Joaqu\u00edn Sorolla, estan circulant des del 6 de maig via Val\u00e8ncia Nord. Aquestes dues circumst\u00e0ncies obliguen a reprogramar els serveis i horaris de la l\u00ednia C3 entre Aldaia i la capital valenciana.<\/p>\n\n\n\n<p>Recordar que la l\u00ednia C3 Val\u00e8ncia-Bunyol-Utiel es va veure greument afectada per la Dana del 29 d&#8217;octubre, especialment en el tram entre Utiel i Aldaia, un recorregut que ara es duu a terme per carretera amb origen i destinaci\u00f3 Plaza Espa\u00f1a de Val\u00e8ncia. Mentre que el tram entre Aldaia i Val\u00e8ncia compta amb servei ferroviari des del passat 12 de desembre.<\/p>\n\n\n\n<p>Els viatgers amb destinaci\u00f3 Val\u00e8ncia Nord poden realitzar transbord en l&#8217;estaci\u00f3 de Val\u00e8ncia La Font de Sant Llu\u00eds i utilitzar els trens de la l\u00ednia C-6, a m\u00e9s de transbord a metre en l&#8217;estaci\u00f3 de Sant Isidre utilitzant les targetes SUMA de car\u00e0cter gratu\u00eft per als afectats per la DANA.<\/p>\n\n\n\n<p>Els viatgers podran obtindre m\u00e9s informaci\u00f3 en les estacions, la xarxa social X, App de Rodalia Val\u00e8ncia, Canal WhatsApp de Rodalia Val\u00e8ncia, Web renfe.com i trucant als tel\u00e8fons 912 320 320 i 963 357 400.<\/p>\n","protected":false},"excerpt":{"rendered":"<div class=\"mh-excerpt\">Els trens de la l\u00ednia C3 tindran com a origen i destinaci\u00f3 l&#8217;estaci\u00f3 Val\u00e8ncia-Font de Sant Llu\u00eds. Els treballs en la marquesina de l&#8217;estaci\u00f3 del Nord que s&#8217;inicien dilluns que ve s\u00f3n incompatibles amb l&#8217;estacionament <a class=\"mh-excerpt-more\" href=\"https:\/\/www.tucomarca.com\/wordpress\/segunda\/ca\/els-trens-diesel-de-la-linia-c3-no-arribaran-ja-fins-a-lestacio-del-nord\/\" title=\"Els trens di\u00e8sel de la l\u00ednia C3 no arribaran ja fins a l&#8217;estaci\u00f3 del Nord\">[+] <\/a><\/div>\n","protected":false},"author":1,"featured_media":154213,"comment_status":"open","ping_status":"open","sticky":false,"template":"","format":"standard","meta":{"footnotes":""},"categories":[10911,21466,10898,10948,10894,10904,10912,10903,10947,10908,10909,10896,10979,10897,11059,10974,10975],"tags":[11199,10914,10910],"class_list":{"0":"post-264690","1":"post","2":"type-post","3":"status-publish","4":"format-standard","5":"has-post-thumbnail","7":"category-bunol-ca","8":"category-dana-ca","9":"category-ventana-ca","10":"category-infraestructuras-ca","11":"category-la-comarca-ca","12":"category-sin-categorizar-ca","13":"category-la-hoya-ca","14":"category-medio-ambiente-la-comarca-ca","15":"category-politica","16":"category-requena-ca","17":"category-requena-utiel-ca","18":"category-seccion-ca","19":"category-siete-aguas-ca","20":"category-sucesos-la-comarca-ca","21":"category-utiel-ca","22":"category-cheste-ca","23":"category-chiva-ca","24":"tag-la-comunitat-ca","25":"tag-la-hoya-de-bunol-chiva-ca","26":"tag-requena-utiel-ca"},"_links":{"self":[{"href":"https:\/\/www.tucomarca.com\/wordpress\/segunda\/ca\/wp-json\/wp\/v2\/posts\/264690","targetHints":{"allow":["GET"]}}],"collection":[{"href":"https:\/\/www.tucomarca.com\/wordpress\/segunda\/ca\/wp-json\/wp\/v2\/posts"}],"about":[{"href":"https:\/\/www.tucomarca.com\/wordpress\/segunda\/ca\/wp-json\/wp\/v2\/types\/post"}],"author":[{"embeddable":true,"href":"https:\/\/www.tucomarca.com\/wordpress\/segunda\/ca\/wp-json\/wp\/v2\/users\/1"}],"replies":[{"embeddable":true,"href":"https:\/\/www.tucomarca.com\/wordpress\/segunda\/ca\/wp-json\/wp\/v2\/comments?post=264690"}],"version-history":[{"count":0,"href":"https:\/\/www.tucomarca.com\/wordpress\/segunda\/ca\/wp-json\/wp\/v2\/posts\/264690\/revisions"}],"wp:featuredmedia":[{"embeddable":true,"href":"https:\/\/www.tucomarca.com\/wordpress\/segunda\/ca\/wp-json\/wp\/v2\/media\/154213"}],"wp:attachment":[{"href":"https:\/\/www.tucomarca.com\/wordpress\/segunda\/ca\/wp-json\/wp\/v2\/media?parent=264690"}],"wp:term":[{"taxonomy":"category","embeddable":true,"href":"https:\/\/www.tucomarca.com\/wordpress\/segunda\/ca\/wp-json\/wp\/v2\/categories?post=264690"},{"taxonomy":"post_tag","embeddable":true,"href":"https:\/\/www.tucomarca.com\/wordpress\/segunda\/ca\/wp-json\/wp\/v2\/tags?post=264690"}],"curies":[{"name":"wp","href":"https:\/\/api.w.org\/{rel}","templated":true}]}}