{"id":264697,"date":"2025-05-08T10:00:00","date_gmt":"2025-05-08T08:00:00","guid":{"rendered":"https:\/\/www.tucomarca.com\/wordpress\/segunda\/?p=264697"},"modified":"2025-05-08T10:24:46","modified_gmt":"2025-05-08T08:24:46","slug":"la-do-utiel-requena-brindara-aquest-dissabte-pel-dia-vi-do","status":"publish","type":"post","link":"https:\/\/www.tucomarca.com\/wordpress\/segunda\/ca\/la-do-utiel-requena-brindara-aquest-dissabte-pel-dia-vi-do\/","title":{"rendered":"La DO Utiel-Requena brindar\u00e0 aquest dissabte pel Dia Vi DO"},"content":{"rendered":"\n<h3 class=\"wp-block-heading\">Celebra\u00a0la reobertura de\u00a0les visites guiades gratu\u00eftes en cap de setmana del Museu del vi de la DO Utiel-Requena.<\/h3>\n\n\n<div class=\"wp-block-image\">\n<figure class=\"alignleft size-large is-resized\"><img loading=\"lazy\" decoding=\"async\" width=\"819\" height=\"1024\" src=\"http:\/\/www.tucomarca.com\/wordpress\/segunda\/wp-content\/uploads\/2025\/05\/Diade-laDO-819x1024.jpg\" alt=\"\" class=\"wp-image-264694\" style=\"width:361px;height:auto\" srcset=\"https:\/\/www.tucomarca.com\/wordpress\/segunda\/wp-content\/uploads\/2025\/05\/Diade-laDO-819x1024.jpg 819w, https:\/\/www.tucomarca.com\/wordpress\/segunda\/wp-content\/uploads\/2025\/05\/Diade-laDO-240x300.jpg 240w, https:\/\/www.tucomarca.com\/wordpress\/segunda\/wp-content\/uploads\/2025\/05\/Diade-laDO-768x960.jpg 768w, https:\/\/www.tucomarca.com\/wordpress\/segunda\/wp-content\/uploads\/2025\/05\/Diade-laDO.jpg 1080w\" sizes=\"auto, (max-width: 819px) 100vw, 819px\" \/><\/figure>\n<\/div>\n\n\n<p>El Dia Vi DO \u00e9s una iniciativa promoguda per la Confer\u00e8ncia Espanyola de Consells Reguladors Vitivin\u00edcoles (CECRV), que \u00e9s l&#8217;associaci\u00f3 que representa a les denominacions de vi a nivell nacional i compta amb&nbsp;dos objectius: acostar a la gent el vi amb D.O. com un dels productes m\u00e9s reconeguts i aut\u00e8ntics del nostre pa\u00eds i de les seues respectives zones, i destacar que les denominacions d&#8217;origen de vi contribueixen significativament al present i al futur de les nostres zones rurals. Les activitats de les 32 DD.OO participants tindran, com a acte central,&nbsp;un brindis col\u00b7lectiu i simultani a les 13.30h.&nbsp;&nbsp;<\/p>\n\n\n\n<p>Des de la nostra denominaci\u00f3 d&#8217;origen celebrem que aquest dissabte reobrim les visites guiades en el Museu del vi de la DO Utiel-Requena. Les visites guiades seran gratu\u00eftes i l&#8217;horari ser\u00e0 dissabtes de 10h a 14h i de 16h a 19h, i diumenges de 10h a 14h. El nostre Museu de Vi acull la hist\u00f2ria del vi dels nou municipis que conformen la DO Utiel-Requena. Si vols vindre a visitar-ho i brindar, apunta&#8217;t&nbsp;telefonant al 96 217 10 62 o manant un correu a marketing@utielrequena.org.&nbsp;<\/p>\n\n\n\n<p>Uneix-te al brindis pels valors que tanca (diversitat, qualitat, autenticitat, cura i respecte pel saber fer local i pel medi natural, arrelament i reconeixement del medi rural, gaudi, cultura\u2026) i per la contribuci\u00f3 de les DDOO de vi al present i al futur dels pobles.<\/p>\n","protected":false},"excerpt":{"rendered":"<div class=\"mh-excerpt\">Celebra\u00a0la reobertura de\u00a0les visites guiades gratu\u00eftes en cap de setmana del Museu del vi de la DO Utiel-Requena. El Dia Vi DO \u00e9s una iniciativa promoguda per la Confer\u00e8ncia Espanyola de Consells Reguladors Vitivin\u00edcoles (CECRV), <a class=\"mh-excerpt-more\" href=\"https:\/\/www.tucomarca.com\/wordpress\/segunda\/ca\/la-do-utiel-requena-brindara-aquest-dissabte-pel-dia-vi-do\/\" title=\"La DO Utiel-Requena brindar\u00e0 aquest dissabte pel Dia Vi DO\">[+] <\/a><\/div>\n","protected":false},"author":12,"featured_media":264695,"comment_status":"open","ping_status":"open","sticky":false,"template":"","format":"standard","meta":{"footnotes":""},"categories":[11019,11006,10894,10904,11007,10908,10909,10896,11059],"tags":[22272,12747,10910],"class_list":{"0":"post-264697","1":"post","2":"type-post","3":"status-publish","4":"format-standard","5":"has-post-thumbnail","7":"category-agenda-ca","8":"category-canal-vinos","9":"category-la-comarca-ca","10":"category-sin-categorizar-ca","11":"category-ocio-y-cultura-ca","12":"category-requena-ca","13":"category-requena-utiel-ca","14":"category-seccion-ca","15":"category-utiel-ca","16":"tag-dia-vino-do-ca","17":"tag-do-utiel-requena-ca","18":"tag-requena-utiel-ca"},"_links":{"self":[{"href":"https:\/\/www.tucomarca.com\/wordpress\/segunda\/ca\/wp-json\/wp\/v2\/posts\/264697","targetHints":{"allow":["GET"]}}],"collection":[{"href":"https:\/\/www.tucomarca.com\/wordpress\/segunda\/ca\/wp-json\/wp\/v2\/posts"}],"about":[{"href":"https:\/\/www.tucomarca.com\/wordpress\/segunda\/ca\/wp-json\/wp\/v2\/types\/post"}],"author":[{"embeddable":true,"href":"https:\/\/www.tucomarca.com\/wordpress\/segunda\/ca\/wp-json\/wp\/v2\/users\/12"}],"replies":[{"embeddable":true,"href":"https:\/\/www.tucomarca.com\/wordpress\/segunda\/ca\/wp-json\/wp\/v2\/comments?post=264697"}],"version-history":[{"count":0,"href":"https:\/\/www.tucomarca.com\/wordpress\/segunda\/ca\/wp-json\/wp\/v2\/posts\/264697\/revisions"}],"wp:featuredmedia":[{"embeddable":true,"href":"https:\/\/www.tucomarca.com\/wordpress\/segunda\/ca\/wp-json\/wp\/v2\/media\/264695"}],"wp:attachment":[{"href":"https:\/\/www.tucomarca.com\/wordpress\/segunda\/ca\/wp-json\/wp\/v2\/media?parent=264697"}],"wp:term":[{"taxonomy":"category","embeddable":true,"href":"https:\/\/www.tucomarca.com\/wordpress\/segunda\/ca\/wp-json\/wp\/v2\/categories?post=264697"},{"taxonomy":"post_tag","embeddable":true,"href":"https:\/\/www.tucomarca.com\/wordpress\/segunda\/ca\/wp-json\/wp\/v2\/tags?post=264697"}],"curies":[{"name":"wp","href":"https:\/\/api.w.org\/{rel}","templated":true}]}}