{"id":264811,"date":"2025-05-08T11:00:00","date_gmt":"2025-05-08T09:00:00","guid":{"rendered":"https:\/\/www.tucomarca.com\/wordpress\/segunda\/?p=264811"},"modified":"2025-05-08T18:55:51","modified_gmt":"2025-05-08T16:55:51","slug":"godelleta-rep-el-premi-audac-a-la-millor-bona-practica-en-materia-de-transparencia","status":"publish","type":"post","link":"https:\/\/www.tucomarca.com\/wordpress\/segunda\/ca\/godelleta-rep-el-premi-audac-a-la-millor-bona-practica-en-materia-de-transparencia\/","title":{"rendered":"Godelleta rep el premi AUDA\u00c7 a la &#8220;millor bona pr\u00e0ctica&#8221; en mat\u00e8ria de transpar\u00e8ncia"},"content":{"rendered":"\n<h3 class=\"wp-block-heading\">El premi \u00e9s organitzat per RAGA, la Xarxa Acad\u00e8mica de Govern Obert, en aquesta segona edici\u00f3 en la qual es premia la transpar\u00e8ncia local.<\/h3>\n\n\n\n<h3 class=\"wp-block-heading\">L&#8217;Ajuntament de Godelleta va presentar el projecte &#8220;Bar\u00f2metre de Serveis P\u00fablics i Acc\u00e9s a la Informaci\u00f3&#8221;, un treball realitzat mitjan\u00e7ant els fons gestionats i subvencionats amb la Diputaci\u00f3 de Val\u00e8ncia i com a instituci\u00f3 adherida a la Xarxa Iberoamericana de Bon Govern i Igualtat.<\/h3>\n\n\n\n<p>Godelleta ha rebut la distinci\u00f3 del premi AUDA\u00c7 a la \u201cmillor bona pr\u00e0ctica\u201d, en aquesta segona edici\u00f3 que premia la transpar\u00e8ncia local, organitzada per RAGA, la Xarxa Acad\u00e8mica de Govern Obert. L&#8217;ajuntament va presentar la seua candidatura amb el \u201cBar\u00f2metre de Serveis P\u00fablics i Acc\u00e9s a la Informaci\u00f3\u201d, un treball realitzat gr\u00e0cies als fons gestionats i subvencionats amb la Diputaci\u00f3 de Val\u00e8ncia i en el marc de ser una instituci\u00f3 adherida a la Xarxa Iberoamericana de Bon Govern i Igualtat (RIBGI).<br>Els objectius primordials de les Distincions AUDA\u00c7, s\u00f3n donar visibilitat i premiar les millors pr\u00e0ctiques o projectes en mat\u00e8ria de transpar\u00e8ncia dins de l&#8217;\u00e0mbit local, reconeixent la bona faena per fer arribar la informaci\u00f3 a la poblaci\u00f3 de manera cada vegada m\u00e9s accessible i amb major qualitat.<\/p>\n\n\n\n<p>El projecte presentat es va tractar d&#8217;un investigaci\u00f3 lineal dissenyada per a avaluar l&#8217;evoluci\u00f3 del municipi en mat\u00e8ria de servei i infraestructures, transpar\u00e8ncia i acc\u00e9s a la informaci\u00f3 p\u00fablica. \u201c\u00c9s molt positiu per a Godelleta, haver rebut aquesta distinci\u00f3 que destaca el comprom\u00eds del municipi amb la participaci\u00f3 ciutadana i la millora cont\u00ednua en la gesti\u00f3 p\u00fablica\u201d, afirma Amparo Pardo, alcaldessa de Godelleta.<\/p>\n\n\n\n<p>El Bar\u00f2metre de Serveis P\u00fablics i Acc\u00e9s a la Informaci\u00f3 es va elaborar a trav\u00e9s d&#8217;enquestes a la poblaci\u00f3, realitzant un examen rigor\u00f3s de la gesti\u00f3 municipal basat en 50 indicadors que busquen mesurar la percepci\u00f3 ciutadana sobre els serveis p\u00fablics i el seu nivell d&#8217;accessibilitat a la informaci\u00f3 governamental.<\/p>\n\n\n\n<p>Han valorat factors i serveis com l&#8217;educaci\u00f3, el condicionament de carrers i zones urbanes o les instal\u00b7lacions p\u00fabliques com la piscina o el poliesportiu. \u201cEntre els resultats a destacar observem la necessitat d&#8217;oci juvenil i hem comen\u00e7ant per implementar la primera edici\u00f3 d&#8217;una escola de pasqua sostenible per a adolescents a l&#8217;Escola Bosco de Godelleta\u201d, destaca l&#8217;alcaldessa.<\/p>\n\n\n\n<p>L&#8217;estudi s&#8217;ha enfocat a poder captar el p\u00fablic m\u00e0ximament variat de tot el terme municipal, podent detectar el major nombre de necessitats de la poblaci\u00f3. Aix\u00ed, Marr\u00f3 afig: \u201cAix\u00f2 ens ajuda a continuar millorant i coneixent all\u00f2 que la ciutadania requereix perqu\u00e8 puguem avan\u00e7ar di\u00e0riament a millorar la qualitat de vida i el benestar\u201d.<\/p>\n\n\n\n<p>D&#8217;aquesta manera, el pr\u00f2xim 22 de maig, l&#8217;alcaldessa assistir\u00e0 a la seu de la Federaci\u00f3 Espanyola de Municipis i Prov\u00edncies, on tindr\u00e0 lloc la gala amb la pres\u00e8ncia dels m\u00e0xims responsables de les institucions col\u00b7laboradores i la Secret\u00e0ria d&#8217;Estat de Funci\u00f3 P\u00fablica, com s\u00f3n el President del Consell de Transpar\u00e8ncia i Bon Govern, el President de l&#8217;Ag\u00e8ncia Espanyola de Protecci\u00f3 de Dades i el President de l&#8217;Autoritat independent de Protecci\u00f3 de l&#8217;Informant.<a><\/a><\/p>\n","protected":false},"excerpt":{"rendered":"<div class=\"mh-excerpt\">El premi \u00e9s organitzat per RAGA, la Xarxa Acad\u00e8mica de Govern Obert, en aquesta segona edici\u00f3 en la qual es premia la transpar\u00e8ncia local. L&#8217;Ajuntament de Godelleta va presentar el projecte &#8220;Bar\u00f2metre de Serveis P\u00fablics <a class=\"mh-excerpt-more\" href=\"https:\/\/www.tucomarca.com\/wordpress\/segunda\/ca\/godelleta-rep-el-premi-audac-a-la-millor-bona-practica-en-materia-de-transparencia\/\" title=\"Godelleta rep el premi AUDA\u00c7 a la &#8220;millor bona pr\u00e0ctica&#8221; en mat\u00e8ria de transpar\u00e8ncia\">[+] <\/a><\/div>\n","protected":false},"author":12,"featured_media":264810,"comment_status":"open","ping_status":"open","sticky":false,"template":"","format":"standard","meta":{"footnotes":""},"categories":[10977,10894,10912,10947,10896],"tags":[11087,10914,22285,22286,12621],"class_list":{"0":"post-264811","1":"post","2":"type-post","3":"status-publish","4":"format-standard","5":"has-post-thumbnail","7":"category-godelleta-ca","8":"category-la-comarca-ca","9":"category-la-hoya-ca","10":"category-politica","11":"category-seccion-ca","12":"tag-godelleta-ca","13":"tag-la-hoya-de-bunol-chiva-ca","14":"tag-premio-audaz-ca","15":"tag-red-academica-de-gobierno-abierto-ca","16":"tag-transparencia-ca"},"_links":{"self":[{"href":"https:\/\/www.tucomarca.com\/wordpress\/segunda\/ca\/wp-json\/wp\/v2\/posts\/264811","targetHints":{"allow":["GET"]}}],"collection":[{"href":"https:\/\/www.tucomarca.com\/wordpress\/segunda\/ca\/wp-json\/wp\/v2\/posts"}],"about":[{"href":"https:\/\/www.tucomarca.com\/wordpress\/segunda\/ca\/wp-json\/wp\/v2\/types\/post"}],"author":[{"embeddable":true,"href":"https:\/\/www.tucomarca.com\/wordpress\/segunda\/ca\/wp-json\/wp\/v2\/users\/12"}],"replies":[{"embeddable":true,"href":"https:\/\/www.tucomarca.com\/wordpress\/segunda\/ca\/wp-json\/wp\/v2\/comments?post=264811"}],"version-history":[{"count":0,"href":"https:\/\/www.tucomarca.com\/wordpress\/segunda\/ca\/wp-json\/wp\/v2\/posts\/264811\/revisions"}],"wp:featuredmedia":[{"embeddable":true,"href":"https:\/\/www.tucomarca.com\/wordpress\/segunda\/ca\/wp-json\/wp\/v2\/media\/264810"}],"wp:attachment":[{"href":"https:\/\/www.tucomarca.com\/wordpress\/segunda\/ca\/wp-json\/wp\/v2\/media?parent=264811"}],"wp:term":[{"taxonomy":"category","embeddable":true,"href":"https:\/\/www.tucomarca.com\/wordpress\/segunda\/ca\/wp-json\/wp\/v2\/categories?post=264811"},{"taxonomy":"post_tag","embeddable":true,"href":"https:\/\/www.tucomarca.com\/wordpress\/segunda\/ca\/wp-json\/wp\/v2\/tags?post=264811"}],"curies":[{"name":"wp","href":"https:\/\/api.w.org\/{rel}","templated":true}]}}