{"id":264824,"date":"2025-05-08T13:30:00","date_gmt":"2025-05-08T11:30:00","guid":{"rendered":"https:\/\/www.tucomarca.com\/wordpress\/segunda\/?p=264824"},"modified":"2025-05-08T19:21:28","modified_gmt":"2025-05-08T17:21:28","slug":"la-diputacio-elaborara-un-pla-estrategic-per-a-la-promocio-economica-a-lentorn-de-la-mancomunidad-de-la-foia-de-bunyol-xiva","status":"publish","type":"post","link":"https:\/\/www.tucomarca.com\/wordpress\/segunda\/ca\/la-diputacio-elaborara-un-pla-estrategic-per-a-la-promocio-economica-a-lentorn-de-la-mancomunidad-de-la-foia-de-bunyol-xiva\/","title":{"rendered":"La Diputaci\u00f3 elaborar\u00e0 un pla estrat\u00e8gic per a la promoci\u00f3 econ\u00f2mica a l&#8217;entorn de la mancomunidad de la Foia de Bunyol-Xiva"},"content":{"rendered":"\n<h3 class=\"wp-block-heading\">El diputat de Desenvolupament Territorial Sostenible, Avelino Mascarell, es reunix amb alcaldes i t\u00e8cnics de la comarca per a anunciar l&#8217;elaboraci\u00f3 d&#8217;un pla de desenrotllament comarcal a curt i mitj\u00e0 termini.<\/h3>\n\n\n\n<h3 class=\"wp-block-heading\">El treball ser\u00e0 a c\u00e0rrec d\u2019una consultora especialitzada que coordinar\u00e0 processos participatius amb els agents econ\u00f2mics i socials de la zona.<\/h3>\n\n\n\n<p>El diputat de Desenvolupament Territorial Sostenible, Avelino Mascarell, ha anunciat la pr\u00f2xima elaboraci\u00f3 d&#8217;un pla d&#8217;actuaci\u00f3 per als municipis de la mancomunitat la Foia de Bunyol-Xiva, que arreplegue una estrat\u00e8gia per a promoure el desenrotllament de la comarca, territori que presenta una marcada dualitat entre municipis amb elevada ruralitat i risc de despoblaci\u00f3, i altres localitats amb major poblaci\u00f3 i activitats econ\u00f2miques m\u00e9s diversificades.<\/p>\n\n\n\n<figure class=\"wp-block-gallery has-nested-images columns-default is-cropped wp-block-gallery-1 is-layout-flex wp-block-gallery-is-layout-flex\">\n<figure class=\"wp-block-image size-large\"><img loading=\"lazy\" decoding=\"async\" width=\"1024\" height=\"650\" data-id=\"264821\" src=\"https:\/\/www.tucomarca.com\/wordpress\/segunda\/wp-content\/uploads\/2025\/05\/DipuPlan_Hoya3-1024x650.jpg\" alt=\"\" class=\"wp-image-264821\" srcset=\"https:\/\/www.tucomarca.com\/wordpress\/segunda\/wp-content\/uploads\/2025\/05\/DipuPlan_Hoya3-1024x650.jpg 1024w, https:\/\/www.tucomarca.com\/wordpress\/segunda\/wp-content\/uploads\/2025\/05\/DipuPlan_Hoya3-300x190.jpg 300w, https:\/\/www.tucomarca.com\/wordpress\/segunda\/wp-content\/uploads\/2025\/05\/DipuPlan_Hoya3-768x488.jpg 768w, https:\/\/www.tucomarca.com\/wordpress\/segunda\/wp-content\/uploads\/2025\/05\/DipuPlan_Hoya3-1536x975.jpg 1536w, https:\/\/www.tucomarca.com\/wordpress\/segunda\/wp-content\/uploads\/2025\/05\/DipuPlan_Hoya3-2048x1300.jpg 2048w\" sizes=\"auto, (max-width: 1024px) 100vw, 1024px\" \/><\/figure>\n\n\n\n<figure class=\"wp-block-image size-large\"><img loading=\"lazy\" decoding=\"async\" width=\"1024\" height=\"681\" data-id=\"264819\" src=\"https:\/\/www.tucomarca.com\/wordpress\/segunda\/wp-content\/uploads\/2025\/05\/DipuPlan_Hoya2-1024x681.jpg\" alt=\"\" class=\"wp-image-264819\" srcset=\"https:\/\/www.tucomarca.com\/wordpress\/segunda\/wp-content\/uploads\/2025\/05\/DipuPlan_Hoya2-1024x681.jpg 1024w, https:\/\/www.tucomarca.com\/wordpress\/segunda\/wp-content\/uploads\/2025\/05\/DipuPlan_Hoya2-300x200.jpg 300w, https:\/\/www.tucomarca.com\/wordpress\/segunda\/wp-content\/uploads\/2025\/05\/DipuPlan_Hoya2-768x511.jpg 768w, https:\/\/www.tucomarca.com\/wordpress\/segunda\/wp-content\/uploads\/2025\/05\/DipuPlan_Hoya2-1536x1022.jpg 1536w, https:\/\/www.tucomarca.com\/wordpress\/segunda\/wp-content\/uploads\/2025\/05\/DipuPlan_Hoya2-2048x1363.jpg 2048w\" sizes=\"auto, (max-width: 1024px) 100vw, 1024px\" \/><\/figure>\n<\/figure>\n\n\n\n<p>Aix\u00ed, Mascarell, responsable tamb\u00e9 de les \u00e0rees de Medi Ambient i Prevenci\u00f3 de Riscos Forestals, ha avan\u00e7at els punts clau del pla en una jornada de treball que ha tingut lloc en les instal\u00b7lacions de la Mancomunitat a Y\u00e1tova, juntament amb el seu president i alcalde de Dos Aguas, Toni D\u00edaz; i en la qual han participat alcaldes, regidors, i t\u00e8cnics ADL de la zona, aix\u00ed com personal t\u00e8cnic de la Diputaci\u00f3 de Val\u00e8ncia.&nbsp;<\/p>\n\n\n\n<p>El diputat ha explicat que \u201ceste pla estrat\u00e8gic atraur\u00e0 inversions, aprofitar\u00e0 el talent local i posar\u00e0 en valor les infraestructures i recursos d&#8217;esta comarca\u201d i ha incidit en qu\u00e8 \u201cl&#8217;objectiu \u00e9s fixar poblaci\u00f3 a l&#8217;interior de la prov\u00edncia, atraure i generar negocis que generen ocupaci\u00f3 i atraguen nous ve\u00efns, i assegurar un creixement econ\u00f2mic sostenible i estable en el temps&#8221;.<\/p>\n\n\n\n<p>Per part seua, el president de la Mancomunitat, Toni D\u00edaz, ha incidit en qu\u00e8 \u201cel suport de la Diputaci\u00f3 en la definici\u00f3 de les accions que ajuden a lluitar contra les dificultats de les persones, suposa un impuls fonamental per al desenrotllament de la comarca, i per tant, als municipis que la conformen\u201d<\/p>\n\n\n\n<p><strong>Metodologia de l&#8217;estudi<\/strong><\/p>\n\n\n\n<p>La consultora encarregada del desenvolupament del pla elaborar\u00e0 un estudi preliminar que arreplega dades econ\u00f2miques i demogr\u00e0fiques de la comarca, aix\u00ed com les seues infraestructures, servicis i altres recursos.<\/p>\n\n\n\n<p>De manera paral\u00b7lela, es recaptar\u00e0 informaci\u00f3 dels propis ajuntaments i es programaran jornades de treball amb agents de la zona, a nivell institucional i empresarial, per a establir les l\u00ednies mestres d&#8217;actuaci\u00f3.<\/p>\n\n\n\n<p>Tamb\u00e9 es duran a terme entrevistes personals amb ve\u00efns i ve\u00efnes dels municipis de la comarca, amb l&#8217;objectiu de completar el diagn\u00f2stic i la prioritzaci\u00f3 de les actuacions previstes.<\/p>\n\n\n\n<p>Una vegada recopilada tota la informaci\u00f3, i incorporat el contingut del proc\u00e9s participatiu, es procedir\u00e0 a l&#8217;elaboraci\u00f3 d&#8217;una s\u00e8rie de fitxes de projecte, jerarquitzades per import\u00e0ncia, i a la redacci\u00f3 definitiva del pla.<\/p>\n\n\n\n<p>L&#8217;elecci\u00f3 d&#8217;esta metodologia facilita el posterior seguiment del grau d&#8217;implantaci\u00f3 de les accions proposades, en establir des del principi els seus responsables, pressupostos i terminis d&#8217;execuci\u00f3, amb la finalitat de plantejar un full de ruta que done soluci\u00f3 efectiva a les necessitats detectades pels agents del territori.<\/p>\n","protected":false},"excerpt":{"rendered":"<div class=\"mh-excerpt\">El diputat de Desenvolupament Territorial Sostenible, Avelino Mascarell, es reunix amb alcaldes i t\u00e8cnics de la comarca per a anunciar l&#8217;elaboraci\u00f3 d&#8217;un pla de desenrotllament comarcal a curt i mitj\u00e0 termini. El treball ser\u00e0 a <a class=\"mh-excerpt-more\" href=\"https:\/\/www.tucomarca.com\/wordpress\/segunda\/ca\/la-diputacio-elaborara-un-pla-estrategic-per-a-la-promocio-economica-a-lentorn-de-la-mancomunidad-de-la-foia-de-bunyol-xiva\/\" title=\"La Diputaci\u00f3 elaborar\u00e0 un pla estrat\u00e8gic per a la promoci\u00f3 econ\u00f2mica a l&#8217;entorn de la mancomunidad de la Foia de Bunyol-Xiva\">[+] <\/a><\/div>\n","protected":false},"author":12,"featured_media":264818,"comment_status":"open","ping_status":"open","sticky":false,"template":"","format":"standard","meta":{"footnotes":""},"categories":[10898,10980,10948,10894,10912,10903,10947,10896],"tags":[11246,11514,13769],"class_list":{"0":"post-264824","1":"post","2":"type-post","3":"status-publish","4":"format-standard","5":"has-post-thumbnail","7":"category-ventana-ca","8":"category-yatova-ca","9":"category-infraestructuras-ca","10":"category-la-comarca-ca","11":"category-la-hoya-ca","12":"category-medio-ambiente-la-comarca-ca","13":"category-politica","14":"category-seccion-ca","15":"tag-diputacio-de-valencia-ca","16":"tag-mancomunidad-de-la-hoya-de-bunol-chiva-ca","17":"tag-promocion-economica-ca"},"_links":{"self":[{"href":"https:\/\/www.tucomarca.com\/wordpress\/segunda\/ca\/wp-json\/wp\/v2\/posts\/264824","targetHints":{"allow":["GET"]}}],"collection":[{"href":"https:\/\/www.tucomarca.com\/wordpress\/segunda\/ca\/wp-json\/wp\/v2\/posts"}],"about":[{"href":"https:\/\/www.tucomarca.com\/wordpress\/segunda\/ca\/wp-json\/wp\/v2\/types\/post"}],"author":[{"embeddable":true,"href":"https:\/\/www.tucomarca.com\/wordpress\/segunda\/ca\/wp-json\/wp\/v2\/users\/12"}],"replies":[{"embeddable":true,"href":"https:\/\/www.tucomarca.com\/wordpress\/segunda\/ca\/wp-json\/wp\/v2\/comments?post=264824"}],"version-history":[{"count":0,"href":"https:\/\/www.tucomarca.com\/wordpress\/segunda\/ca\/wp-json\/wp\/v2\/posts\/264824\/revisions"}],"wp:featuredmedia":[{"embeddable":true,"href":"https:\/\/www.tucomarca.com\/wordpress\/segunda\/ca\/wp-json\/wp\/v2\/media\/264818"}],"wp:attachment":[{"href":"https:\/\/www.tucomarca.com\/wordpress\/segunda\/ca\/wp-json\/wp\/v2\/media?parent=264824"}],"wp:term":[{"taxonomy":"category","embeddable":true,"href":"https:\/\/www.tucomarca.com\/wordpress\/segunda\/ca\/wp-json\/wp\/v2\/categories?post=264824"},{"taxonomy":"post_tag","embeddable":true,"href":"https:\/\/www.tucomarca.com\/wordpress\/segunda\/ca\/wp-json\/wp\/v2\/tags?post=264824"}],"curies":[{"name":"wp","href":"https:\/\/api.w.org\/{rel}","templated":true}]}}