{"id":264873,"date":"2025-05-08T20:10:00","date_gmt":"2025-05-08T18:10:00","guid":{"rendered":"https:\/\/www.tucomarca.com\/wordpress\/segunda\/?p=264873"},"modified":"2025-05-08T21:20:32","modified_gmt":"2025-05-08T19:20:32","slug":"benaguasil-millora-la-seua-mobilitat-amb-noves-linies-dautobus","status":"publish","type":"post","link":"https:\/\/www.tucomarca.com\/wordpress\/segunda\/ca\/benaguasil-millora-la-seua-mobilitat-amb-noves-linies-dautobus\/","title":{"rendered":"Benaguasil millora la seua mobilitat amb noves l\u00ednies d&#8217;autob\u00fas"},"content":{"rendered":"\n<h3 class=\"wp-block-heading\">Connectaran Benaguasil amb l&#8217;Hospital de Ll\u00edria, el centre comercial L&#8217;Osset i Val\u00e8ncia.<\/h3>\n\n\n\n<p>Benaguasil disposar\u00e0 des de dem\u00e0 d&#8217;un nou servei d&#8217;autob\u00fas gestionat per l&#8217;Autoritat del Transport Metropolit\u00e0 de Val\u00e8ncia (ATMV) que facilitar\u00e0 la connexi\u00f3 amb diversos municipis de la comarca, aix\u00ed com amb l&#8217;hospital de Ll\u00edria i amb el centre comercial de l&#8217;Osset.<br>El nou servei est\u00e0 conformat per tres l\u00ednies.<br>D&#8217;una banda la l\u00ednia 134B Vilamarxant-Benaguasil- Ll\u00edria que donar\u00e0 servei als ve\u00efns i ve\u00efnes a l&#8217;hospital de Lliria,\u00a0<br>D&#8217;altra banda la l\u00ednia 146B discorrer\u00e0 per dins del municipi i donar\u00e0 servei per a poder arribar des de Benaguasil al Centre Comercial L&#8217;Osset i a Val\u00e8ncia.\u00a0<br>Finalment la nova l\u00ednia nocturna, la 145N, unir\u00e0 el municipi amb Val\u00e8ncia els divendres, dissabtes i vespres de festius, proporcionant a la ciutadania una alternativa de transport segura i eficient.<br>L&#8217;alcalde, Ximo Segarra, ha destacat la import\u00e0ncia de comptar amb aquest nou servei que fa uns mesos va sol\u00b7licitar a la ATVM en la reuni\u00f3 mantinguda amb el seu gerent. En aquest sentit ha assenyalat que \u201cgr\u00e0cies a la Generalitat Valenciana Benaguasil comptar\u00e0 amb un nou servei de transport p\u00fablic que donar\u00e0 major i millor cobertura al municipi i permetr\u00e0 cobrir les inquietuds de la poblaci\u00f3\u201d.<br>El pas per parada en temps real i tota la informaci\u00f3 sobre les l\u00ednies de l&#8217;\u00c0rea Metropolitana de Val\u00e8ncia est\u00e0 disponible en la web Met Go Val\u00e8ncia.<\/p>\n","protected":false},"excerpt":{"rendered":"<div class=\"mh-excerpt\">Connectaran Benaguasil amb l&#8217;Hospital de Ll\u00edria, el centre comercial L&#8217;Osset i Val\u00e8ncia. Benaguasil disposar\u00e0 des de dem\u00e0 d&#8217;un nou servei d&#8217;autob\u00fas gestionat per l&#8217;Autoritat del Transport Metropolit\u00e0 de Val\u00e8ncia (ATMV) que facilitar\u00e0 la connexi\u00f3 amb <a class=\"mh-excerpt-more\" href=\"https:\/\/www.tucomarca.com\/wordpress\/segunda\/ca\/benaguasil-millora-la-seua-mobilitat-amb-noves-linies-dautobus\/\" title=\"Benaguasil millora la seua mobilitat amb noves l\u00ednies d&#8217;autob\u00fas\">[+] <\/a><\/div>\n","protected":false},"author":1,"featured_media":264871,"comment_status":"open","ping_status":"open","sticky":false,"template":"","format":"standard","meta":{"footnotes":""},"categories":[10952,10892,10948,10894,10947,10896],"tags":[16720,11136,10899],"class_list":{"0":"post-264873","1":"post","2":"type-post","3":"status-publish","4":"format-standard","5":"has-post-thumbnail","7":"category-benaguasil-ca","8":"category-camp-de-turia-ca","9":"category-infraestructuras-ca","10":"category-la-comarca-ca","11":"category-politica","12":"category-seccion-ca","13":"tag-autobus-ca","14":"tag-benaguasil-ca","15":"tag-camp-de-turia-ca"},"_links":{"self":[{"href":"https:\/\/www.tucomarca.com\/wordpress\/segunda\/ca\/wp-json\/wp\/v2\/posts\/264873","targetHints":{"allow":["GET"]}}],"collection":[{"href":"https:\/\/www.tucomarca.com\/wordpress\/segunda\/ca\/wp-json\/wp\/v2\/posts"}],"about":[{"href":"https:\/\/www.tucomarca.com\/wordpress\/segunda\/ca\/wp-json\/wp\/v2\/types\/post"}],"author":[{"embeddable":true,"href":"https:\/\/www.tucomarca.com\/wordpress\/segunda\/ca\/wp-json\/wp\/v2\/users\/1"}],"replies":[{"embeddable":true,"href":"https:\/\/www.tucomarca.com\/wordpress\/segunda\/ca\/wp-json\/wp\/v2\/comments?post=264873"}],"version-history":[{"count":0,"href":"https:\/\/www.tucomarca.com\/wordpress\/segunda\/ca\/wp-json\/wp\/v2\/posts\/264873\/revisions"}],"wp:featuredmedia":[{"embeddable":true,"href":"https:\/\/www.tucomarca.com\/wordpress\/segunda\/ca\/wp-json\/wp\/v2\/media\/264871"}],"wp:attachment":[{"href":"https:\/\/www.tucomarca.com\/wordpress\/segunda\/ca\/wp-json\/wp\/v2\/media?parent=264873"}],"wp:term":[{"taxonomy":"category","embeddable":true,"href":"https:\/\/www.tucomarca.com\/wordpress\/segunda\/ca\/wp-json\/wp\/v2\/categories?post=264873"},{"taxonomy":"post_tag","embeddable":true,"href":"https:\/\/www.tucomarca.com\/wordpress\/segunda\/ca\/wp-json\/wp\/v2\/tags?post=264873"}],"curies":[{"name":"wp","href":"https:\/\/api.w.org\/{rel}","templated":true}]}}