{"id":264925,"date":"2025-05-09T12:00:00","date_gmt":"2025-05-09T10:00:00","guid":{"rendered":"https:\/\/www.tucomarca.com\/wordpress\/segunda\/?p=264925"},"modified":"2025-05-09T14:59:24","modified_gmt":"2025-05-09T12:59:24","slug":"la-mancomunitat-interior-tierra-del-vino-desenvolupa-el-nou-projecte-adaptt-per-als-anys-2025-i-2026","status":"publish","type":"post","link":"https:\/\/www.tucomarca.com\/wordpress\/segunda\/ca\/la-mancomunitat-interior-tierra-del-vino-desenvolupa-el-nou-projecte-adaptt-per-als-anys-2025-i-2026\/","title":{"rendered":"La Mancomunitat Interior Tierra del Vino desenvolupa el nou Projecte Adapt@+t per als anys 2025 i 2026"},"content":{"rendered":"\n<h3 class=\"wp-block-heading\">Adapt@+t \u00e9s el Projecte d&#8217;Ocupaci\u00f3, Emprenedoria, Economia social i Desenvolupament local que naix dins de l&#8217;Acord Territorial en Mat\u00e8ria d&#8217;Ocupaci\u00f3 i Desenvolupament Local participatiu i sostenible de la Mancomunitat de l&#8217;Interior Tierra del Vino (MITV) i est\u00e0 subvencionat per la Conselleria d&#8217;Economia Sostenible, Sectors Productius, Comer\u00e7 i Treball en la Comunitat Valenciana.<\/h3>\n\n\n\n<p>L&#8217;objectiu d&#8217;aquest nou projecte \u00e9s impulsar el desenvolupament econ\u00f2mic comarcal a trav\u00e9s de la implementaci\u00f3 d&#8217;accions que responguen a les necessitats reals tant de demandants d&#8217;ocupaci\u00f3 com d&#8217;empresaris i organitzacions. Tot aix\u00f2 per a millorar les condicions d&#8217;ocupaci\u00f3, formaci\u00f3, emprenedoria i mercat.<\/p>\n\n\n\n<p>Aquestes accions aborden la intermediaci\u00f3 laboral a mesura, per a acostar a les empreses i demandants d&#8217;ocupaci\u00f3 de la comarca; l&#8217;impuls cap a l&#8217;ocupaci\u00f3; orientant, acompanyant i proporcionant coneixements actualitzats sobre les \u00faltimes eines i recursos disponibles a les persones desocupades i el foment de l&#8217;emprenedoria.<\/p>\n\n\n\n<p>Una altra de les accions clau d&#8217;aquest nou projecte 2025 \u2013 2026, l&#8217;acci\u00f3 cont\u00ednua del qual amb les l\u00ednies marcades en el per\u00edode anterior, \u00e9s l&#8217;enfortiment empresarial en comer\u00e7, turisme i agricultura. Tot aix\u00f2 per a millorar la competitivitat del comer\u00e7 de proximitat i fomentar i enfortir aquests negocis; desenvolupar la destinaci\u00f3 tur\u00edstica Tierra Bobal i enfortir la marca, aix\u00ed com contribuir a la millora del sector agroalimentari. Tot aix\u00f2 amb les mires posades en el desenvolupament econ\u00f2mic i social del territori.<\/p>\n\n\n\n<p>D&#8217;altra banda, Adapt@+t 2025-2026 la comunicaci\u00f3, que treballar\u00e0 de manera transversal donant a con\u00e9ixer tot el que possibilite el foment de l&#8217;ocupaci\u00f3, la formaci\u00f3, la promoci\u00f3 econ\u00f2mica, la vertebraci\u00f3 i la corresponsabilitat empresarial a trav\u00e9s de la divulgaci\u00f3 i difusi\u00f3 de les diferents accions.<\/p>\n\n\n\n<p>Adapt@+t centra aix\u00ed les seues accions en les necessitats espec\u00edfiques del territori, tant aquelles detectades en el diagn\u00f2stic a partir de les dades quantitatives, com les aportades per les entitats integrants de l&#8217;Acord territorial per a l&#8217;ocupaci\u00f3 i el desenvolupament local (AETDL) i d&#8217;altres agents econ\u00f2mics del territori.<\/p>\n\n\n\n<p>En definitiva, es mant\u00e9 la necessitat d&#8217;abordar els dos grans reptes de la comarca: El social i demogr\u00e0fic i el canvi de model econ\u00f2mic.<\/p>\n\n\n\n<p>El Projecte d&#8217;Ocupaci\u00f3, Emprenedoria, Economia social i Desenvolupament local Adapt@+t naix dins del pla AVALEM TERRITORI i l&#8217;\u00e0mbit d&#8217;execuci\u00f3 del mateix est\u00e0 circumscrit al territori de les d\u00e8nou entitats signants de l&#8217;Acord Territorial en mat\u00e8ria d&#8217;Ocupaci\u00f3 i Desenvolupament de la Mancomunitat de l&#8217;Interior Tierra del Vino, totes elles pertanyents als nou municipis que componen la comarca: Camporrobles, Caudete de las Fuentes, Xera, Fuenterrobles, Requena, Sinarques, Utiel, Venta del Moro i Villargordo del Cabriel.<\/p>\n\n\n\n<p><\/p>\n","protected":false},"excerpt":{"rendered":"<div class=\"mh-excerpt\">Adapt@+t \u00e9s el Projecte d&#8217;Ocupaci\u00f3, Emprenedoria, Economia social i Desenvolupament local que naix dins de l&#8217;Acord Territorial en Mat\u00e8ria d&#8217;Ocupaci\u00f3 i Desenvolupament Local participatiu i sostenible de la Mancomunitat de l&#8217;Interior Tierra del Vino (MITV) <a class=\"mh-excerpt-more\" href=\"https:\/\/www.tucomarca.com\/wordpress\/segunda\/ca\/la-mancomunitat-interior-tierra-del-vino-desenvolupa-el-nou-projecte-adaptt-per-als-anys-2025-i-2026\/\" title=\"La Mancomunitat Interior Tierra del Vino desenvolupa el nou Projecte Adapt@+t per als anys 2025 i 2026\">[+] <\/a><\/div>\n","protected":false},"author":12,"featured_media":264924,"comment_status":"open","ping_status":"open","sticky":false,"template":"","format":"standard","meta":{"footnotes":""},"categories":[11031,11032,11054,11055,10948,10894,10903,10947,10908,10909,10896,11058,11059,11060,11061],"tags":[20458,18105,10910,12388],"class_list":{"0":"post-264925","1":"post","2":"type-post","3":"status-publish","4":"format-standard","5":"has-post-thumbnail","7":"category-camporrobles-ca","8":"category-caudete-ca","9":"category-chera-ca","10":"category-fuenterrobles-ca","11":"category-infraestructuras-ca","12":"category-la-comarca-ca","13":"category-medio-ambiente-la-comarca-ca","14":"category-politica","15":"category-requena-ca","16":"category-requena-utiel-ca","17":"category-seccion-ca","18":"category-sinarcas-ca","19":"category-utiel-ca","20":"category-venta-del-moro-ca","21":"category-villargordo-del-cabriel-ca","22":"tag-adaptt-ca","23":"tag-mancomunidad-interior-tierra-del-vino-ca","24":"tag-requena-utiel-ca","25":"tag-tierra-bobal-ca"},"_links":{"self":[{"href":"https:\/\/www.tucomarca.com\/wordpress\/segunda\/ca\/wp-json\/wp\/v2\/posts\/264925","targetHints":{"allow":["GET"]}}],"collection":[{"href":"https:\/\/www.tucomarca.com\/wordpress\/segunda\/ca\/wp-json\/wp\/v2\/posts"}],"about":[{"href":"https:\/\/www.tucomarca.com\/wordpress\/segunda\/ca\/wp-json\/wp\/v2\/types\/post"}],"author":[{"embeddable":true,"href":"https:\/\/www.tucomarca.com\/wordpress\/segunda\/ca\/wp-json\/wp\/v2\/users\/12"}],"replies":[{"embeddable":true,"href":"https:\/\/www.tucomarca.com\/wordpress\/segunda\/ca\/wp-json\/wp\/v2\/comments?post=264925"}],"version-history":[{"count":0,"href":"https:\/\/www.tucomarca.com\/wordpress\/segunda\/ca\/wp-json\/wp\/v2\/posts\/264925\/revisions"}],"wp:featuredmedia":[{"embeddable":true,"href":"https:\/\/www.tucomarca.com\/wordpress\/segunda\/ca\/wp-json\/wp\/v2\/media\/264924"}],"wp:attachment":[{"href":"https:\/\/www.tucomarca.com\/wordpress\/segunda\/ca\/wp-json\/wp\/v2\/media?parent=264925"}],"wp:term":[{"taxonomy":"category","embeddable":true,"href":"https:\/\/www.tucomarca.com\/wordpress\/segunda\/ca\/wp-json\/wp\/v2\/categories?post=264925"},{"taxonomy":"post_tag","embeddable":true,"href":"https:\/\/www.tucomarca.com\/wordpress\/segunda\/ca\/wp-json\/wp\/v2\/tags?post=264925"}],"curies":[{"name":"wp","href":"https:\/\/api.w.org\/{rel}","templated":true}]}}