{"id":265117,"date":"2025-05-10T21:00:00","date_gmt":"2025-05-10T19:00:00","guid":{"rendered":"https:\/\/www.tucomarca.com\/wordpress\/segunda\/?p=265117"},"modified":"2025-05-11T13:18:31","modified_gmt":"2025-05-11T11:18:31","slug":"el-cd-bunol-vuelve-a-tercera-division","status":"publish","type":"post","link":"https:\/\/www.tucomarca.com\/wordpress\/segunda\/ca\/el-cd-bunol-vuelve-a-tercera-division\/","title":{"rendered":"El CD Bunyol ascendeix a Tercera Divisi\u00f3 deu anys despr\u00e9s"},"content":{"rendered":"\n<h3 class=\"wp-block-heading\">El Club Esportiu Bunyol ascendeix a Tercera Divisi\u00f3, deu anys despr\u00e9s, despr\u00e9s de v\u00e9ncer al Riba-roja de T\u00faria CF per 2 gols a 0 i proclamar-se campi\u00f3 del grup nord de la Lliga Comunitat la temporada 2024-25.<\/h3>\n\n\n\n<figure class=\"wp-block-image size-full\"><img loading=\"lazy\" decoding=\"async\" width=\"945\" height=\"630\" src=\"http:\/\/www.tucomarca.com\/wordpress\/segunda\/wp-content\/uploads\/2025\/05\/CDBunolATercera.jpg\" alt=\"\" class=\"wp-image-265104\" srcset=\"https:\/\/www.tucomarca.com\/wordpress\/segunda\/wp-content\/uploads\/2025\/05\/CDBunolATercera.jpg 945w, https:\/\/www.tucomarca.com\/wordpress\/segunda\/wp-content\/uploads\/2025\/05\/CDBunolATercera-300x200.jpg 300w, https:\/\/www.tucomarca.com\/wordpress\/segunda\/wp-content\/uploads\/2025\/05\/CDBunolATercera-768x512.jpg 768w\" sizes=\"auto, (max-width: 945px) 100vw, 945px\" \/><\/figure>\n\n\n\n<p>El <strong>Club Esportiu Bunyol <\/strong>ha aconseguit aquest dissabte pujar a Tercera Divisi\u00f3; un dels somnis pels quals porta durament barallant quasi tota l&#8217;\u00faltima d\u00e8cada, concretament des de 2015, any en qu\u00e8 aconseguira el seu \u00faltim ascens de categoria en la qual es va mantindre tres temporades.<\/p>\n\n\n\n<p>I ho ha fet en gran: despr\u00e9s de proclamar-se campi\u00f3 del grup nord de la Lliga Comunitat en aquesta temporada 2024-25 despr\u00e9s d&#8217;una dura, renyida i igualada campanya en els llocs de cap, en els quals s&#8217;ha mantingut pr\u00e0cticament durant la totalitat de la temporada en pugna directa amb altres grans equips com el <strong>CD Recanvis Col\u00f3n<\/strong>, el <strong>CD Onda<\/strong> o el <strong>CD Acer<\/strong>; i ocupant el lideratge des de la pen\u00faltima jornada.<\/p>\n\n\n\n<p>Un equip que, com el mateix president del club, <strong>Nicol\u00e1s Galarza<\/strong>, ha recordat a <strong>tucomarca.com<\/strong>, &#8220;es mereixia l&#8217;ascens des de fa molt temps, per al que s&#8217;ha lluitat molt i per fi s&#8217;ha aconseguit. El futbol ens la devia i ens l&#8217;ha donada&#8221;, ressaltava emocionat el president durant la celebraci\u00f3 posterior al partit en el centre del camp.<\/p>\n\n\n\n<p>Un acenso que arriba a m\u00e9s en una temporada per a l&#8217;equip tamb\u00e9 molt complicada, com els jugadors han confessat a <strong>tucomarca.com<\/strong>, &#8220;en haver de canviar de camp per la substituci\u00f3 de la gespa o per com ens ha afectat la DANA&#8221;; encara que l&#8217;entrenador, <strong>Alejandro Sant Isidre<\/strong>, ha volgut sobretot ressaltar d&#8217;enguany al capdavant de la banqueta blanca &#8220;el suport incondicional i extraordinari d&#8217;una afici\u00f3 com \u00e9s la del Bunyol&#8221;.<\/p>\n\n\n\n<p><strong>Gol de Jon\u00e1s en el minut 6<\/strong><\/p>\n\n\n\n<p>El partit, jugat en la renovada gespa del Beltr\u00e1n B\u00e1guena amb unes graderies a vessar d&#8217;aficionats, entre els quals no ha faltat el suport incondicional del <strong>Front Bu\u00f1olarra<\/strong>, s&#8217;ha posat molt de cara per al CD Bunyol, at\u00e9s que <strong>Jon\u00e1s<\/strong> ha inaugurat el llumin\u00f3s en un primerenc minut 6 amb el seu gol; al qual en el minut 25 s&#8217;ha sumat el punt de <strong>Toni<\/strong>, per a anar-se al descans amb un gener\u00f3s 2 a zero a favor dels locals, marcador que ja no es mouria fins a final del partit.<\/p>\n\n\n\n<p><strong>Un campi\u00f3 amb ascens directe a Tercera<\/strong><\/p>\n\n\n\n<p>El CD Bunyol ha tornat a proclamar-se campi\u00f3 de lliga despr\u00e9s que ja ho fera la passada temporada 2019-2020; aix\u00ed com en la 2020-21; encara que del seu \u00faltim ascens a Tercera Divisi\u00f3 (el quart) cal remuntar-se a l&#8217;any 2015 ja que malgrat quedar campi\u00f3 el acenso llavors no es produ\u00efa de manera directa.<\/p>\n\n\n\n<p>No obstant aix\u00f2, les normes de la Federaci\u00f3 de Futbol de la Comunitat Valenciana han variat i aquesta temporada ja s&#8217;havia determinat que, igual que en l&#8217;anterior quan es va modificar la categoria i es va superar la tradicionalment coneguda com a Regional Preferent per a inaugurar-se la Lliga Comunitat, en el grup de la qual nord va quedar enquadrat el CD Bunyol i on a partir de llavors es va determinar que el va campejar de cada campanya pujaria de manera directa a Tercera Divisi\u00f3.<\/p>\n\n\n\n<p>Aquest ha sigut el cas aquest any del CD Bunyol que ha aconseguit al\u00e7ar-se amb la Copa de campi\u00f3 despr\u00e9s de 30 jornades disputades en les quals ha sumat 55 punts, un m\u00e9s que el subcampi\u00f3, que ha sigut el <strong>CD Onda<\/strong> i que no ha pogut superar als blancs gr\u00e0cies a la vict\u00f2ria d&#8217;aquests enfront del <strong>Riba-roja CF<\/strong> i al no aconseguir passar de l&#8217;empat en el seu partit. El <strong>CD Recanvis Col\u00f3n Catarroja<\/strong> completa com a tercer el quadre d&#8217;honor d&#8217;aquesta temporada.<\/p>\n\n\n\n<p><strong>Eixida al balc\u00f3 i visita a Sant Llu\u00eds<\/strong><\/p>\n\n\n\n<p>Despr\u00e9s de la celebraci\u00f3 en el <strong>Beltr\u00e1n B\u00e1guena<\/strong> i com s&#8217;ha convertit ja en una tradici\u00f3 durant tots els ascensos, <a href=\"https:\/\/www.tucomarca.com\/wordpress\/segunda\/ca\/fotogaleria-asi-han-celebrado-los-jugadores-cuerpo-tecnico-directiva-y-aficion-del-cd-bunol-su-ansiado-y-esforzado-ascenso-a-tercera-division\/\">jugadors, directiva i aficionats s&#8217;han traslladat fins a l&#8217;ajuntament<\/a>, on han sigut rebuts per l&#8217;alcaldessa, <strong>Virginia Sanz<\/strong>; aix\u00ed com pel regidor d&#8217;Esports, <strong>Ulisses Araujo<\/strong>; i, de manera excepcional, pel diputat provincial de l&#8217;\u00e0rea d&#8217;Administraci\u00f3 General i Bandes de M\u00fasica a m\u00e9s d&#8217;alcalde d&#8217;Utiel, <strong>Ricardo Gabald\u00f3n<\/strong>. Posteriorment, jugadors, cos t\u00e8cnic i autoritats han eixit al balc\u00f3 per a gaudir tots junts de l&#8217;\u00e8xit aconseguit al costat dels aficionats.<\/p>\n\n\n\n<p>Poc despr\u00e9s, la comitiva s&#8217;ha traslladat fins al Parc de <strong>Sant Llu\u00eds<\/strong>, on han mostrat el t\u00edtol al patr\u00f3 de la localitat, <strong>Sant Llu\u00eds Beltr\u00e1n<\/strong>, en un gest d&#8217;agra\u00efment i devoci\u00f3 que ha posat el fermall d&#8217;or a una jornada hist\u00f2rica per al club i per a tot Bunyol.<\/p>\n\n\n\n<p>Des de <strong>tucomarca.com<\/strong> volem traslladar tant a jugadors, com a la directiva i tota l&#8217;afici\u00f3 la nostra efusiva enhorabona per la consecuci\u00f3 d&#8217;un campionat i ascens tan \u00e0mpliament barallat com merescut.<\/p>\n\n\n\n<p>Pots gaudir punxant <a href=\"https:\/\/www.tucomarca.com\/wordpress\/segunda\/ca\/fotogaleria-asi-han-celebrado-los-jugadores-cuerpo-tecnico-directiva-y-aficion-del-cd-bunol-su-ansiado-y-esforzado-ascenso-a-tercera-division\/\">ac\u00ed<\/a> d&#8217;una \u00e0mplia fotogaler\u00eda de la celebraci\u00f3.<\/p>\n\n\n\n<p>Informa: <strong>M. A. Pall\u00e1s<\/strong><\/p>\n\n\n\n<p>Fotos: <strong>A. Pall\u00e1s<\/strong> y <strong>P. Ferrer.<\/strong><\/p>\n\n\n\n<figure class=\"wp-block-gallery has-nested-images columns-1 is-cropped wp-block-gallery-1 is-layout-flex wp-block-gallery-is-layout-flex\">\n<figure class=\"wp-block-image size-large\"><img loading=\"lazy\" decoding=\"async\" width=\"945\" height=\"630\" data-id=\"265114\" src=\"https:\/\/www.tucomarca.com\/wordpress\/segunda\/wp-content\/uploads\/2025\/05\/CDBunolATercera0.jpg\" alt=\"\" class=\"wp-image-265114\" srcset=\"https:\/\/www.tucomarca.com\/wordpress\/segunda\/wp-content\/uploads\/2025\/05\/CDBunolATercera0.jpg 945w, https:\/\/www.tucomarca.com\/wordpress\/segunda\/wp-content\/uploads\/2025\/05\/CDBunolATercera0-300x200.jpg 300w, https:\/\/www.tucomarca.com\/wordpress\/segunda\/wp-content\/uploads\/2025\/05\/CDBunolATercera0-768x512.jpg 768w\" sizes=\"auto, (max-width: 945px) 100vw, 945px\" \/><\/figure>\n\n\n\n<figure class=\"wp-block-image size-large\"><img loading=\"lazy\" decoding=\"async\" width=\"945\" height=\"630\" data-id=\"265111\" src=\"https:\/\/www.tucomarca.com\/wordpress\/segunda\/wp-content\/uploads\/2025\/05\/CDBunolATercera5.jpg\" alt=\"\" class=\"wp-image-265111\" srcset=\"https:\/\/www.tucomarca.com\/wordpress\/segunda\/wp-content\/uploads\/2025\/05\/CDBunolATercera5.jpg 945w, https:\/\/www.tucomarca.com\/wordpress\/segunda\/wp-content\/uploads\/2025\/05\/CDBunolATercera5-300x200.jpg 300w, https:\/\/www.tucomarca.com\/wordpress\/segunda\/wp-content\/uploads\/2025\/05\/CDBunolATercera5-768x512.jpg 768w\" sizes=\"auto, (max-width: 945px) 100vw, 945px\" \/><\/figure>\n\n\n\n<figure class=\"wp-block-image size-large\"><img loading=\"lazy\" decoding=\"async\" width=\"945\" height=\"603\" data-id=\"265109\" src=\"https:\/\/www.tucomarca.com\/wordpress\/segunda\/wp-content\/uploads\/2025\/05\/CDBunolATercera4.jpg\" alt=\"\" class=\"wp-image-265109\" srcset=\"https:\/\/www.tucomarca.com\/wordpress\/segunda\/wp-content\/uploads\/2025\/05\/CDBunolATercera4.jpg 945w, https:\/\/www.tucomarca.com\/wordpress\/segunda\/wp-content\/uploads\/2025\/05\/CDBunolATercera4-300x191.jpg 300w, https:\/\/www.tucomarca.com\/wordpress\/segunda\/wp-content\/uploads\/2025\/05\/CDBunolATercera4-768x490.jpg 768w\" sizes=\"auto, (max-width: 945px) 100vw, 945px\" \/><\/figure>\n\n\n\n<figure class=\"wp-block-image size-large\"><img loading=\"lazy\" decoding=\"async\" width=\"945\" height=\"630\" data-id=\"265107\" src=\"https:\/\/www.tucomarca.com\/wordpress\/segunda\/wp-content\/uploads\/2025\/05\/CDBunolATercera3.jpg\" alt=\"\" class=\"wp-image-265107\" srcset=\"https:\/\/www.tucomarca.com\/wordpress\/segunda\/wp-content\/uploads\/2025\/05\/CDBunolATercera3.jpg 945w, https:\/\/www.tucomarca.com\/wordpress\/segunda\/wp-content\/uploads\/2025\/05\/CDBunolATercera3-300x200.jpg 300w, https:\/\/www.tucomarca.com\/wordpress\/segunda\/wp-content\/uploads\/2025\/05\/CDBunolATercera3-768x512.jpg 768w\" sizes=\"auto, (max-width: 945px) 100vw, 945px\" \/><\/figure>\n\n\n\n<figure class=\"wp-block-image size-large\"><img loading=\"lazy\" decoding=\"async\" width=\"945\" height=\"630\" data-id=\"265105\" src=\"https:\/\/www.tucomarca.com\/wordpress\/segunda\/wp-content\/uploads\/2025\/05\/CDBunolATercera2.jpg\" alt=\"\" class=\"wp-image-265105\" srcset=\"https:\/\/www.tucomarca.com\/wordpress\/segunda\/wp-content\/uploads\/2025\/05\/CDBunolATercera2.jpg 945w, https:\/\/www.tucomarca.com\/wordpress\/segunda\/wp-content\/uploads\/2025\/05\/CDBunolATercera2-300x200.jpg 300w, https:\/\/www.tucomarca.com\/wordpress\/segunda\/wp-content\/uploads\/2025\/05\/CDBunolATercera2-768x512.jpg 768w\" sizes=\"auto, (max-width: 945px) 100vw, 945px\" \/><\/figure>\n<\/figure>\n\n\n\n<figure class=\"wp-block-image size-full\"><img loading=\"lazy\" decoding=\"async\" width=\"945\" height=\"532\" src=\"https:\/\/www.tucomarca.com\/wordpress\/segunda\/wp-content\/uploads\/2025\/05\/CDBunolATercera7.jpg\" alt=\"\" class=\"wp-image-265134\" srcset=\"https:\/\/www.tucomarca.com\/wordpress\/segunda\/wp-content\/uploads\/2025\/05\/CDBunolATercera7.jpg 945w, https:\/\/www.tucomarca.com\/wordpress\/segunda\/wp-content\/uploads\/2025\/05\/CDBunolATercera7-300x169.jpg 300w, https:\/\/www.tucomarca.com\/wordpress\/segunda\/wp-content\/uploads\/2025\/05\/CDBunolATercera7-768x432.jpg 768w, https:\/\/www.tucomarca.com\/wordpress\/segunda\/wp-content\/uploads\/2025\/05\/CDBunolATercera7-678x381.jpg 678w\" sizes=\"auto, (max-width: 945px) 100vw, 945px\" \/><\/figure>\n\n\n\n<figure class=\"wp-block-image size-full\"><img loading=\"lazy\" decoding=\"async\" width=\"945\" height=\"532\" src=\"https:\/\/www.tucomarca.com\/wordpress\/segunda\/wp-content\/uploads\/2025\/05\/CDBunolATercera6.jpg\" alt=\"\" class=\"wp-image-265132\" srcset=\"https:\/\/www.tucomarca.com\/wordpress\/segunda\/wp-content\/uploads\/2025\/05\/CDBunolATercera6.jpg 945w, https:\/\/www.tucomarca.com\/wordpress\/segunda\/wp-content\/uploads\/2025\/05\/CDBunolATercera6-300x169.jpg 300w, https:\/\/www.tucomarca.com\/wordpress\/segunda\/wp-content\/uploads\/2025\/05\/CDBunolATercera6-768x432.jpg 768w, https:\/\/www.tucomarca.com\/wordpress\/segunda\/wp-content\/uploads\/2025\/05\/CDBunolATercera6-678x381.jpg 678w\" sizes=\"auto, (max-width: 945px) 100vw, 945px\" \/><\/figure>\n","protected":false},"excerpt":{"rendered":"<div class=\"mh-excerpt\">El Club Esportiu Bunyol ascendeix a Tercera Divisi\u00f3, deu anys despr\u00e9s, despr\u00e9s de v\u00e9ncer al Riba-roja de T\u00faria CF per 2 gols a 0 i proclamar-se campi\u00f3 del grup nord de la Lliga Comunitat la <a class=\"mh-excerpt-more\" href=\"https:\/\/www.tucomarca.com\/wordpress\/segunda\/ca\/el-cd-bunol-vuelve-a-tercera-division\/\" title=\"El CD Bunyol ascendeix a Tercera Divisi\u00f3 deu anys despr\u00e9s\">[+] <\/a><\/div>\n","protected":false},"author":1,"featured_media":265104,"comment_status":"open","ping_status":"open","sticky":false,"template":"","format":"gallery","meta":{"footnotes":""},"categories":[10911,11015,11003,10898,10894,10904,10912,10896],"tags":[22297,17168,10913,11126,11075,10914,22298,13606,14916],"class_list":{"0":"post-265117","1":"post","2":"type-post","3":"status-publish","4":"format-gallery","5":"has-post-thumbnail","7":"category-bunol-ca","8":"category-canal-futbol","9":"category-sports","10":"category-ventana-ca","11":"category-la-comarca-ca","12":"category-sin-categorizar-ca","13":"category-la-hoya-ca","14":"category-seccion-ca","15":"tag-2024-25-ca","16":"tag-ascenso-ca","17":"tag-bunol-ca","18":"tag-cd-bunol-ca","19":"tag-futbol-ca","20":"tag-la-hoya-de-bunol-chiva-ca","21":"tag-lliga-comunitat-ca","22":"tag-tercera-ca","23":"tag-tercera-division-ca","24":"post_format-post-format-gallery"},"_links":{"self":[{"href":"https:\/\/www.tucomarca.com\/wordpress\/segunda\/ca\/wp-json\/wp\/v2\/posts\/265117","targetHints":{"allow":["GET"]}}],"collection":[{"href":"https:\/\/www.tucomarca.com\/wordpress\/segunda\/ca\/wp-json\/wp\/v2\/posts"}],"about":[{"href":"https:\/\/www.tucomarca.com\/wordpress\/segunda\/ca\/wp-json\/wp\/v2\/types\/post"}],"author":[{"embeddable":true,"href":"https:\/\/www.tucomarca.com\/wordpress\/segunda\/ca\/wp-json\/wp\/v2\/users\/1"}],"replies":[{"embeddable":true,"href":"https:\/\/www.tucomarca.com\/wordpress\/segunda\/ca\/wp-json\/wp\/v2\/comments?post=265117"}],"version-history":[{"count":0,"href":"https:\/\/www.tucomarca.com\/wordpress\/segunda\/ca\/wp-json\/wp\/v2\/posts\/265117\/revisions"}],"wp:featuredmedia":[{"embeddable":true,"href":"https:\/\/www.tucomarca.com\/wordpress\/segunda\/ca\/wp-json\/wp\/v2\/media\/265104"}],"wp:attachment":[{"href":"https:\/\/www.tucomarca.com\/wordpress\/segunda\/ca\/wp-json\/wp\/v2\/media?parent=265117"}],"wp:term":[{"taxonomy":"category","embeddable":true,"href":"https:\/\/www.tucomarca.com\/wordpress\/segunda\/ca\/wp-json\/wp\/v2\/categories?post=265117"},{"taxonomy":"post_tag","embeddable":true,"href":"https:\/\/www.tucomarca.com\/wordpress\/segunda\/ca\/wp-json\/wp\/v2\/tags?post=265117"}],"curies":[{"name":"wp","href":"https:\/\/api.w.org\/{rel}","templated":true}]}}