{"id":265261,"date":"2025-05-10T17:15:00","date_gmt":"2025-05-10T15:15:00","guid":{"rendered":"https:\/\/www.tucomarca.com\/wordpress\/segunda\/?p=265261"},"modified":"2025-05-12T00:21:57","modified_gmt":"2025-05-11T22:21:57","slug":"turisme-cv-obri-aquest-dilluns-la-inscripcio-al-programa-bono-viaje-recuperem-turisme-2025-dirigit-a-persones-damnificades-per-les-riuades","status":"publish","type":"post","link":"https:\/\/www.tucomarca.com\/wordpress\/segunda\/ca\/turisme-cv-obri-aquest-dilluns-la-inscripcio-al-programa-bono-viaje-recuperem-turisme-2025-dirigit-a-persones-damnificades-per-les-riuades\/","title":{"rendered":"Turisme CV obri aquest dilluns la inscripci\u00f3 al programa Bono Viaje \u2018Recuperem Turisme\u2019 2025 dirigit a persones damnificades per les riuades"},"content":{"rendered":"\n<h3 class=\"wp-block-heading\">El termini d&#8217;inscripci\u00f3 s&#8217;inicia el 12 de maig a les 10 hores i finalitzar\u00e0 el 28 de novembre de 2025 a trav\u00e9s d&#8217;https:\/\/bonoviajecv25.gva.es.\u00a0<\/h3>\n\n\n\n<h3 class=\"wp-block-heading\">L&#8217;import de l&#8217;ajuda cobrir\u00e0 el 100% del cost de la reserva amb un m\u00e0xim de 350 euros i amb una estada m\u00ednima de dues nits consecutives en un establiment tur\u00edstic de la Comunitat Valenciana.<\/h3>\n\n\n\n<h3 class=\"wp-block-heading\">Mari\u00e1n Cano afirma que \u201cel prop\u00f2sit \u00e9s apostar per un turisme que sana, que reconstrueix vincles, que activa l&#8217;economia i que genera il\u00b7lusi\u00f3\u201d.<\/h3>\n\n\n\n<h3 class=\"wp-block-heading\">El Bo \u2018Recuperem Turisme\u2019, dotat amb 5,1 milions d&#8217;euros, aconseguir\u00e0 a prop de 17.000 beneficiaris.<\/h3>\n\n\n\n<p>Turisme Comunitat Valenciana obri aquest dilluns la sol\u00b7licitud de cita pr\u00e8via per al programa Bono Viaje \u2018Recuperem Turisme\u2019 2025 dirigit a persones damnificades per les riuades, i que aconseguir\u00e0 a al voltant de 17.000 beneficiaris residents en m\u00e9s d&#8217;un centenar de localitats de la prov\u00edncia de Val\u00e8ncia que van ser afectades, aix\u00ed com algunes pedanies de Val\u00e8ncia.<\/p>\n\n\n\n<p>D&#8217;aquesta manera, i segons indica la resoluci\u00f3 de la convocat\u00f2ria d&#8217;aquestes ajudes publicada en el&nbsp;DOGV divendres passat 9 de maig, el termini d&#8217;inscripci\u00f3 s&#8217;inicia el 12 de maig a les 10 hores i finalitzar\u00e0 el 28 de novembre de 2025, i les sol\u00b7licituds es presentaran de forma exclusivament telem\u00e0tica en la seu electr\u00f2nica de la Generalitat.<\/p>\n\n\n\n<p>En la&nbsp;web oficial del Bo Viatge&nbsp;estar\u00e0 disponible la informaci\u00f3 sobre aquestes ajudes i s&#8217;habilitar\u00e0 un acc\u00e9s a la seu electr\u00f2nica per a la sol\u00b7licitud d&#8217;inscripci\u00f3. Tamb\u00e9 es pot obtindre m\u00e9s informaci\u00f3 sobre el funcionament del Bo Viatge en&nbsp;aquesta p\u00e0gina web.<\/p>\n\n\n\n<p>La consellera d&#8217;Innovaci\u00f3, Ind\u00fastria, Comer\u00e7 i Turisme, Mari\u00e1n Cano, ha explicat que \u201ces tracta d&#8217;una iniciativa, dotada amb 5,1 milions d&#8217;euros, que t\u00e9 un doble prop\u00f2sit, facilitar als afectats per la dana l&#8217;acc\u00e9s a experi\u00e8ncies tur\u00edstiques que contribu\u00efsquen a la seua recuperaci\u00f3 personal i emocional, i al mateix temps, impulsar el turisme intern i fer costat al nostre teixit empresarial local\u201d.<\/p>\n\n\n\n<p>En aquesta l\u00ednia, la titular de Turisme ha manifestat que \u201cel nostre comprom\u00eds \u00e9s apostar per un turisme que sana, que reconstrueix vincles, que activa l&#8217;economia i que genera il\u00b7lusi\u00f3\u201d.<\/p>\n\n\n\n<p>Aix\u00ed mateix, la consellera ha recordat que \u201ctal com va indicar el President durant l&#8217;acte de presentaci\u00f3 d&#8217;aquesta iniciativa, sol\u00b7licitarem i exigir al Govern d&#8217;Espanya l&#8217;exempci\u00f3 tribut\u00e0ria d&#8217;aquest bo tur\u00edstic\u201d.<\/p>\n\n\n\n<p><strong>Bono Viatge \u2018Recuperem Turisme\u2019 2025<\/strong><\/p>\n\n\n\n<p>El programa est\u00e0 dirigit exclusivament a persones f\u00edsiques empadronades en algun dels municipis inclosos en l&#8217;annex I de la resoluci\u00f3 de la convocat\u00f2ria d&#8217;aquestes ajudes, els qui podran beneficiar-se d&#8217;una \u00fanica ajuda per a la contractaci\u00f3 de serveis tur\u00edstics dins del territori auton\u00f2mic.<\/p>\n\n\n\n<p>L&#8217;import de l&#8217;ajuda cobrir\u00e0 el 100% del cost de la reserva amb un m\u00e0xim de 350 euros i amb una estada m\u00ednima de dues nits consecutives en un establiment tur\u00edstic de la Comunitat Valenciana adherit al programa. A m\u00e9s, podran incloure&#8217;s altres serveis directament prestats per l&#8217;allotjament com a mitja pensi\u00f3, tractaments de salut i benestar, activitats esportives, excursions, animaci\u00f3 o aparcament.<\/p>\n\n\n\n<p>Els viatges hauran de gaudir-se entre el 26 de maig i el 22 de desembre de 2025, incloent-hi la temporada estival. L&#8217;ordre de concessi\u00f3 de les ajudes vindr\u00e0 determinat de moment en qu\u00e8 la sol\u00b7licitud estiga completa i validada, i es realitzaran controls de compliment durant tota la vig\u00e8ncia del programa.<\/p>\n\n\n\n<p>El procediment d&#8217;inscripci\u00f3 constar\u00e0 de dues fases: una primera de sol\u00b7licitud de cita pr\u00e8via (sense necessitat de signatura electr\u00f2nica) i una segona de formulaci\u00f3 de la sol\u00b7licitud d&#8217;inscripci\u00f3, que s\u00ed que requerir\u00e0 certificat digital. Les persones admeses rebran un codi promocional amb el qual hauran de formalitzar la seua reserva de serveis tur\u00edstics dins dels 10 dies h\u00e0bils seg\u00fcents.<\/p>\n\n\n\n<p>Per part seua, les ag\u00e8ncies de viatges i establiments d&#8217;allotjament tur\u00edstic interessats podran adherir-se al programa des del 12 de maig fins al 28 de novembre de 2025, tamb\u00e9 de manera telem\u00e0tica, a trav\u00e9s del portal del Bo&nbsp; Viatge. Podran participar tots aquells inscrits en el Registre de Turisme de la Comunitat Valenciana que complisquen amb els requisits de la convocat\u00f2ria.<\/p>\n","protected":false},"excerpt":{"rendered":"<div class=\"mh-excerpt\">El termini d&#8217;inscripci\u00f3 s&#8217;inicia el 12 de maig a les 10 hores i finalitzar\u00e0 el 28 de novembre de 2025 a trav\u00e9s d&#8217;https:\/\/bonoviajecv25.gva.es.\u00a0 L&#8217;import de l&#8217;ajuda cobrir\u00e0 el 100% del cost de la reserva amb <a class=\"mh-excerpt-more\" href=\"https:\/\/www.tucomarca.com\/wordpress\/segunda\/ca\/turisme-cv-obri-aquest-dilluns-la-inscripcio-al-programa-bono-viaje-recuperem-turisme-2025-dirigit-a-persones-damnificades-per-les-riuades\/\" title=\"Turisme CV obri aquest dilluns la inscripci\u00f3 al programa Bono Viaje \u2018Recuperem Turisme\u2019 2025 dirigit a persones damnificades per les riuades\">[+] <\/a><\/div>\n","protected":false},"author":12,"featured_media":265259,"comment_status":"open","ping_status":"open","sticky":false,"template":"","format":"standard","meta":{"footnotes":""},"categories":[11019,21466,10898,10948,10894,10904,10903,11007,10947,10896,10897],"tags":[15409,21789,15325,11199,12962],"class_list":{"0":"post-265261","1":"post","2":"type-post","3":"status-publish","4":"format-standard","5":"has-post-thumbnail","7":"category-agenda-ca","8":"category-dana-ca","9":"category-ventana-ca","10":"category-infraestructuras-ca","11":"category-la-comarca-ca","12":"category-sin-categorizar-ca","13":"category-medio-ambiente-la-comarca-ca","14":"category-ocio-y-cultura-ca","15":"category-politica","16":"category-seccion-ca","17":"category-sucesos-la-comarca-ca","18":"tag-dana-2-ca","19":"tag-generalitat-ca","20":"tag-gva-ca","21":"tag-la-comunitat-ca","22":"tag-turismo-ca"},"_links":{"self":[{"href":"https:\/\/www.tucomarca.com\/wordpress\/segunda\/ca\/wp-json\/wp\/v2\/posts\/265261","targetHints":{"allow":["GET"]}}],"collection":[{"href":"https:\/\/www.tucomarca.com\/wordpress\/segunda\/ca\/wp-json\/wp\/v2\/posts"}],"about":[{"href":"https:\/\/www.tucomarca.com\/wordpress\/segunda\/ca\/wp-json\/wp\/v2\/types\/post"}],"author":[{"embeddable":true,"href":"https:\/\/www.tucomarca.com\/wordpress\/segunda\/ca\/wp-json\/wp\/v2\/users\/12"}],"replies":[{"embeddable":true,"href":"https:\/\/www.tucomarca.com\/wordpress\/segunda\/ca\/wp-json\/wp\/v2\/comments?post=265261"}],"version-history":[{"count":0,"href":"https:\/\/www.tucomarca.com\/wordpress\/segunda\/ca\/wp-json\/wp\/v2\/posts\/265261\/revisions"}],"wp:featuredmedia":[{"embeddable":true,"href":"https:\/\/www.tucomarca.com\/wordpress\/segunda\/ca\/wp-json\/wp\/v2\/media\/265259"}],"wp:attachment":[{"href":"https:\/\/www.tucomarca.com\/wordpress\/segunda\/ca\/wp-json\/wp\/v2\/media?parent=265261"}],"wp:term":[{"taxonomy":"category","embeddable":true,"href":"https:\/\/www.tucomarca.com\/wordpress\/segunda\/ca\/wp-json\/wp\/v2\/categories?post=265261"},{"taxonomy":"post_tag","embeddable":true,"href":"https:\/\/www.tucomarca.com\/wordpress\/segunda\/ca\/wp-json\/wp\/v2\/tags?post=265261"}],"curies":[{"name":"wp","href":"https:\/\/api.w.org\/{rel}","templated":true}]}}