{"id":265295,"date":"2025-05-12T10:00:00","date_gmt":"2025-05-12T08:00:00","guid":{"rendered":"https:\/\/www.tucomarca.com\/wordpress\/segunda\/?p=265295"},"modified":"2025-05-12T18:44:07","modified_gmt":"2025-05-12T16:44:07","slug":"la-mancomunitat-foia-de-bunyol-xiva-inicia-les-sessions-del-curs-per-a-persones-cuidadores-no-professionals","status":"publish","type":"post","link":"https:\/\/www.tucomarca.com\/wordpress\/segunda\/ca\/la-mancomunitat-foia-de-bunyol-xiva-inicia-les-sessions-del-curs-per-a-persones-cuidadores-no-professionals\/","title":{"rendered":"La Mancomunitat Foia de Bunyol-Xiva inicia les sessions del curs per a persones cuidadores no professionals"},"content":{"rendered":"\n<p>La iniciativa, organitzada per l&#8217;\u00e0rea de Serveis Socials de la Mancomunitat, i promoguda per la Conselleria de Serveis Socials, es desenvolupa durant els mesos de maig i juny en la seu de la Mancomunitat a I\u00e0tova.<\/p>\n\n\n\n<p>La Mancomunitat Foia de Bunyol-Xiva ha iniciat les sessions del curs de formaci\u00f3 per a Persones Cuidadores No Professionals, en col\u00b7laboraci\u00f3 amb la Conselleria de Serveis Socials, Igualtat i Habitatge. Aquesta activitat formativa es desenvolupa els dies 8, 15, 22 i 29 de maig i el 5 de juny, en horari de dem\u00e0, en les instal\u00b7lacions de la pr\u00f2pia Mancomunitat.<\/p>\n\n\n\n<p>L&#8217;objectiu principal d&#8217;aquesta formaci\u00f3 \u00e9s oferir coneixements b\u00e0sics que ajuden a millorar l&#8217;atenci\u00f3 soci-sanit\u00e0ria a persones en situaci\u00f3 de depend\u00e8ncia. A trav\u00e9s dels continguts, es pret\u00e9n capacitar a les persones cuidadores perqu\u00e8 apliquen procediments i estrat\u00e8gies adequades que promoguen l&#8217;autonomia personal de la persona dependent i afavorisquen les seues relacions amb l&#8217;entorn.<\/p>\n\n\n\n<p>Aix\u00ed mateix, les sessions inclouen informaci\u00f3 i orientaci\u00f3 sobre els recursos sociosanitaris disponibles, amb la finalitat de garantir una atenci\u00f3 integral, assist\u00e8ncia adequada i una vida el m\u00e9s aut\u00f2noma possible per als qui es troben en situaci\u00f3 de depend\u00e8ncia.<\/p>\n\n\n\n<p>La iniciativa est\u00e0 oberta a la participaci\u00f3 de persones cuidadores de tots els municipis que integren la Mancomunitat, tal com va ser aprovat per la presid\u00e8ncia, secretaria i l&#8217;equip de Serveis Socials de l&#8217;entitat.<\/p>\n\n\n\n<p>Els continguts del curs es divideixen en diferents \u00e0rees d&#8217;especialitzaci\u00f3:<\/p>\n\n\n\n<ol class=\"wp-block-list\">\n<li>Recursos existents i generaci\u00f3 de xarxes, a c\u00e0rrec de l&#8217;equip de Serveis Socials de la Mancomunitat.<\/li>\n\n\n\n<li>T\u00e8cniques fisioter\u00e0piques, mobilitzacions i habilitats per a l&#8217;atenci\u00f3 a persones dependents, impartides per l&#8217;equip de l&#8217;Aula Respir d&#8217;I\u00e0tova.<\/li>\n\n\n\n<li>Programa d&#8217;atenci\u00f3 a la malaltia mental en la Mancomunitat, desenvolupat per la Federaci\u00f3 Valenciana de Salut Mental.<\/li>\n\n\n\n<li>Atenci\u00f3 i recursos en diferents patologies de la discapacitat, a c\u00e0rrec de l&#8217;equip t\u00e8cnic de COCEMFE.<\/li>\n<\/ol>\n\n\n\n<p>Amb aquesta acci\u00f3 formativa, la Mancomunitat refor\u00e7a el seu comprom\u00eds amb el benestar de les persones cuidadores i dependents, impulsant recursos i coneixements que faciliten un entorn de cures m\u00e9s hum\u00e0, professionalitzat i efica\u00e7, conscients de la realitat que viuen les fam\u00edlies amb persones dependents al seu c\u00e0rrec.<\/p>\n\n\n\n<figure class=\"wp-block-image size-large\"><img loading=\"lazy\" decoding=\"async\" width=\"1024\" height=\"768\" src=\"http:\/\/www.tucomarca.com\/wordpress\/segunda\/wp-content\/uploads\/2025\/05\/Cursocuidadores-1024x768.jpeg\" alt=\"\" class=\"wp-image-265292\" srcset=\"https:\/\/www.tucomarca.com\/wordpress\/segunda\/wp-content\/uploads\/2025\/05\/Cursocuidadores-1024x768.jpeg 1024w, https:\/\/www.tucomarca.com\/wordpress\/segunda\/wp-content\/uploads\/2025\/05\/Cursocuidadores-300x225.jpeg 300w, https:\/\/www.tucomarca.com\/wordpress\/segunda\/wp-content\/uploads\/2025\/05\/Cursocuidadores-768x576.jpeg 768w, https:\/\/www.tucomarca.com\/wordpress\/segunda\/wp-content\/uploads\/2025\/05\/Cursocuidadores-1536x1152.jpeg 1536w, https:\/\/www.tucomarca.com\/wordpress\/segunda\/wp-content\/uploads\/2025\/05\/Cursocuidadores-678x509.jpeg 678w, https:\/\/www.tucomarca.com\/wordpress\/segunda\/wp-content\/uploads\/2025\/05\/Cursocuidadores-326x245.jpeg 326w, https:\/\/www.tucomarca.com\/wordpress\/segunda\/wp-content\/uploads\/2025\/05\/Cursocuidadores-80x60.jpeg 80w, https:\/\/www.tucomarca.com\/wordpress\/segunda\/wp-content\/uploads\/2025\/05\/Cursocuidadores.jpeg 1600w\" sizes=\"auto, (max-width: 1024px) 100vw, 1024px\" \/><\/figure>\n","protected":false},"excerpt":{"rendered":"<div class=\"mh-excerpt\">La iniciativa, organitzada per l&#8217;\u00e0rea de Serveis Socials de la Mancomunitat, i promoguda per la Conselleria de Serveis Socials, es desenvolupa durant els mesos de maig i juny en la seu de la Mancomunitat a <a class=\"mh-excerpt-more\" href=\"https:\/\/www.tucomarca.com\/wordpress\/segunda\/ca\/la-mancomunitat-foia-de-bunyol-xiva-inicia-les-sessions-del-curs-per-a-persones-cuidadores-no-professionals\/\" title=\"La Mancomunitat Foia de Bunyol-Xiva inicia les sessions del curs per a persones cuidadores no professionals\">[+] <\/a><\/div>\n","protected":false},"author":12,"featured_media":265291,"comment_status":"open","ping_status":"open","sticky":false,"template":"","format":"standard","meta":{"footnotes":""},"categories":[10980,10948,10894,10912,10947,10896],"tags":[10914,11514,22300,11141],"class_list":{"0":"post-265295","1":"post","2":"type-post","3":"status-publish","4":"format-standard","5":"has-post-thumbnail","7":"category-yatova-ca","8":"category-infraestructuras-ca","9":"category-la-comarca-ca","10":"category-la-hoya-ca","11":"category-politica","12":"category-seccion-ca","13":"tag-la-hoya-de-bunol-chiva-ca","14":"tag-mancomunidad-de-la-hoya-de-bunol-chiva-ca","15":"tag-personas-cuidadoras-no-profesionales-ca","16":"tag-yatova-ca"},"_links":{"self":[{"href":"https:\/\/www.tucomarca.com\/wordpress\/segunda\/ca\/wp-json\/wp\/v2\/posts\/265295","targetHints":{"allow":["GET"]}}],"collection":[{"href":"https:\/\/www.tucomarca.com\/wordpress\/segunda\/ca\/wp-json\/wp\/v2\/posts"}],"about":[{"href":"https:\/\/www.tucomarca.com\/wordpress\/segunda\/ca\/wp-json\/wp\/v2\/types\/post"}],"author":[{"embeddable":true,"href":"https:\/\/www.tucomarca.com\/wordpress\/segunda\/ca\/wp-json\/wp\/v2\/users\/12"}],"replies":[{"embeddable":true,"href":"https:\/\/www.tucomarca.com\/wordpress\/segunda\/ca\/wp-json\/wp\/v2\/comments?post=265295"}],"version-history":[{"count":0,"href":"https:\/\/www.tucomarca.com\/wordpress\/segunda\/ca\/wp-json\/wp\/v2\/posts\/265295\/revisions"}],"wp:featuredmedia":[{"embeddable":true,"href":"https:\/\/www.tucomarca.com\/wordpress\/segunda\/ca\/wp-json\/wp\/v2\/media\/265291"}],"wp:attachment":[{"href":"https:\/\/www.tucomarca.com\/wordpress\/segunda\/ca\/wp-json\/wp\/v2\/media?parent=265295"}],"wp:term":[{"taxonomy":"category","embeddable":true,"href":"https:\/\/www.tucomarca.com\/wordpress\/segunda\/ca\/wp-json\/wp\/v2\/categories?post=265295"},{"taxonomy":"post_tag","embeddable":true,"href":"https:\/\/www.tucomarca.com\/wordpress\/segunda\/ca\/wp-json\/wp\/v2\/tags?post=265295"}],"curies":[{"name":"wp","href":"https:\/\/api.w.org\/{rel}","templated":true}]}}