{"id":265303,"date":"2025-05-10T10:30:00","date_gmt":"2025-05-10T08:30:00","guid":{"rendered":"https:\/\/www.tucomarca.com\/wordpress\/segunda\/?p=265303"},"modified":"2025-05-12T18:42:07","modified_gmt":"2025-05-12T16:42:07","slug":"lajuntament-dutiel-es-reuneix-amb-la-comunitat-educativa-per-a-abordar-la-situacio-de-lies-albereda-i-altres-centres-implicats","status":"publish","type":"post","link":"https:\/\/www.tucomarca.com\/wordpress\/segunda\/ca\/lajuntament-dutiel-es-reuneix-amb-la-comunitat-educativa-per-a-abordar-la-situacio-de-lies-albereda-i-altres-centres-implicats\/","title":{"rendered":"L&#8217;Ajuntament d&#8217;Utiel es reuneix amb la comunitat educativa per a abordar la situaci\u00f3 de l&#8217;IES Albereda i altres centres implicats"},"content":{"rendered":"\n<h3 class=\"wp-block-heading\">A la trobada han assistit responsables municipals, representants de centres educatius i la inspecci\u00f3 de Conselleria d&#8217;Educaci\u00f3.<\/h3>\n\n\n\n<p>Aquest mat\u00ed, l&#8217;alcalde d&#8217;Utiel, Ricardo Gabald\u00f3n, la regidora d&#8217;educaci\u00f3, Carmina Febr\u00e9, i la comunitat educativa d&#8217;Utiel implicada en la reubicaci\u00f3 d&#8217;instal\u00b7lacions, han mantingut una nova reuni\u00f3 a l&#8217;ajuntament d&#8217;Utiel&nbsp; per a la presa de decisions i la coordinaci\u00f3 de futures actuacions.<\/p>\n\n\n\n<p>A la reuni\u00f3 han assistit responsables de l&#8217;equip directiu de l&#8217;Institut d&#8217;Educaci\u00f3 Secund\u00e0ria IES Alameda aix\u00ed com de la resta de centres educatius del municipi implicats i la inspecci\u00f3 de la Conselleria d&#8217;Educaci\u00f3, per a analitzar de manera conjunta les millors opcions de reubicaci\u00f3 de l&#8217;alumnat mentre es desenvolupa el projecte d&#8217;adequaci\u00f3 de les instal\u00b7lacions afectades per la DANA.<\/p>\n","protected":false},"excerpt":{"rendered":"<div class=\"mh-excerpt\">A la trobada han assistit responsables municipals, representants de centres educatius i la inspecci\u00f3 de Conselleria d&#8217;Educaci\u00f3. Aquest mat\u00ed, l&#8217;alcalde d&#8217;Utiel, Ricardo Gabald\u00f3n, la regidora d&#8217;educaci\u00f3, Carmina Febr\u00e9, i la comunitat educativa d&#8217;Utiel implicada en <a class=\"mh-excerpt-more\" href=\"https:\/\/www.tucomarca.com\/wordpress\/segunda\/ca\/lajuntament-dutiel-es-reuneix-amb-la-comunitat-educativa-per-a-abordar-la-situacio-de-lies-albereda-i-altres-centres-implicats\/\" title=\"L&#8217;Ajuntament d&#8217;Utiel es reuneix amb la comunitat educativa per a abordar la situaci\u00f3 de l&#8217;IES Albereda i altres centres implicats\">[+] <\/a><\/div>\n","protected":false},"author":12,"featured_media":265301,"comment_status":"open","ping_status":"open","sticky":false,"template":"","format":"standard","meta":{"footnotes":""},"categories":[21466,10948,10894,10904,10903,10947,10909,10896,10897,11059],"tags":[15409,22168,10910,11174],"class_list":{"0":"post-265303","1":"post","2":"type-post","3":"status-publish","4":"format-standard","5":"has-post-thumbnail","7":"category-dana-ca","8":"category-infraestructuras-ca","9":"category-la-comarca-ca","10":"category-sin-categorizar-ca","11":"category-medio-ambiente-la-comarca-ca","12":"category-politica","13":"category-requena-utiel-ca","14":"category-seccion-ca","15":"category-sucesos-la-comarca-ca","16":"category-utiel-ca","17":"tag-dana-2-ca","18":"tag-ies-alameda-de-utiel-ca","19":"tag-requena-utiel-ca","20":"tag-utiel-ca"},"_links":{"self":[{"href":"https:\/\/www.tucomarca.com\/wordpress\/segunda\/ca\/wp-json\/wp\/v2\/posts\/265303","targetHints":{"allow":["GET"]}}],"collection":[{"href":"https:\/\/www.tucomarca.com\/wordpress\/segunda\/ca\/wp-json\/wp\/v2\/posts"}],"about":[{"href":"https:\/\/www.tucomarca.com\/wordpress\/segunda\/ca\/wp-json\/wp\/v2\/types\/post"}],"author":[{"embeddable":true,"href":"https:\/\/www.tucomarca.com\/wordpress\/segunda\/ca\/wp-json\/wp\/v2\/users\/12"}],"replies":[{"embeddable":true,"href":"https:\/\/www.tucomarca.com\/wordpress\/segunda\/ca\/wp-json\/wp\/v2\/comments?post=265303"}],"version-history":[{"count":0,"href":"https:\/\/www.tucomarca.com\/wordpress\/segunda\/ca\/wp-json\/wp\/v2\/posts\/265303\/revisions"}],"wp:featuredmedia":[{"embeddable":true,"href":"https:\/\/www.tucomarca.com\/wordpress\/segunda\/ca\/wp-json\/wp\/v2\/media\/265301"}],"wp:attachment":[{"href":"https:\/\/www.tucomarca.com\/wordpress\/segunda\/ca\/wp-json\/wp\/v2\/media?parent=265303"}],"wp:term":[{"taxonomy":"category","embeddable":true,"href":"https:\/\/www.tucomarca.com\/wordpress\/segunda\/ca\/wp-json\/wp\/v2\/categories?post=265303"},{"taxonomy":"post_tag","embeddable":true,"href":"https:\/\/www.tucomarca.com\/wordpress\/segunda\/ca\/wp-json\/wp\/v2\/tags?post=265303"}],"curies":[{"name":"wp","href":"https:\/\/api.w.org\/{rel}","templated":true}]}}