{"id":265330,"date":"2025-05-11T10:00:00","date_gmt":"2025-05-11T08:00:00","guid":{"rendered":"https:\/\/www.tucomarca.com\/wordpress\/segunda\/?p=265330"},"modified":"2025-05-12T18:36:31","modified_gmt":"2025-05-12T16:36:31","slug":"els-populars-critiquen-que-el-psoe-de-riba-roja-converteix-un-acte-institucional-en-un-miting-contra-el-pp","status":"publish","type":"post","link":"https:\/\/www.tucomarca.com\/wordpress\/segunda\/ca\/els-populars-critiquen-que-el-psoe-de-riba-roja-converteix-un-acte-institucional-en-un-miting-contra-el-pp\/","title":{"rendered":"Els Populars critiquen que el PSOE de Riba-roja &#8220;converteix un acte institucional en un m\u00edting contra el PP&#8221;"},"content":{"rendered":"\n<h3 class=\"wp-block-heading\">&#8220;La Regidoria d&#8217;Igualtat organitza un esdeveniment pagat amb diners p\u00fablics que acaba en insults al Partit Popular, sense que l&#8217;edil socialista Raquel Pamblanco ho impedisca ni ho condemne p\u00fablicament&#8221;.<\/h3>\n\n\n\n<p>&#8220;El passat 9 de maig, l&#8217;Ajuntament de Riba-roja, a trav\u00e9s de la Regidoria d&#8217;Igualtat que dirigeix Raquel Pamblanco (PSOE), va organitzar en el Teatre Cervantes la projecci\u00f3 del curtmetratge Capitans, una obra sobre l&#8217;homof\u00f2bia en el futbol. No obstant aix\u00f2, la iniciativa institucional, finan\u00e7ada amb fons p\u00fablics, va derivar en un atac directe al Partit Popular, present a la sala amb diversos dels seus regidors, incl\u00f2s el seu portaveu Alberto Gimeno&#8221;, expliquen els Populars de Riba-roja.<\/p>\n\n\n\n<p>&#8220;Durant el col\u00b7loqui posterior, moderat per un c\u00e0rrec de confian\u00e7a del PSOE, el productor del curt, Jorge Acosta, va llan\u00e7ar una s\u00e8rie d&#8217;insults greus contra el PP, ratllant-lo de ser un partit que quan governa \u201cnom\u00e9s hi ha morts, la corrupci\u00f3 i el desfalc\u201d, entre altres comentaris despectius i impropis d&#8217;un f\u00f2rum institucional&#8221;, afegixen.<\/p>\n\n\n\n<p>&#8220;El m\u00e9s escandal\u00f3s no va anar nom\u00e9s l&#8217;agressivitat de les declaracions, sin\u00f3 la passivitat c\u00f2mplice de l&#8217;organitzaci\u00f3. El moderador no va frenar els atacs. La regidora d&#8217;Igualtat, responsable de l&#8217;acte, no va intervindre. I fins a la data, ning\u00fa de l&#8217;equip de govern socialista ha demanat disculpes p\u00fablicament ni ha condemnat l&#8217;ocorregut&#8221;.<\/p>\n\n\n\n<p>Des del Partit Popular denuncien el que consideren \u201cuna utilitzaci\u00f3 ideol\u00f2gica d&#8217;un esdeveniment p\u00fablic i exigeixen una rectificaci\u00f3 immediata. Pamblanco ens acusa de no assistir als actes de la seua \u00e0rea. Quan ho fem, se&#8217;ns insulta amb el seu consentiment\u201d, assenyalen fonts del grup municipal&#8221;.<\/p>\n\n\n\n<p>&#8220;L&#8217;esdeveniment, lluny de fomentar la conviv\u00e8ncia i el respecte entre ideologies, va ser transformat en un m\u00edting encobert que res va tindre a veure amb la igualtat que deia promoure&#8221;.&nbsp;<\/p>\n\n\n\n<p>&#8220;La neutralitat institucional, principi b\u00e0sic en qualsevol democr\u00e0cia, va quedar dinamitada pel sectarisme i la inacci\u00f3 dels qui havien de garantir-la. El PSOE de Riba-roja ha travessat una l\u00ednia perillosa en utilitzar espais institucionals per a atacar a l&#8217;adversari pol\u00edtic&#8221;, finalitzen des de la formaci\u00f3 pol\u00edtica.<\/p>\n","protected":false},"excerpt":{"rendered":"<div class=\"mh-excerpt\">&#8220;La Regidoria d&#8217;Igualtat organitza un esdeveniment pagat amb diners p\u00fablics que acaba en insults al Partit Popular, sense que l&#8217;edil socialista Raquel Pamblanco ho impedisca ni ho condemne p\u00fablicament&#8221;. &#8220;El passat 9 de maig, l&#8217;Ajuntament <a class=\"mh-excerpt-more\" href=\"https:\/\/www.tucomarca.com\/wordpress\/segunda\/ca\/els-populars-critiquen-que-el-psoe-de-riba-roja-converteix-un-acte-institucional-en-un-miting-contra-el-pp\/\" title=\"Els Populars critiquen que el PSOE de Riba-roja &#8220;converteix un acte institucional en un m\u00edting contra el PP&#8221;\">[+] <\/a><\/div>\n","protected":false},"author":12,"featured_media":265329,"comment_status":"open","ping_status":"open","sticky":false,"template":"","format":"standard","meta":{"footnotes":""},"categories":[10892,10894,10947,10906,10896],"tags":[10899,22305,22306,15024],"class_list":{"0":"post-265330","1":"post","2":"type-post","3":"status-publish","4":"format-standard","5":"has-post-thumbnail","7":"category-camp-de-turia-ca","8":"category-la-comarca-ca","9":"category-politica","10":"category-riba-roja-ca","11":"category-seccion-ca","12":"tag-camp-de-turia-ca","13":"tag-populares-riba-roja-ca","14":"tag-pp-riba-roja-ca","15":"tag-riba-roja-de-turia-ca"},"_links":{"self":[{"href":"https:\/\/www.tucomarca.com\/wordpress\/segunda\/ca\/wp-json\/wp\/v2\/posts\/265330","targetHints":{"allow":["GET"]}}],"collection":[{"href":"https:\/\/www.tucomarca.com\/wordpress\/segunda\/ca\/wp-json\/wp\/v2\/posts"}],"about":[{"href":"https:\/\/www.tucomarca.com\/wordpress\/segunda\/ca\/wp-json\/wp\/v2\/types\/post"}],"author":[{"embeddable":true,"href":"https:\/\/www.tucomarca.com\/wordpress\/segunda\/ca\/wp-json\/wp\/v2\/users\/12"}],"replies":[{"embeddable":true,"href":"https:\/\/www.tucomarca.com\/wordpress\/segunda\/ca\/wp-json\/wp\/v2\/comments?post=265330"}],"version-history":[{"count":0,"href":"https:\/\/www.tucomarca.com\/wordpress\/segunda\/ca\/wp-json\/wp\/v2\/posts\/265330\/revisions"}],"wp:featuredmedia":[{"embeddable":true,"href":"https:\/\/www.tucomarca.com\/wordpress\/segunda\/ca\/wp-json\/wp\/v2\/media\/265329"}],"wp:attachment":[{"href":"https:\/\/www.tucomarca.com\/wordpress\/segunda\/ca\/wp-json\/wp\/v2\/media?parent=265330"}],"wp:term":[{"taxonomy":"category","embeddable":true,"href":"https:\/\/www.tucomarca.com\/wordpress\/segunda\/ca\/wp-json\/wp\/v2\/categories?post=265330"},{"taxonomy":"post_tag","embeddable":true,"href":"https:\/\/www.tucomarca.com\/wordpress\/segunda\/ca\/wp-json\/wp\/v2\/tags?post=265330"}],"curies":[{"name":"wp","href":"https:\/\/api.w.org\/{rel}","templated":true}]}}