{"id":265525,"date":"2025-05-12T09:47:00","date_gmt":"2025-05-12T07:47:00","guid":{"rendered":"https:\/\/www.tucomarca.com\/wordpress\/segunda\/?p=265525"},"modified":"2025-05-12T22:40:30","modified_gmt":"2025-05-12T20:40:30","slug":"xest-inaugura-el-cicle-musica-a-la-primavera-2025-amb-els-concerts-de-la-banda-juvenil-i-del-tenor-chestano-mario-corberan","status":"publish","type":"post","link":"https:\/\/www.tucomarca.com\/wordpress\/segunda\/ca\/xest-inaugura-el-cicle-musica-a-la-primavera-2025-amb-els-concerts-de-la-banda-juvenil-i-del-tenor-chestano-mario-corberan\/","title":{"rendered":"Xest inaugura el cicle M\u00fasica a la primavera 2025 amb els concerts de la Banda Juvenil i del tenor chestano Mario Corber\u00e1n"},"content":{"rendered":"\n<p>El passat cap de setmana es va inaugurar el cicle de M\u00fasica a la primavera 2025 amb el concert de solistes de la Banda Juvenil La Lira de Xest, el dissabte, i l&#8217;espectacle \u201cSarsuela i can\u00e7\u00f3\u201d, amb el tenor chestano Mario Corber\u00e1n, el diumenge; tots dos celebrats en el Teatre Liceu.<\/p>\n\n\n\n<p><strong>Presentaci\u00f3 del cicle i concert de solistes<\/strong><\/p>\n\n\n\n<figure class=\"wp-block-gallery has-nested-images columns-2 is-cropped wp-block-gallery-1 is-layout-flex wp-block-gallery-is-layout-flex\">\n<figure class=\"wp-block-image size-large\"><img loading=\"lazy\" decoding=\"async\" width=\"1024\" height=\"682\" data-id=\"265497\" src=\"https:\/\/www.tucomarca.com\/wordpress\/segunda\/wp-content\/uploads\/2025\/05\/ChesteMusicaPrimavera02-1024x682.jpg\" alt=\"\" class=\"wp-image-265497\" srcset=\"https:\/\/www.tucomarca.com\/wordpress\/segunda\/wp-content\/uploads\/2025\/05\/ChesteMusicaPrimavera02-1024x682.jpg 1024w, https:\/\/www.tucomarca.com\/wordpress\/segunda\/wp-content\/uploads\/2025\/05\/ChesteMusicaPrimavera02-300x200.jpg 300w, https:\/\/www.tucomarca.com\/wordpress\/segunda\/wp-content\/uploads\/2025\/05\/ChesteMusicaPrimavera02-768x512.jpg 768w, https:\/\/www.tucomarca.com\/wordpress\/segunda\/wp-content\/uploads\/2025\/05\/ChesteMusicaPrimavera02.jpg 1181w\" sizes=\"auto, (max-width: 1024px) 100vw, 1024px\" \/><\/figure>\n\n\n\n<figure class=\"wp-block-image size-large\"><img loading=\"lazy\" decoding=\"async\" width=\"1024\" height=\"682\" data-id=\"265495\" src=\"https:\/\/www.tucomarca.com\/wordpress\/segunda\/wp-content\/uploads\/2025\/05\/ChesteMusicaPrimavera01-1024x682.jpg\" alt=\"\" class=\"wp-image-265495\" srcset=\"https:\/\/www.tucomarca.com\/wordpress\/segunda\/wp-content\/uploads\/2025\/05\/ChesteMusicaPrimavera01-1024x682.jpg 1024w, https:\/\/www.tucomarca.com\/wordpress\/segunda\/wp-content\/uploads\/2025\/05\/ChesteMusicaPrimavera01-300x200.jpg 300w, https:\/\/www.tucomarca.com\/wordpress\/segunda\/wp-content\/uploads\/2025\/05\/ChesteMusicaPrimavera01-768x512.jpg 768w, https:\/\/www.tucomarca.com\/wordpress\/segunda\/wp-content\/uploads\/2025\/05\/ChesteMusicaPrimavera01.jpg 1181w\" sizes=\"auto, (max-width: 1024px) 100vw, 1024px\" \/><\/figure>\n\n\n\n<figure class=\"wp-block-image size-large\"><img loading=\"lazy\" decoding=\"async\" width=\"1024\" height=\"682\" data-id=\"265499\" src=\"https:\/\/www.tucomarca.com\/wordpress\/segunda\/wp-content\/uploads\/2025\/05\/ChesteMusicaPrimavera03-1024x682.jpg\" alt=\"\" class=\"wp-image-265499\" srcset=\"https:\/\/www.tucomarca.com\/wordpress\/segunda\/wp-content\/uploads\/2025\/05\/ChesteMusicaPrimavera03-1024x682.jpg 1024w, https:\/\/www.tucomarca.com\/wordpress\/segunda\/wp-content\/uploads\/2025\/05\/ChesteMusicaPrimavera03-300x200.jpg 300w, https:\/\/www.tucomarca.com\/wordpress\/segunda\/wp-content\/uploads\/2025\/05\/ChesteMusicaPrimavera03-768x512.jpg 768w, https:\/\/www.tucomarca.com\/wordpress\/segunda\/wp-content\/uploads\/2025\/05\/ChesteMusicaPrimavera03.jpg 1181w\" sizes=\"auto, (max-width: 1024px) 100vw, 1024px\" \/><\/figure>\n\n\n\n<figure class=\"wp-block-image size-large\"><img loading=\"lazy\" decoding=\"async\" width=\"1024\" height=\"682\" data-id=\"265506\" src=\"https:\/\/www.tucomarca.com\/wordpress\/segunda\/wp-content\/uploads\/2025\/05\/ChesteMusicaPrimavera06-1024x682.jpg\" alt=\"\" class=\"wp-image-265506\" srcset=\"https:\/\/www.tucomarca.com\/wordpress\/segunda\/wp-content\/uploads\/2025\/05\/ChesteMusicaPrimavera06-1024x682.jpg 1024w, https:\/\/www.tucomarca.com\/wordpress\/segunda\/wp-content\/uploads\/2025\/05\/ChesteMusicaPrimavera06-300x200.jpg 300w, https:\/\/www.tucomarca.com\/wordpress\/segunda\/wp-content\/uploads\/2025\/05\/ChesteMusicaPrimavera06-768x512.jpg 768w, https:\/\/www.tucomarca.com\/wordpress\/segunda\/wp-content\/uploads\/2025\/05\/ChesteMusicaPrimavera06.jpg 1181w\" sizes=\"auto, (max-width: 1024px) 100vw, 1024px\" \/><\/figure>\n\n\n\n<figure class=\"wp-block-image size-large\"><img loading=\"lazy\" decoding=\"async\" width=\"1024\" height=\"682\" data-id=\"265508\" src=\"https:\/\/www.tucomarca.com\/wordpress\/segunda\/wp-content\/uploads\/2025\/05\/ChesteMusicaPrimavera07-1024x682.jpg\" alt=\"\" class=\"wp-image-265508\" srcset=\"https:\/\/www.tucomarca.com\/wordpress\/segunda\/wp-content\/uploads\/2025\/05\/ChesteMusicaPrimavera07-1024x682.jpg 1024w, https:\/\/www.tucomarca.com\/wordpress\/segunda\/wp-content\/uploads\/2025\/05\/ChesteMusicaPrimavera07-300x200.jpg 300w, https:\/\/www.tucomarca.com\/wordpress\/segunda\/wp-content\/uploads\/2025\/05\/ChesteMusicaPrimavera07-768x512.jpg 768w, https:\/\/www.tucomarca.com\/wordpress\/segunda\/wp-content\/uploads\/2025\/05\/ChesteMusicaPrimavera07.jpg 1181w\" sizes=\"auto, (max-width: 1024px) 100vw, 1024px\" \/><\/figure>\n\n\n\n<figure class=\"wp-block-image size-large\"><img loading=\"lazy\" decoding=\"async\" width=\"1024\" height=\"682\" data-id=\"265510\" src=\"https:\/\/www.tucomarca.com\/wordpress\/segunda\/wp-content\/uploads\/2025\/05\/ChesteMusicaPrimavera08-1024x682.jpg\" alt=\"\" class=\"wp-image-265510\" srcset=\"https:\/\/www.tucomarca.com\/wordpress\/segunda\/wp-content\/uploads\/2025\/05\/ChesteMusicaPrimavera08-1024x682.jpg 1024w, https:\/\/www.tucomarca.com\/wordpress\/segunda\/wp-content\/uploads\/2025\/05\/ChesteMusicaPrimavera08-300x200.jpg 300w, https:\/\/www.tucomarca.com\/wordpress\/segunda\/wp-content\/uploads\/2025\/05\/ChesteMusicaPrimavera08-768x512.jpg 768w, https:\/\/www.tucomarca.com\/wordpress\/segunda\/wp-content\/uploads\/2025\/05\/ChesteMusicaPrimavera08.jpg 1181w\" sizes=\"auto, (max-width: 1024px) 100vw, 1024px\" \/><\/figure>\n\n\n\n<figure class=\"wp-block-image size-large\"><img loading=\"lazy\" decoding=\"async\" width=\"1024\" height=\"682\" data-id=\"265512\" src=\"https:\/\/www.tucomarca.com\/wordpress\/segunda\/wp-content\/uploads\/2025\/05\/ChesteMusicaPrimavera09-1024x682.jpg\" alt=\"\" class=\"wp-image-265512\" srcset=\"https:\/\/www.tucomarca.com\/wordpress\/segunda\/wp-content\/uploads\/2025\/05\/ChesteMusicaPrimavera09-1024x682.jpg 1024w, https:\/\/www.tucomarca.com\/wordpress\/segunda\/wp-content\/uploads\/2025\/05\/ChesteMusicaPrimavera09-300x200.jpg 300w, https:\/\/www.tucomarca.com\/wordpress\/segunda\/wp-content\/uploads\/2025\/05\/ChesteMusicaPrimavera09-768x512.jpg 768w, https:\/\/www.tucomarca.com\/wordpress\/segunda\/wp-content\/uploads\/2025\/05\/ChesteMusicaPrimavera09.jpg 1181w\" sizes=\"auto, (max-width: 1024px) 100vw, 1024px\" \/><\/figure>\n\n\n\n<figure class=\"wp-block-image size-large\"><img loading=\"lazy\" decoding=\"async\" width=\"1024\" height=\"682\" data-id=\"265514\" src=\"https:\/\/www.tucomarca.com\/wordpress\/segunda\/wp-content\/uploads\/2025\/05\/ChesteMusicaPrimavera10-1024x682.jpg\" alt=\"\" class=\"wp-image-265514\" srcset=\"https:\/\/www.tucomarca.com\/wordpress\/segunda\/wp-content\/uploads\/2025\/05\/ChesteMusicaPrimavera10-1024x682.jpg 1024w, https:\/\/www.tucomarca.com\/wordpress\/segunda\/wp-content\/uploads\/2025\/05\/ChesteMusicaPrimavera10-300x200.jpg 300w, https:\/\/www.tucomarca.com\/wordpress\/segunda\/wp-content\/uploads\/2025\/05\/ChesteMusicaPrimavera10-768x512.jpg 768w, https:\/\/www.tucomarca.com\/wordpress\/segunda\/wp-content\/uploads\/2025\/05\/ChesteMusicaPrimavera10.jpg 1181w\" sizes=\"auto, (max-width: 1024px) 100vw, 1024px\" \/><\/figure>\n\n\n\n<figure class=\"wp-block-image size-large\"><img loading=\"lazy\" decoding=\"async\" width=\"1024\" height=\"682\" data-id=\"265516\" src=\"https:\/\/www.tucomarca.com\/wordpress\/segunda\/wp-content\/uploads\/2025\/05\/ChesteMusicaPrimavera11-1024x682.jpg\" alt=\"\" class=\"wp-image-265516\" srcset=\"https:\/\/www.tucomarca.com\/wordpress\/segunda\/wp-content\/uploads\/2025\/05\/ChesteMusicaPrimavera11-1024x682.jpg 1024w, https:\/\/www.tucomarca.com\/wordpress\/segunda\/wp-content\/uploads\/2025\/05\/ChesteMusicaPrimavera11-300x200.jpg 300w, https:\/\/www.tucomarca.com\/wordpress\/segunda\/wp-content\/uploads\/2025\/05\/ChesteMusicaPrimavera11-768x512.jpg 768w, https:\/\/www.tucomarca.com\/wordpress\/segunda\/wp-content\/uploads\/2025\/05\/ChesteMusicaPrimavera11.jpg 1181w\" sizes=\"auto, (max-width: 1024px) 100vw, 1024px\" \/><\/figure>\n\n\n\n<figure class=\"wp-block-image size-large\"><img loading=\"lazy\" decoding=\"async\" width=\"1024\" height=\"682\" data-id=\"265518\" src=\"https:\/\/www.tucomarca.com\/wordpress\/segunda\/wp-content\/uploads\/2025\/05\/ChesteMusicaPrimavera12-1024x682.jpg\" alt=\"\" class=\"wp-image-265518\" srcset=\"https:\/\/www.tucomarca.com\/wordpress\/segunda\/wp-content\/uploads\/2025\/05\/ChesteMusicaPrimavera12-1024x682.jpg 1024w, https:\/\/www.tucomarca.com\/wordpress\/segunda\/wp-content\/uploads\/2025\/05\/ChesteMusicaPrimavera12-300x200.jpg 300w, https:\/\/www.tucomarca.com\/wordpress\/segunda\/wp-content\/uploads\/2025\/05\/ChesteMusicaPrimavera12-768x512.jpg 768w, https:\/\/www.tucomarca.com\/wordpress\/segunda\/wp-content\/uploads\/2025\/05\/ChesteMusicaPrimavera12.jpg 1181w\" sizes=\"auto, (max-width: 1024px) 100vw, 1024px\" \/><\/figure>\n\n\n\n<figure class=\"wp-block-image size-large\"><img loading=\"lazy\" decoding=\"async\" width=\"1024\" height=\"682\" data-id=\"265520\" src=\"https:\/\/www.tucomarca.com\/wordpress\/segunda\/wp-content\/uploads\/2025\/05\/ChesteMusicaPrimavera13-1024x682.jpg\" alt=\"\" class=\"wp-image-265520\" srcset=\"https:\/\/www.tucomarca.com\/wordpress\/segunda\/wp-content\/uploads\/2025\/05\/ChesteMusicaPrimavera13-1024x682.jpg 1024w, https:\/\/www.tucomarca.com\/wordpress\/segunda\/wp-content\/uploads\/2025\/05\/ChesteMusicaPrimavera13-300x200.jpg 300w, https:\/\/www.tucomarca.com\/wordpress\/segunda\/wp-content\/uploads\/2025\/05\/ChesteMusicaPrimavera13-768x512.jpg 768w, https:\/\/www.tucomarca.com\/wordpress\/segunda\/wp-content\/uploads\/2025\/05\/ChesteMusicaPrimavera13.jpg 1181w\" sizes=\"auto, (max-width: 1024px) 100vw, 1024px\" \/><\/figure>\n\n\n\n<figure class=\"wp-block-image size-large\"><img loading=\"lazy\" decoding=\"async\" width=\"1024\" height=\"682\" data-id=\"265522\" src=\"https:\/\/www.tucomarca.com\/wordpress\/segunda\/wp-content\/uploads\/2025\/05\/ChesteMusicaPrimavera14-1024x682.jpg\" alt=\"\" class=\"wp-image-265522\" srcset=\"https:\/\/www.tucomarca.com\/wordpress\/segunda\/wp-content\/uploads\/2025\/05\/ChesteMusicaPrimavera14-1024x682.jpg 1024w, https:\/\/www.tucomarca.com\/wordpress\/segunda\/wp-content\/uploads\/2025\/05\/ChesteMusicaPrimavera14-300x200.jpg 300w, https:\/\/www.tucomarca.com\/wordpress\/segunda\/wp-content\/uploads\/2025\/05\/ChesteMusicaPrimavera14-768x512.jpg 768w, https:\/\/www.tucomarca.com\/wordpress\/segunda\/wp-content\/uploads\/2025\/05\/ChesteMusicaPrimavera14.jpg 1181w\" sizes=\"auto, (max-width: 1024px) 100vw, 1024px\" \/><\/figure>\n<\/figure>\n\n\n\n<p>El dissabte, 10 de maig, la regidora de Cultura, M\u00aa \u00c1ngeles Llorente, va obrir el concert de solistes de la Banda Juvenil presentant el programa de M\u00fasica a la primavera. \u201cCom sempre, hem apostat per la qualitat de les actuacions, per aix\u00f2 s&#8217;ha preparat un programa en el qual preval la varietat, l&#8217;originalitat de les propostes i la professionalitat per a oferir-los els millors espectacles musicals\u201d, explicava el regidora. \u201cEl cicle comen\u00e7a amb un dels nostres millors actius, la banda juvenil, en un concert molt especial. Gr\u00e0cies a l&#8217;Associaci\u00f3 Musical La Lira, al seu president, a la seua junta directiva, als directors, m\u00fasics i socis, per mantindre viu un dels principals actius educatius i culturals de Xest\u201d.<\/p>\n\n\n\n<p>Despr\u00e9s de la regidora va ser Tere Vidal, per part de l&#8217;Associaci\u00f3 musical La Lira, qui va presentar el concert, posant en valor la import\u00e0ncia de les bandes juvenils i destacant la traject\u00f2ria del seu director, Rub\u00e9n Albarras\u00ed. \u201cLes bandes juvenils s\u00f3n un espai meravell\u00f3s per al desenvolupament musical de joves instrumentistes, permeten als estudiants experimentar el poder de la m\u00fasica col\u00b7lectiva i desenvolupar habilitats t\u00e8cniques i expressives, forjant un sentit de comunitat i preparant-los per a fer el salt a la banda simf\u00f2nica. La banda juvenil no \u00e9s qualsevol cosa, est\u00e0 formada per 45 m\u00fasics tan extraordinaris com el poden ser els que formen la banda simf\u00f2nica. Empoderada tant com ells\u201d, explicava Vidal. \u201cRub\u00e9n \u00e9s int\u00e8rpret de tuba, s&#8217;ha format en direcci\u00f3 de bandes, ha treballat com a professor d&#8217;instrument i de llenguatge musical, i a m\u00e9s destaca en la seua faceta com a compositor\u201d.<\/p>\n\n\n\n<p>Vidal va anar presentant a cadascun dels i les solistes, explicant les obres a interpretar i una breu ressenya de les seues traject\u00f2ries amb an\u00e8cdotes personals. En finalitzar el concert van rebre tots i totes un diploma en reconeixement al seu treball.<\/p>\n\n\n\n<p><strong>Concerte Sarsuela i can\u00e7\u00f3<\/strong><\/p>\n\n\n\n<figure class=\"wp-block-image size-large\"><img loading=\"lazy\" decoding=\"async\" width=\"1024\" height=\"682\" src=\"http:\/\/www.tucomarca.com\/wordpress\/segunda\/wp-content\/uploads\/2025\/05\/ChesteMusicaPrimavera05-1024x682.jpg\" alt=\"\" class=\"wp-image-265503\" srcset=\"https:\/\/www.tucomarca.com\/wordpress\/segunda\/wp-content\/uploads\/2025\/05\/ChesteMusicaPrimavera05-1024x682.jpg 1024w, https:\/\/www.tucomarca.com\/wordpress\/segunda\/wp-content\/uploads\/2025\/05\/ChesteMusicaPrimavera05-300x200.jpg 300w, https:\/\/www.tucomarca.com\/wordpress\/segunda\/wp-content\/uploads\/2025\/05\/ChesteMusicaPrimavera05-768x512.jpg 768w, https:\/\/www.tucomarca.com\/wordpress\/segunda\/wp-content\/uploads\/2025\/05\/ChesteMusicaPrimavera05.jpg 1181w\" sizes=\"auto, (max-width: 1024px) 100vw, 1024px\" \/><\/figure>\n\n\n\n<p>El diumenge, 11 de maig, es va celebrar el concert \u201cSarsuela i can\u00e7\u00f3\u201d, amb Mario Corber\u00e1n com a tenor solista i Juan Carlos Cornelles al piano, amb tamb\u00e9 un gran acolliment per part del p\u00fablic.<\/p>\n\n\n\n<p>\u201cAquesta vesprada tenim un concert molt especial, estan amb nosaltres dos artistes de molt\u00edssima qualitat que ens faran un concert de sarsuela, alguna cosa que molta gent ve demandant des de fa temps\u201d, explicava la regidora durant la presentaci\u00f3 de l&#8217;espectacle. \u201cJuan Carlos Cornelles realitza una intensa activitat de concertista de cambra al costat de destacables instrumentistes i cantants en sales de tot el m\u00f3n. Mario Corber\u00e1n, com saben, ha realitzat importants debuts de rols principals de grans \u00f2peres, tant a nivell nacional com internacional, i ha actuat en els principals teatres i festivals emblem\u00e0tics d&#8217;Espanya i d&#8217;Europa; dem\u00e0 mateix inicia una gira amb el fantasma de l&#8217;\u00f2pera, interpretant a Piangi, per la qual cosa el felicitem encaridament i li desitgem el major dels \u00e8xits\u201d.<\/p>\n\n\n\n<p>L&#8217;espectacle va oferir un repertori amb les obres m\u00e9s importants de la sarsuela d&#8217;autors com Manuel de Falla, Joaqu\u00edn Turina, Moreno Torroba, Pablo Soroz\u00e1bal i Jos\u00e9 Serrano, entre altres, guanyant-se l&#8217;ovaci\u00f3 del p\u00fablic.<\/p>\n","protected":false},"excerpt":{"rendered":"<div class=\"mh-excerpt\">El passat cap de setmana es va inaugurar el cicle de M\u00fasica a la primavera 2025 amb el concert de solistes de la Banda Juvenil La Lira de Xest, el dissabte, i l&#8217;espectacle \u201cSarsuela i <a class=\"mh-excerpt-more\" href=\"https:\/\/www.tucomarca.com\/wordpress\/segunda\/ca\/xest-inaugura-el-cicle-musica-a-la-primavera-2025-amb-els-concerts-de-la-banda-juvenil-i-del-tenor-chestano-mario-corberan\/\" title=\"Xest inaugura el cicle M\u00fasica a la primavera 2025 amb els concerts de la Banda Juvenil i del tenor chestano Mario Corber\u00e1n\">[+] <\/a><\/div>\n","protected":false},"author":12,"featured_media":265502,"comment_status":"open","ping_status":"open","sticky":false,"template":"","format":"gallery","meta":{"footnotes":""},"categories":[11005,10894,10912,11007,10896,10974],"tags":[11071,14507,10914],"class_list":{"0":"post-265525","1":"post","2":"type-post","3":"status-publish","4":"format-gallery","5":"has-post-thumbnail","7":"category-canal-musica","8":"category-la-comarca-ca","9":"category-la-hoya-ca","10":"category-ocio-y-cultura-ca","11":"category-seccion-ca","12":"category-cheste-ca","13":"tag-cheste","14":"tag-ciclo-musica-en-primavera-ca","15":"tag-la-hoya-de-bunol-chiva-ca","16":"post_format-post-format-gallery"},"_links":{"self":[{"href":"https:\/\/www.tucomarca.com\/wordpress\/segunda\/ca\/wp-json\/wp\/v2\/posts\/265525","targetHints":{"allow":["GET"]}}],"collection":[{"href":"https:\/\/www.tucomarca.com\/wordpress\/segunda\/ca\/wp-json\/wp\/v2\/posts"}],"about":[{"href":"https:\/\/www.tucomarca.com\/wordpress\/segunda\/ca\/wp-json\/wp\/v2\/types\/post"}],"author":[{"embeddable":true,"href":"https:\/\/www.tucomarca.com\/wordpress\/segunda\/ca\/wp-json\/wp\/v2\/users\/12"}],"replies":[{"embeddable":true,"href":"https:\/\/www.tucomarca.com\/wordpress\/segunda\/ca\/wp-json\/wp\/v2\/comments?post=265525"}],"version-history":[{"count":0,"href":"https:\/\/www.tucomarca.com\/wordpress\/segunda\/ca\/wp-json\/wp\/v2\/posts\/265525\/revisions"}],"wp:featuredmedia":[{"embeddable":true,"href":"https:\/\/www.tucomarca.com\/wordpress\/segunda\/ca\/wp-json\/wp\/v2\/media\/265502"}],"wp:attachment":[{"href":"https:\/\/www.tucomarca.com\/wordpress\/segunda\/ca\/wp-json\/wp\/v2\/media?parent=265525"}],"wp:term":[{"taxonomy":"category","embeddable":true,"href":"https:\/\/www.tucomarca.com\/wordpress\/segunda\/ca\/wp-json\/wp\/v2\/categories?post=265525"},{"taxonomy":"post_tag","embeddable":true,"href":"https:\/\/www.tucomarca.com\/wordpress\/segunda\/ca\/wp-json\/wp\/v2\/tags?post=265525"}],"curies":[{"name":"wp","href":"https:\/\/api.w.org\/{rel}","templated":true}]}}