{"id":265698,"date":"2025-05-13T16:00:00","date_gmt":"2025-05-13T14:00:00","guid":{"rendered":"https:\/\/www.tucomarca.com\/wordpress\/segunda\/?p=265698"},"modified":"2025-05-14T20:31:53","modified_gmt":"2025-05-14T18:31:53","slug":"justicia-i-el-cermi-collaboraran-per-a-millorar-latencio-a-les-persones-amb-discapacitat-en-lambit-judicial-i-aconseguir-una-administracio-mes-inclusiva","status":"publish","type":"post","link":"https:\/\/www.tucomarca.com\/wordpress\/segunda\/ca\/justicia-i-el-cermi-collaboraran-per-a-millorar-latencio-a-les-persones-amb-discapacitat-en-lambit-judicial-i-aconseguir-una-administracio-mes-inclusiva\/","title":{"rendered":"Just\u00edcia i el CERMI col\u00b7laboraran per a millorar l&#8217;atenci\u00f3 a les persones amb discapacitat en l&#8217;\u00e0mbit judicial i aconseguir una Administraci\u00f3 m\u00e9s inclusiva"},"content":{"rendered":"\n<h3 class=\"wp-block-heading\">Nuria Mart\u00ednez s&#8217;ha reunit amb Luis Va\u00f1\u00f3, president de CERMI CV.<\/h3>\n\n\n\n<p>La Consellera de Just\u00edcia i Administraci\u00f3 P\u00fablica i el CERMI (Comit\u00e9 d&#8217;entitats representants de persones amb discapacitat de la Comunitat Valenciana) han acordat col\u00b7laborar per a millorar l&#8217;atenci\u00f3 a les persones amb discapacitat en l&#8217;\u00e0mbit judicial i aconseguir una Administraci\u00f3 m\u00e9s inclusiva.<\/p>\n\n\n\n<p>Aix\u00ed ho ha acordat la titular de Just\u00edcia, Nuria Mart\u00ednez, i el president del CERMI CV, Luis Va\u00f1\u00f3, durant la reuni\u00f3 que han mantingut aquest mat\u00ed, una trobada de treball en el qual s&#8217;han abordat diferents l\u00ednies d&#8217;actuaci\u00f3 conjunta.<\/p>\n\n\n\n<p>En aquesta l\u00ednia, la consellera ha subratllat que \u201cla col\u00b7laboraci\u00f3 amb CERMI \u00e9s clau per a construir una just\u00edcia verdaderament inclusiva, que pose en el centre a les persones i que respecte la seua dignitat i els seus drets en cada pas del proc\u00e9s judicial\u201d.<\/p>\n\n\n\n<figure class=\"wp-block-image size-large\"><img loading=\"lazy\" decoding=\"async\" width=\"1024\" height=\"576\" src=\"http:\/\/www.tucomarca.com\/wordpress\/segunda\/wp-content\/uploads\/2025\/05\/Justicia2-1024x576.jpg\" alt=\"\" class=\"wp-image-265695\" srcset=\"https:\/\/www.tucomarca.com\/wordpress\/segunda\/wp-content\/uploads\/2025\/05\/Justicia2-1024x576.jpg 1024w, https:\/\/www.tucomarca.com\/wordpress\/segunda\/wp-content\/uploads\/2025\/05\/Justicia2-300x169.jpg 300w, https:\/\/www.tucomarca.com\/wordpress\/segunda\/wp-content\/uploads\/2025\/05\/Justicia2-768x432.jpg 768w, https:\/\/www.tucomarca.com\/wordpress\/segunda\/wp-content\/uploads\/2025\/05\/Justicia2-1536x864.jpg 1536w, https:\/\/www.tucomarca.com\/wordpress\/segunda\/wp-content\/uploads\/2025\/05\/Justicia2-2048x1152.jpg 2048w, https:\/\/www.tucomarca.com\/wordpress\/segunda\/wp-content\/uploads\/2025\/05\/Justicia2-678x381.jpg 678w\" sizes=\"auto, (max-width: 1024px) 100vw, 1024px\" \/><\/figure>\n\n\n\n<p>Entre les principals mat\u00e8ries que s&#8217;han abordat es troba l&#8217;impuls d&#8217;un marc normatiu que garantisca un acc\u00e9s efectiu i adaptat a la just\u00edcia per a les persones amb discapacitat en col\u00b7laboraci\u00f3 amb entitats del tercer sector de la discapacitat.<\/p>\n\n\n\n<p>Aix\u00ed mateix, s&#8217;ha abordat la posada en marxa durant 2025 d&#8217;un pla dirigit als operadors jur\u00eddics de la Conselleria, centrat en el tracte adequat a les persones amb discapacitat des d&#8217;una perspectiva de drets humans i de g\u00e8nere.<\/p>\n\n\n\n<p>Tamb\u00e9 s&#8217;ha contemplat impulsar un espai estable de di\u00e0leg institucional i social, aix\u00ed com estudiar el desenvolupament d&#8217;un reglament espec\u00edfic sobre ocupaci\u00f3 p\u00fablica per a persones amb discapacitat.<\/p>\n\n\n\n<p>A m\u00e9s, totes dues parts han coincidit en la necessitat de revisar i actualitzar els protocols de l&#8217;Oficina d&#8217;Assist\u00e8ncia a V\u00edctimes del Delicte (OVAD) per a garantir una atenci\u00f3 integral, adaptada i sensible a les necessitats espec\u00edfiques de les v\u00edctimes amb discapacitat.<\/p>\n\n\n\n<p>\u201cRevisar els protocols d&#8217;atenci\u00f3 en les oficines de v\u00edctimes del delicte \u00e9s una prioritat si volem oferir una just\u00edcia que escolte, entenga i protegisca a totes les persones per igual, especialment als qui poden trobar-se en una situaci\u00f3 de major vulnerabilitat\u201d, ha assenyalat Mart\u00ednez.<\/p>\n\n\n\n<p>En el marc d&#8217;aquest comprom\u00eds, la responsable del departament de Just\u00edcia de la Generalitat ha recordat tamb\u00e9 que la Conselleria est\u00e0 treballant a facilitar que parts, perits i testimonis puguen compar\u00e9ixer per videoconfer\u00e8ncia des dels Jutjats de pau dels seus respectius municipis, evitant despla\u00e7aments innecessaris.<\/p>\n\n\n\n<p>\u201cVolem acostar la just\u00edcia a la ciutadania. Apostem per una just\u00edcia de proximitat que elimine barreres f\u00edsiques i administratives, i que situe la igualtat d&#8217;oportunitats com a eix vertebrador de tota l&#8217;acci\u00f3 p\u00fablica\u201d, ha posat l&#8217;accent la consellera.<\/p>\n","protected":false},"excerpt":{"rendered":"<div class=\"mh-excerpt\">Nuria Mart\u00ednez s&#8217;ha reunit amb Luis Va\u00f1\u00f3, president de CERMI CV. La Consellera de Just\u00edcia i Administraci\u00f3 P\u00fablica i el CERMI (Comit\u00e9 d&#8217;entitats representants de persones amb discapacitat de la Comunitat Valenciana) han acordat col\u00b7laborar <a class=\"mh-excerpt-more\" href=\"https:\/\/www.tucomarca.com\/wordpress\/segunda\/ca\/justicia-i-el-cermi-collaboraran-per-a-millorar-latencio-a-les-persones-amb-discapacitat-en-lambit-judicial-i-aconseguir-una-administracio-mes-inclusiva\/\" title=\"Just\u00edcia i el CERMI col\u00b7laboraran per a millorar l&#8217;atenci\u00f3 a les persones amb discapacitat en l&#8217;\u00e0mbit judicial i aconseguir una Administraci\u00f3 m\u00e9s inclusiva\">[+] <\/a><\/div>\n","protected":false},"author":12,"featured_media":265694,"comment_status":"open","ping_status":"open","sticky":false,"template":"","format":"standard","meta":{"footnotes":""},"categories":[10898,10948,10894,10904,10947,10896],"tags":[22344,15050,13382],"class_list":{"0":"post-265698","1":"post","2":"type-post","3":"status-publish","4":"format-standard","5":"has-post-thumbnail","7":"category-ventana-ca","8":"category-infraestructuras-ca","9":"category-la-comarca-ca","10":"category-sin-categorizar-ca","11":"category-politica","12":"category-seccion-ca","13":"tag-cermi-ca","14":"tag-conselleria-de-justicia-ca","15":"tag-discapacidad-ca"},"_links":{"self":[{"href":"https:\/\/www.tucomarca.com\/wordpress\/segunda\/ca\/wp-json\/wp\/v2\/posts\/265698","targetHints":{"allow":["GET"]}}],"collection":[{"href":"https:\/\/www.tucomarca.com\/wordpress\/segunda\/ca\/wp-json\/wp\/v2\/posts"}],"about":[{"href":"https:\/\/www.tucomarca.com\/wordpress\/segunda\/ca\/wp-json\/wp\/v2\/types\/post"}],"author":[{"embeddable":true,"href":"https:\/\/www.tucomarca.com\/wordpress\/segunda\/ca\/wp-json\/wp\/v2\/users\/12"}],"replies":[{"embeddable":true,"href":"https:\/\/www.tucomarca.com\/wordpress\/segunda\/ca\/wp-json\/wp\/v2\/comments?post=265698"}],"version-history":[{"count":0,"href":"https:\/\/www.tucomarca.com\/wordpress\/segunda\/ca\/wp-json\/wp\/v2\/posts\/265698\/revisions"}],"wp:featuredmedia":[{"embeddable":true,"href":"https:\/\/www.tucomarca.com\/wordpress\/segunda\/ca\/wp-json\/wp\/v2\/media\/265694"}],"wp:attachment":[{"href":"https:\/\/www.tucomarca.com\/wordpress\/segunda\/ca\/wp-json\/wp\/v2\/media?parent=265698"}],"wp:term":[{"taxonomy":"category","embeddable":true,"href":"https:\/\/www.tucomarca.com\/wordpress\/segunda\/ca\/wp-json\/wp\/v2\/categories?post=265698"},{"taxonomy":"post_tag","embeddable":true,"href":"https:\/\/www.tucomarca.com\/wordpress\/segunda\/ca\/wp-json\/wp\/v2\/tags?post=265698"}],"curies":[{"name":"wp","href":"https:\/\/api.w.org\/{rel}","templated":true}]}}