{"id":265727,"date":"2025-05-14T10:00:00","date_gmt":"2025-05-14T08:00:00","guid":{"rendered":"https:\/\/www.tucomarca.com\/wordpress\/segunda\/?p=265727"},"modified":"2025-05-14T20:15:03","modified_gmt":"2025-05-14T18:15:03","slug":"el-consell-aprova-que-llombai-dispose-dun-caixer-punt-labora-per-a-latencio-a-les-persones-desocupades","status":"publish","type":"post","link":"https:\/\/www.tucomarca.com\/wordpress\/segunda\/ca\/el-consell-aprova-que-llombai-dispose-dun-caixer-punt-labora-per-a-latencio-a-les-persones-desocupades\/","title":{"rendered":"El Consell aprova que Llombai dispose d&#8217;un caixer Punt Labora per a l&#8217;atenci\u00f3 a les persones desocupades"},"content":{"rendered":"\n<h3 class=\"wp-block-heading\">A trav\u00e9s d&#8217;aquests terminals s&#8217;ofereixen serveis com la inscripci\u00f3 o la renovaci\u00f3 de la demanda d&#8217;ocupaci\u00f3, la matriculaci\u00f3 en cursos de formaci\u00f3 o la sol\u00b7licitud de llocs de treball.<\/h3>\n\n\n\n<p>El Ple del Consell ha aprovat el conveni de col\u00b7laboraci\u00f3 entre la Conselleria d&#8217;Educaci\u00f3, Cultura, Universitats i Ocupaci\u00f3, a trav\u00e9s de Labora, i l&#8217;Ajuntament de Llombai perqu\u00e8 aquest municipi dispose d&#8217;un caixer Punt Labora.<\/p>\n\n\n\n<p>Aquest terminal permetr\u00e0 que les persones residents de Llombai puguen realitzar els tr\u00e0mits habituals davant el Servici Valenci\u00e0 d&#8217;Ocupaci\u00f3 i Formaci\u00f3, de manera telem\u00e0tica sense necessitat de despla\u00e7ar-se als centres d&#8217;ocupaci\u00f3 Labora.<\/p>\n\n\n\n<p>A trav\u00e9s d&#8217;aquest servei, les persones sense acc\u00e9s a internet podran inscriure&#8217;s o renovar la seua demanda d&#8217;ocupaci\u00f3 en Labora, rebre orientaci\u00f3 laboral personalitzada, matricular-se en multitud de cursos de formaci\u00f3, aix\u00ed com explorar i sol\u00b7licitar llocs de treball que puguen ser del seu inter\u00e9s.<\/p>\n\n\n\n<p>El conveni, que tindr\u00e0 una vig\u00e8ncia de 4 anys, prorrogables quatre anys m\u00e9s, promou la cohesi\u00f3 territorial, l&#8217;acostament de l&#8217;administraci\u00f3 als ciutadans i la igualtat d&#8217;acc\u00e9s als serveis p\u00fablics.<\/p>\n","protected":false},"excerpt":{"rendered":"<div class=\"mh-excerpt\">A trav\u00e9s d&#8217;aquests terminals s&#8217;ofereixen serveis com la inscripci\u00f3 o la renovaci\u00f3 de la demanda d&#8217;ocupaci\u00f3, la matriculaci\u00f3 en cursos de formaci\u00f3 o la sol\u00b7licitud de llocs de treball. El Ple del Consell ha aprovat <a class=\"mh-excerpt-more\" href=\"https:\/\/www.tucomarca.com\/wordpress\/segunda\/ca\/el-consell-aprova-que-llombai-dispose-dun-caixer-punt-labora-per-a-latencio-a-les-persones-desocupades\/\" title=\"El Consell aprova que Llombai dispose d&#8217;un caixer Punt Labora per a l&#8217;atenci\u00f3 a les persones desocupades\">[+] <\/a><\/div>\n","protected":false},"author":12,"featured_media":148122,"comment_status":"open","ping_status":"open","sticky":false,"template":"","format":"standard","meta":{"footnotes":""},"categories":[10898,10948,10894,10902,10997,10947,10896],"tags":[11498,11501,22350,11356],"class_list":{"0":"post-265727","1":"post","2":"type-post","3":"status-publish","4":"format-standard","5":"has-post-thumbnail","7":"category-ventana-ca","8":"category-infraestructuras-ca","9":"category-la-comarca-ca","10":"category-la-ribera-ca","11":"category-llombai-ca","12":"category-politica","13":"category-seccion-ca","14":"tag-generalitat-valenciana-ca","15":"tag-llombai-ca","16":"tag-punt-labora-ca","17":"tag-ribera-alta-ca"},"_links":{"self":[{"href":"https:\/\/www.tucomarca.com\/wordpress\/segunda\/ca\/wp-json\/wp\/v2\/posts\/265727","targetHints":{"allow":["GET"]}}],"collection":[{"href":"https:\/\/www.tucomarca.com\/wordpress\/segunda\/ca\/wp-json\/wp\/v2\/posts"}],"about":[{"href":"https:\/\/www.tucomarca.com\/wordpress\/segunda\/ca\/wp-json\/wp\/v2\/types\/post"}],"author":[{"embeddable":true,"href":"https:\/\/www.tucomarca.com\/wordpress\/segunda\/ca\/wp-json\/wp\/v2\/users\/12"}],"replies":[{"embeddable":true,"href":"https:\/\/www.tucomarca.com\/wordpress\/segunda\/ca\/wp-json\/wp\/v2\/comments?post=265727"}],"version-history":[{"count":0,"href":"https:\/\/www.tucomarca.com\/wordpress\/segunda\/ca\/wp-json\/wp\/v2\/posts\/265727\/revisions"}],"wp:featuredmedia":[{"embeddable":true,"href":"https:\/\/www.tucomarca.com\/wordpress\/segunda\/ca\/wp-json\/wp\/v2\/media\/148122"}],"wp:attachment":[{"href":"https:\/\/www.tucomarca.com\/wordpress\/segunda\/ca\/wp-json\/wp\/v2\/media?parent=265727"}],"wp:term":[{"taxonomy":"category","embeddable":true,"href":"https:\/\/www.tucomarca.com\/wordpress\/segunda\/ca\/wp-json\/wp\/v2\/categories?post=265727"},{"taxonomy":"post_tag","embeddable":true,"href":"https:\/\/www.tucomarca.com\/wordpress\/segunda\/ca\/wp-json\/wp\/v2\/tags?post=265727"}],"curies":[{"name":"wp","href":"https:\/\/api.w.org\/{rel}","templated":true}]}}